{"id":1012,"date":"2015-10-16T10:19:25","date_gmt":"2015-10-16T10:19:25","guid":{"rendered":"http:\/\/dpsniemojowice.pl\/2021\/?p=1012"},"modified":"2015-10-19T10:20:53","modified_gmt":"2015-10-19T10:20:53","slug":"37-rocznica-pontyfikatu-jana-pawla-ii","status":"publish","type":"post","link":"https:\/\/dpsniemojowice.pl\/2021\/aktualnosci\/37-rocznica-pontyfikatu-jana-pawla-ii\/","title":{"rendered":"37 rocznica Pontyfikatu Jana Paw\u0142a II"},"content":{"rendered":"<p style=\"text-align: justify;\">W dniu 16 pa\u017adziernika 2015r. mieszka\u0144cy chc\u0105c uczci\u0107 pami\u0119\u0107 z racji ju\u017c 37. Rocznicy Pontyfikatu Jana Paw\u0142a II pod okiem instruktor\u00f3w terapii zaj\u0119ciowej odczytali kr\u00f3tkie wspomnienie zawieraj\u0105ce najwa\u017cniejsze informacje z \u017cycia Karola Wojty\u0142y.<!--more--> W jaki spos\u00f3b potoczy\u0142o si\u0119 Jego \u017cycie, jak zosta\u0142 wybrany na Stolic\u0119 Piotrow\u0105, a tak\u017ce na pos\u0142ug\u0119 dla wszystkich ludzi z ca\u0142ego \u015bwiata. Nast\u0119pnie mieszka\u0144cy zebrani w Kaplicy Domu od\u015bpiewali pie\u015b\u0144 bardzo lubian\u0105 przez samego Papie\u017ca tj. \u201eBarka\u201d.<\/p>\n<p>Na zako\u0144czenie uczestnicy pomodlili si\u0119 za Papie\u017ca &#8211; rodaka odmawiaj\u0105c Koronk\u0119 do Mi\u0142osierdzia Bo\u017cego i \u015bpiewaj\u0105c liczne pie\u015bni.<\/p>\n<p>Ze wzruszeniem wszyscy rozeszli si\u0119 do dalszych zaplanowanych zaj\u0119\u0107.<\/p>\n            \n\t\t<div class=\"ngg-gallery-singlepic-image \" style=\"\">\n\t\t\t    \t<a href=\"https:\/\/dpsniemojowice.pl\/2021\/wp-content\/gallery\/37-rocznica-pontyfikatu-jana-pawla-ii\/dsc06351.jpg\"\n\t\t     title=\"\"\n             data-src=\"https:\/\/dpsniemojowice.pl\/2021\/wp-content\/gallery\/37-rocznica-pontyfikatu-jana-pawla-ii\/dsc06351.jpg\"\n             data-thumbnail=\"https:\/\/dpsniemojowice.pl\/2021\/wp-content\/gallery\/37-rocznica-pontyfikatu-jana-pawla-ii\/thumbs\/thumbs_dsc06351.jpg\"\n             data-image-id=\"440\"\n             data-title=\"dsc06351\"\n             data-description=\"\"\n             target='_self'\n             class=\"shutterset_ae9de787833996b7cc1a290712df1909\">\n            <img class=\"ngg-singlepic\"\n             src=\"https:\/\/dpsniemojowice.pl\/2021\/nextgen-image\/440\/0x0x100\/d4c9b8b16fe6c7f46bef1456fe7db0cd\"\n             alt=\"dsc06351\"\n             title=\"dsc06351\"\n                           \/>\n    \t<\/a>\n\t\t      <\/div>\n        \n            \n\t\t<div class=\"ngg-gallery-singlepic-image \" style=\"\">\n\t\t\t    \t<a href=\"https:\/\/dpsniemojowice.pl\/2021\/wp-content\/gallery\/37-rocznica-pontyfikatu-jana-pawla-ii\/dsc06358.jpg\"\n\t\t     title=\"\"\n             data-src=\"https:\/\/dpsniemojowice.pl\/2021\/wp-content\/gallery\/37-rocznica-pontyfikatu-jana-pawla-ii\/dsc06358.jpg\"\n             data-thumbnail=\"https:\/\/dpsniemojowice.pl\/2021\/wp-content\/gallery\/37-rocznica-pontyfikatu-jana-pawla-ii\/thumbs\/thumbs_dsc06358.jpg\"\n             data-image-id=\"441\"\n             data-title=\"dsc06358\"\n             data-description=\"\"\n             target='_self'\n             class=\"shutterset_1b5392f4d6bc82fdeded796538bdca79\">\n            <img class=\"ngg-singlepic\"\n             src=\"https:\/\/dpsniemojowice.pl\/2021\/nextgen-image\/441\/0x0x100\/266f491e6cf1146ee5b437038b02a2c9\"\n             alt=\"dsc06358\"\n             title=\"dsc06358\"\n                           \/>\n    \t<\/a>\n\t\t      <\/div>\n        \n","protected":false},"excerpt":{"rendered":"<p>W dniu 16 pa\u017adziernika 2015r. mieszka\u0144cy chc\u0105c uczci\u0107 pami\u0119\u0107 z racji ju\u017c 37. Rocznicy Pontyfikatu Jana Paw\u0142a II pod okiem instruktor\u00f3w terapii zaj\u0119ciowej odczytali kr\u00f3tkie wspomnienie zawieraj\u0105ce najwa\u017cniejsze informacje z \u017cycia Karola Wojty\u0142y.<\/p>\n","protected":false},"author":1,"featured_media":1019,"comment_status":"open","ping_status":"open","sticky":false,"template":"","format":"standard","meta":{"ngg_post_thumbnail":0},"categories":[1],"tags":[],"_links":{"self":[{"href":"https:\/\/dpsniemojowice.pl\/2021\/wp-json\/wp\/v2\/posts\/1012"}],"collection":[{"href":"https:\/\/dpsniemojowice.pl\/2021\/wp-json\/wp\/v2\/posts"}],"about":[{"href":"https:\/\/dpsniemojowice.pl\/2021\/wp-json\/wp\/v2\/types\/post"}],"author":[{"embeddable":true,"href":"https:\/\/dpsniemojowice.pl\/2021\/wp-json\/wp\/v2\/users\/1"}],"replies":[{"embeddable":true,"href":"https:\/\/dpsniemojowice.pl\/2021\/wp-json\/wp\/v2\/comments?post=1012"}],"version-history":[{"count":3,"href":"https:\/\/dpsniemojowice.pl\/2021\/wp-json\/wp\/v2\/posts\/1012\/revisions"}],"predecessor-version":[{"id":1020,"href":"https:\/\/dpsniemojowice.pl\/2021\/wp-json\/wp\/v2\/posts\/1012\/revisions\/1020"}],"wp:featuredmedia":[{"embeddable":true,"href":"https:\/\/dpsniemojowice.pl\/2021\/wp-json\/wp\/v2\/media\/1019"}],"wp:attachment":[{"href":"https:\/\/dpsniemojowice.pl\/2021\/wp-json\/wp\/v2\/media?parent=1012"}],"wp:term":[{"taxonomy":"category","embeddable":true,"href":"https:\/\/dpsniemojowice.pl\/2021\/wp-json\/wp\/v2\/categories?post=1012"},{"taxonomy":"post_tag","embeddable":true,"href":"https:\/\/dpsniemojowice.pl\/2021\/wp-json\/wp\/v2\/tags?post=1012"}],"curies":[{"name":"wp","href":"https:\/\/api.w.org\/{rel}","templated":true}]}}