{"id":1021,"date":"2015-10-20T19:30:44","date_gmt":"2015-10-20T19:30:44","guid":{"rendered":"http:\/\/dpsniemojowice.pl\/2021\/?p=1021"},"modified":"2015-10-22T19:39:53","modified_gmt":"2015-10-22T19:39:53","slug":"dzien-papieski","status":"publish","type":"post","link":"https:\/\/dpsniemojowice.pl\/2021\/aktualnosci\/dzien-papieski\/","title":{"rendered":"DZIE\u0143 PAPIESKI"},"content":{"rendered":"<p style=\"text-align: justify;\" align=\"JUSTIFY\">Bardzo mi\u0142\u0105 niespodziank\u0119 w dniu 20.10.15r. zrobi\u0142a m\u0142odzie\u017c z Gimnazjum z \u017barnowa, odwiedzaj\u0105c naszych Mieszka\u0144c\u00f3w z programem s\u0142owno-muzycznym po\u015bwi\u0119conym \u015aw. Janowi Paw\u0142owi II.<!--more--> Przy akompaniamencie gitary za\u015bpiewa\u0142a m.in. takie utwory jak \u201e\u015awiat\u0142o\u015b\u0107 dnia\u201d, \u201eMoje serce si\u0119 w tobie zakocha\u0142o\u201d oraz wsp\u00f3lnie z Mieszka\u0144cami \u201eBark\u0119\u201d. Podczas wyst\u0119pu zosta\u0142y przytoczone fakty z \u017cycia oraz drogi do \u015bwi\u0119to\u015bci naszego Papie\u017ca, a tak\u017ce podkre\u015blony by\u0142 fakt mi\u0142o\u015bci Jana Paw\u0142a II do ludzi i na\u015bladowania go.<\/p>\n<p align=\"JUSTIFY\">Pami\u0105tkowy prezent nawi\u0105zuj\u0105cy do dzisiejszego programu artystycznego, w postaci szkicu wykonanego przez ucznia tej\u017ce szko\u0142y, ozdobi pok\u00f3j dzienny Domu.<\/p>\n<p align=\"JUSTIFY\">Po udanym i wzruszaj\u0105cym wyst\u0119pie m\u0142odzie\u017c odwiedza\u0142a Mieszka\u0144c\u00f3w w ich pokojach i rozmawia\u0142a oraz \u015bpiewa\u0142a wsp\u00f3lnie z nimi znane pie\u015bni religijne.<\/p>\n<p align=\"JUSTIFY\">Bardzo dzi\u0119kujemy za pami\u0119\u0107!!!<\/p>\n<p align=\"JUSTIFY\">            \n\t\t<div class=\"ngg-gallery-singlepic-image \" style=\"\">\n\t\t\t    \t<a href=\"https:\/\/dpsniemojowice.pl\/2021\/wp-content\/gallery\/dzien-papieski\/dsc06370.jpg\"\n\t\t     title=\"\"\n             data-src=\"https:\/\/dpsniemojowice.pl\/2021\/wp-content\/gallery\/dzien-papieski\/dsc06370.jpg\"\n             data-thumbnail=\"https:\/\/dpsniemojowice.pl\/2021\/wp-content\/gallery\/dzien-papieski\/thumbs\/thumbs_dsc06370.jpg\"\n             data-image-id=\"442\"\n             data-title=\"dsc06370\"\n             data-description=\"\"\n             target='_self'\n             class=\"shutterset_2c43ac353b6260551445ed37265510f6\">\n            <img class=\"ngg-singlepic\"\n             src=\"https:\/\/dpsniemojowice.pl\/2021\/nextgen-image\/442\/0x0x100\/926c23a7c6c68f62b6ccec6a779e1fb9\"\n             alt=\"dsc06370\"\n             title=\"dsc06370\"\n                           \/>\n    \t<\/a>\n\t\t      <\/div>\n        <\/p>\n<p align=\"JUSTIFY\">            \n\t\t<div class=\"ngg-gallery-singlepic-image \" style=\"\">\n\t\t\t    \t<a href=\"https:\/\/dpsniemojowice.pl\/2021\/wp-content\/gallery\/dzien-papieski\/dsc06376.jpg\"\n\t\t     title=\"\"\n             data-src=\"https:\/\/dpsniemojowice.pl\/2021\/wp-content\/gallery\/dzien-papieski\/dsc06376.jpg\"\n             data-thumbnail=\"https:\/\/dpsniemojowice.pl\/2021\/wp-content\/gallery\/dzien-papieski\/thumbs\/thumbs_dsc06376.jpg\"\n             data-image-id=\"443\"\n             data-title=\"dsc06376\"\n             data-description=\"\"\n             target='_self'\n             class=\"shutterset_4506f77e1b0a6911a8c92d39877bab38\">\n            <img class=\"ngg-singlepic\"\n             src=\"https:\/\/dpsniemojowice.pl\/2021\/nextgen-image\/443\/0x0x100\/4b5a588a8fbcdec36a0d7d3e92027a50\"\n             alt=\"dsc06376\"\n             title=\"dsc06376\"\n                           \/>\n    \t<\/a>\n\t\t      <\/div>\n        <\/p>\n<p align=\"JUSTIFY\">            \n\t\t<div class=\"ngg-gallery-singlepic-image \" style=\"\">\n\t\t\t    \t<a href=\"https:\/\/dpsniemojowice.pl\/2021\/wp-content\/gallery\/dzien-papieski\/dsc06382.jpg\"\n\t\t     title=\"\"\n             data-src=\"https:\/\/dpsniemojowice.pl\/2021\/wp-content\/gallery\/dzien-papieski\/dsc06382.jpg\"\n             data-thumbnail=\"https:\/\/dpsniemojowice.pl\/2021\/wp-content\/gallery\/dzien-papieski\/thumbs\/thumbs_dsc06382.jpg\"\n             data-image-id=\"444\"\n             data-title=\"dsc06382\"\n             data-description=\"\"\n             target='_self'\n             class=\"shutterset_be07a2963687959036114a47a172db45\">\n            <img class=\"ngg-singlepic\"\n             src=\"https:\/\/dpsniemojowice.pl\/2021\/nextgen-image\/444\/0x0x100\/5bd432c440d5496cd6f48f0b3003c026\"\n             alt=\"dsc06382\"\n             title=\"dsc06382\"\n                           \/>\n    \t<\/a>\n\t\t      <\/div>\n        <\/p>\n<p align=\"JUSTIFY\">            \n\t\t<div class=\"ngg-gallery-singlepic-image \" style=\"\">\n\t\t\t    \t<a href=\"https:\/\/dpsniemojowice.pl\/2021\/wp-content\/gallery\/dzien-papieski\/dsc06392.jpg\"\n\t\t     title=\"\"\n             data-src=\"https:\/\/dpsniemojowice.pl\/2021\/wp-content\/gallery\/dzien-papieski\/dsc06392.jpg\"\n             data-thumbnail=\"https:\/\/dpsniemojowice.pl\/2021\/wp-content\/gallery\/dzien-papieski\/thumbs\/thumbs_dsc06392.jpg\"\n             data-image-id=\"445\"\n             data-title=\"dsc06392\"\n             data-description=\"\"\n             target='_self'\n             class=\"shutterset_674fa670216e9bc5c0bb11d070abb34b\">\n            <img class=\"ngg-singlepic\"\n             src=\"https:\/\/dpsniemojowice.pl\/2021\/nextgen-image\/445\/0x0x100\/9b3963ffb005b231bc37515b9ae39175\"\n             alt=\"dsc06392\"\n             title=\"dsc06392\"\n                           \/>\n    \t<\/a>\n\t\t      <\/div>\n        <\/p>\n","protected":false},"excerpt":{"rendered":"<p>Bardzo mi\u0142\u0105 niespodziank\u0119 w dniu 20.10.15r. zrobi\u0142a m\u0142odzie\u017c z Gimnazjum z \u017barnowa, odwiedzaj\u0105c naszych Mieszka\u0144c\u00f3w z programem s\u0142owno-muzycznym po\u015bwi\u0119conym \u015aw. Janowi Paw\u0142owi II.<\/p>\n","protected":false},"author":1,"featured_media":1027,"comment_status":"open","ping_status":"open","sticky":false,"template":"","format":"standard","meta":{"ngg_post_thumbnail":0},"categories":[1],"tags":[],"_links":{"self":[{"href":"https:\/\/dpsniemojowice.pl\/2021\/wp-json\/wp\/v2\/posts\/1021"}],"collection":[{"href":"https:\/\/dpsniemojowice.pl\/2021\/wp-json\/wp\/v2\/posts"}],"about":[{"href":"https:\/\/dpsniemojowice.pl\/2021\/wp-json\/wp\/v2\/types\/post"}],"author":[{"embeddable":true,"href":"https:\/\/dpsniemojowice.pl\/2021\/wp-json\/wp\/v2\/users\/1"}],"replies":[{"embeddable":true,"href":"https:\/\/dpsniemojowice.pl\/2021\/wp-json\/wp\/v2\/comments?post=1021"}],"version-history":[{"count":5,"href":"https:\/\/dpsniemojowice.pl\/2021\/wp-json\/wp\/v2\/posts\/1021\/revisions"}],"predecessor-version":[{"id":1032,"href":"https:\/\/dpsniemojowice.pl\/2021\/wp-json\/wp\/v2\/posts\/1021\/revisions\/1032"}],"wp:featuredmedia":[{"embeddable":true,"href":"https:\/\/dpsniemojowice.pl\/2021\/wp-json\/wp\/v2\/media\/1027"}],"wp:attachment":[{"href":"https:\/\/dpsniemojowice.pl\/2021\/wp-json\/wp\/v2\/media?parent=1021"}],"wp:term":[{"taxonomy":"category","embeddable":true,"href":"https:\/\/dpsniemojowice.pl\/2021\/wp-json\/wp\/v2\/categories?post=1021"},{"taxonomy":"post_tag","embeddable":true,"href":"https:\/\/dpsniemojowice.pl\/2021\/wp-json\/wp\/v2\/tags?post=1021"}],"curies":[{"name":"wp","href":"https:\/\/api.w.org\/{rel}","templated":true}]}}