{"id":1043,"date":"2015-11-05T09:28:24","date_gmt":"2015-11-05T09:28:24","guid":{"rendered":"http:\/\/dpsniemojowice.pl\/2021\/?p=1043"},"modified":"2015-11-09T14:01:06","modified_gmt":"2015-11-09T14:01:06","slug":"xviii-festiwal-sztuk-wszelakich-w-lodzi","status":"publish","type":"post","link":"https:\/\/dpsniemojowice.pl\/2021\/aktualnosci\/xviii-festiwal-sztuk-wszelakich-w-lodzi\/","title":{"rendered":"XVIII FESTIWAL SZTUK WSZELAKICH W \u0141ODZI"},"content":{"rendered":"<p style=\"text-align: justify;\" align=\"JUSTIFY\">W dniu 5.11.2015r. grupa teatralno- muzyczna \u201eCzarno to widz\u0119\u201d ju\u017c po raz drugi reprezentowa\u0142a Nasz dom w XVIII Festiwalu Sztuk Wszelakich Os\u00f3b Niepe\u0142nosprawnych w \u0141odzi. <!--more-->Grupa wyst\u0105pi\u0142a w skeczu pt. \u201eSzansa na sukces\u201d, kt\u00f3ry spotka\u0142 si\u0119 z du\u017cym aplauzem. Piosenki wy\u015bpiewane w przedstawieniu \u201eporwa\u0142y\u201d widz\u00f3w do ta\u0144ca, a naszym wyst\u0119puj\u0105cym przynios\u0142y wielk\u0105 rado\u015b\u0107. Ka\u017cda z grup po przedstawieniu programu artystycznego otrzyma\u0142a pami\u0105tk\u0119 oraz upominek.<\/p>\n<p style=\"text-align: justify;\" align=\"JUSTIFY\">Po wyst\u0119pach mieszka\u0144cy udali si\u0119 na s\u0142odki pocz\u0119stunek, po kt\u00f3rym wr\u00f3cili do Domu.<\/p>\n<p align=\"JUSTIFY\">Serdecznie dzi\u0119kujemy organizatorom za zaproszenie.<\/p>\n<p align=\"JUSTIFY\">            \n\t\t<div class=\"ngg-gallery-singlepic-image \" style=\"\">\n\t\t\t    \t<a href=\"https:\/\/dpsniemojowice.pl\/2021\/wp-content\/gallery\/xviii-festiwal-sztuk-wszelakich-w-lodzi\/dsc06434.jpg\"\n\t\t     title=\"\"\n             data-src=\"https:\/\/dpsniemojowice.pl\/2021\/wp-content\/gallery\/xviii-festiwal-sztuk-wszelakich-w-lodzi\/dsc06434.jpg\"\n             data-thumbnail=\"https:\/\/dpsniemojowice.pl\/2021\/wp-content\/gallery\/xviii-festiwal-sztuk-wszelakich-w-lodzi\/thumbs\/thumbs_dsc06434.jpg\"\n             data-image-id=\"449\"\n             data-title=\"dsc06434\"\n             data-description=\"\"\n             target='_self'\n             class=\"shutterset_a687d5cc16872fd9b309f25da15aea96\">\n            <img class=\"ngg-singlepic\"\n             src=\"https:\/\/dpsniemojowice.pl\/2021\/nextgen-image\/449\/0x0x100\/8b3437f6cacd181aed70e66c23224060\"\n             alt=\"dsc06434\"\n             title=\"dsc06434\"\n                           \/>\n    \t<\/a>\n\t\t      <\/div>\n        <\/p>\n<p align=\"JUSTIFY\">            \n\t\t<div class=\"ngg-gallery-singlepic-image \" style=\"\">\n\t\t\t    \t<a href=\"https:\/\/dpsniemojowice.pl\/2021\/wp-content\/gallery\/xviii-festiwal-sztuk-wszelakich-w-lodzi\/dsc06445.jpg\"\n\t\t     title=\"\"\n             data-src=\"https:\/\/dpsniemojowice.pl\/2021\/wp-content\/gallery\/xviii-festiwal-sztuk-wszelakich-w-lodzi\/dsc06445.jpg\"\n             data-thumbnail=\"https:\/\/dpsniemojowice.pl\/2021\/wp-content\/gallery\/xviii-festiwal-sztuk-wszelakich-w-lodzi\/thumbs\/thumbs_dsc06445.jpg\"\n             data-image-id=\"450\"\n             data-title=\"dsc06445\"\n             data-description=\"\"\n             target='_self'\n             class=\"shutterset_39d7235ed507d02030d8b70705231c16\">\n            <img class=\"ngg-singlepic\"\n             src=\"https:\/\/dpsniemojowice.pl\/2021\/nextgen-image\/450\/0x0x100\/9951b676cef7363c7f1ae237ba15a291\"\n             alt=\"dsc06445\"\n             title=\"dsc06445\"\n                           \/>\n    \t<\/a>\n\t\t      <\/div>\n        <\/p>\n<p align=\"JUSTIFY\">            \n\t\t<div class=\"ngg-gallery-singlepic-image \" style=\"\">\n\t\t\t    \t<a href=\"https:\/\/dpsniemojowice.pl\/2021\/wp-content\/gallery\/xviii-festiwal-sztuk-wszelakich-w-lodzi\/dsc06452.jpg\"\n\t\t     title=\"\"\n             data-src=\"https:\/\/dpsniemojowice.pl\/2021\/wp-content\/gallery\/xviii-festiwal-sztuk-wszelakich-w-lodzi\/dsc06452.jpg\"\n             data-thumbnail=\"https:\/\/dpsniemojowice.pl\/2021\/wp-content\/gallery\/xviii-festiwal-sztuk-wszelakich-w-lodzi\/thumbs\/thumbs_dsc06452.jpg\"\n             data-image-id=\"451\"\n             data-title=\"dsc06452\"\n             data-description=\"\"\n             target='_self'\n             class=\"shutterset_ce2150aaa835bda490f7743ea7957ade\">\n            <img class=\"ngg-singlepic\"\n             src=\"https:\/\/dpsniemojowice.pl\/2021\/nextgen-image\/451\/0x0x100\/d5237abb8d8dd160f8b26b72aaf56619\"\n             alt=\"dsc06452\"\n             title=\"dsc06452\"\n                           \/>\n    \t<\/a>\n\t\t      <\/div>\n        <\/p>\n<p align=\"JUSTIFY\">            \n\t\t<div class=\"ngg-gallery-singlepic-image \" style=\"\">\n\t\t\t    \t<a href=\"https:\/\/dpsniemojowice.pl\/2021\/wp-content\/gallery\/xviii-festiwal-sztuk-wszelakich-w-lodzi\/dsc06462.jpg\"\n\t\t     title=\"\"\n             data-src=\"https:\/\/dpsniemojowice.pl\/2021\/wp-content\/gallery\/xviii-festiwal-sztuk-wszelakich-w-lodzi\/dsc06462.jpg\"\n             data-thumbnail=\"https:\/\/dpsniemojowice.pl\/2021\/wp-content\/gallery\/xviii-festiwal-sztuk-wszelakich-w-lodzi\/thumbs\/thumbs_dsc06462.jpg\"\n             data-image-id=\"452\"\n             data-title=\"dsc06462\"\n             data-description=\"\"\n             target='_self'\n             class=\"shutterset_bd9d95daf3aa6d6bce59b227b744fedd\">\n            <img class=\"ngg-singlepic\"\n             src=\"https:\/\/dpsniemojowice.pl\/2021\/nextgen-image\/452\/0x0x100\/51ef2728616cbd504d52b4f15052547b\"\n             alt=\"dsc06462\"\n             title=\"dsc06462\"\n                           \/>\n    \t<\/a>\n\t\t      <\/div>\n        <\/p>\n","protected":false},"excerpt":{"rendered":"<p>W dniu 5.11.2015r. grupa teatralno- muzyczna \u201eCzarno to widz\u0119\u201d ju\u017c po raz drugi reprezentowa\u0142a Nasz dom w XVIII Festiwalu Sztuk Wszelakich Os\u00f3b Niepe\u0142nosprawnych w \u0141odzi.<\/p>\n","protected":false},"author":1,"featured_media":1046,"comment_status":"open","ping_status":"open","sticky":false,"template":"","format":"standard","meta":{"ngg_post_thumbnail":0},"categories":[1],"tags":[],"_links":{"self":[{"href":"https:\/\/dpsniemojowice.pl\/2021\/wp-json\/wp\/v2\/posts\/1043"}],"collection":[{"href":"https:\/\/dpsniemojowice.pl\/2021\/wp-json\/wp\/v2\/posts"}],"about":[{"href":"https:\/\/dpsniemojowice.pl\/2021\/wp-json\/wp\/v2\/types\/post"}],"author":[{"embeddable":true,"href":"https:\/\/dpsniemojowice.pl\/2021\/wp-json\/wp\/v2\/users\/1"}],"replies":[{"embeddable":true,"href":"https:\/\/dpsniemojowice.pl\/2021\/wp-json\/wp\/v2\/comments?post=1043"}],"version-history":[{"count":4,"href":"https:\/\/dpsniemojowice.pl\/2021\/wp-json\/wp\/v2\/posts\/1043\/revisions"}],"predecessor-version":[{"id":1054,"href":"https:\/\/dpsniemojowice.pl\/2021\/wp-json\/wp\/v2\/posts\/1043\/revisions\/1054"}],"wp:featuredmedia":[{"embeddable":true,"href":"https:\/\/dpsniemojowice.pl\/2021\/wp-json\/wp\/v2\/media\/1046"}],"wp:attachment":[{"href":"https:\/\/dpsniemojowice.pl\/2021\/wp-json\/wp\/v2\/media?parent=1043"}],"wp:term":[{"taxonomy":"category","embeddable":true,"href":"https:\/\/dpsniemojowice.pl\/2021\/wp-json\/wp\/v2\/categories?post=1043"},{"taxonomy":"post_tag","embeddable":true,"href":"https:\/\/dpsniemojowice.pl\/2021\/wp-json\/wp\/v2\/tags?post=1043"}],"curies":[{"name":"wp","href":"https:\/\/api.w.org\/{rel}","templated":true}]}}