{"id":1093,"date":"2015-12-24T22:58:24","date_gmt":"2015-12-24T22:58:24","guid":{"rendered":"http:\/\/dpsniemojowice.pl\/2021\/?p=1093"},"modified":"2015-12-28T23:15:15","modified_gmt":"2015-12-28T23:15:15","slug":"1093","status":"publish","type":"post","link":"https:\/\/dpsniemojowice.pl\/2021\/aktualnosci\/1093\/","title":{"rendered":"WIGILIA 2015"},"content":{"rendered":"<p style=\"text-align: justify;\">Jak co roku, tak\u017ce i 24 grudnia w Naszym Domu odby\u0142o si\u0119 spotkanie wigilijne, w kt\u00f3rym uczestniczyli mieszka\u0144cy, pracownicy oraz zaproszeni go\u015bcie<!--more-->:<\/p>\n<p>&#8211; Wicestarosta Powiatu Opoczy\u0144skiego Pan Marcin Baranowski<\/p>\n<p>&#8211; W\u00f3jt Gminy \u017barn\u00f3w Pan Krzysztof Nawrocki<\/p>\n<p>&#8211; Przewodnicz\u0105ca Rady Powiatu Pani Barbara Chomicz<\/p>\n<p>&#8211; Kierownik Warsztat\u00f3w Terapii Zaj\u0119ciowej w \u017barnowie Pan Micha\u0142 Cegie\u0142a<\/p>\n<p>&#8211; Pracownik Powiatowego Centrum Pomocy Rodzinie Pani Barbara Karasi\u0144ska<\/p>\n<p>&#8211; Kierownik Dziennego Domu Pobytu \u201eSenior-Wigor\u201d\u00a0 w\u00a0 Miedznej Drewnianej Pani Marzena Grzesi\u0144ska<\/p>\n<p>&#8211; Proboszcz Parafii pw. \u015aw. Miko\u0142aja w \u017barnowie ks. Jan Dere\u0144<\/p>\n<p>&#8211; Ksi\u0105dz Wikariusz Marcin Wojciechowski<\/p>\n<p style=\"text-align: justify;\">Tradycyjnie uroczysto\u015b\u0107 rozpocz\u0119\u0142a Dyrektor Domu Pani Renata Konecka, po kt\u00f3rej g\u0142os zabrali zaproszeni go\u015bcie. Nast\u0119pnie grupa teatralno\u2013muzyczna \u201eCzarno to widz\u0119\u201d, dzia\u0142aj\u0105ca na terenie Domu,\u00a0 zaprezentowa\u0142a\u00a0 cz\u0119\u015b\u0107 artystyczn\u0105\u00a0 przybli\u017caj\u0105c\u0105 tradycje \u015bwi\u0105t Bo\u017cego Narodzenia. Po wsp\u00f3lnej modlitwie i prze\u0142amaniu si\u0119 op\u0142atkiem, w\u015br\u00f3d d\u017awi\u0119ku kol\u0119d wszyscy zasiedli do uroczystej Wigilii. Spotkaniu towarzyszy\u0142a rodzinna atmosfera, kt\u00f3ra dostarczy\u0142a wielu wzrusze\u0144 i rado\u015bci.<\/p>\n<p style=\"text-align: justify;\">            \n\t\t<div class=\"ngg-gallery-singlepic-image \" style=\"\">\n\t\t\t    \t<a href=\"https:\/\/dpsniemojowice.pl\/2021\/wp-content\/gallery\/wigilia-2015\/dsc06689.jpg\"\n\t\t     title=\"\"\n             data-src=\"https:\/\/dpsniemojowice.pl\/2021\/wp-content\/gallery\/wigilia-2015\/dsc06689.jpg\"\n             data-thumbnail=\"https:\/\/dpsniemojowice.pl\/2021\/wp-content\/gallery\/wigilia-2015\/thumbs\/thumbs_dsc06689.jpg\"\n             data-image-id=\"463\"\n             data-title=\"dsc06689\"\n             data-description=\"\"\n             target='_self'\n             class=\"shutterset_c0de9fa602e7f55f9101da8bc5b4a2c1\">\n            <img class=\"ngg-singlepic\"\n             src=\"https:\/\/dpsniemojowice.pl\/2021\/nextgen-image\/463\/0x0x100\/db1f1905b31b117c584eb427cec09675\"\n             alt=\"dsc06689\"\n             title=\"dsc06689\"\n                           \/>\n    \t<\/a>\n\t\t      <\/div>\n        <\/p>\n<p style=\"text-align: justify;\">            \n\t\t<div class=\"ngg-gallery-singlepic-image \" style=\"\">\n\t\t\t    \t<a href=\"https:\/\/dpsniemojowice.pl\/2021\/wp-content\/gallery\/wigilia-2015\/dsc06692.jpg\"\n\t\t     title=\"\"\n             data-src=\"https:\/\/dpsniemojowice.pl\/2021\/wp-content\/gallery\/wigilia-2015\/dsc06692.jpg\"\n             data-thumbnail=\"https:\/\/dpsniemojowice.pl\/2021\/wp-content\/gallery\/wigilia-2015\/thumbs\/thumbs_dsc06692.jpg\"\n             data-image-id=\"464\"\n             data-title=\"dsc06692\"\n             data-description=\"\"\n             target='_self'\n             class=\"shutterset_58592a90bcdadb0da21ae46584d787a7\">\n            <img class=\"ngg-singlepic\"\n             src=\"https:\/\/dpsniemojowice.pl\/2021\/nextgen-image\/464\/0x0x100\/cca03025927577f9c03c14651c84456a\"\n             alt=\"dsc06692\"\n             title=\"dsc06692\"\n                           \/>\n    \t<\/a>\n\t\t      <\/div>\n        <\/p>\n<p style=\"text-align: justify;\">            \n\t\t<div class=\"ngg-gallery-singlepic-image \" style=\"\">\n\t\t\t    \t<a href=\"https:\/\/dpsniemojowice.pl\/2021\/wp-content\/gallery\/wigilia-2015\/dsc06698.jpg\"\n\t\t     title=\"\"\n             data-src=\"https:\/\/dpsniemojowice.pl\/2021\/wp-content\/gallery\/wigilia-2015\/dsc06698.jpg\"\n             data-thumbnail=\"https:\/\/dpsniemojowice.pl\/2021\/wp-content\/gallery\/wigilia-2015\/thumbs\/thumbs_dsc06698.jpg\"\n             data-image-id=\"465\"\n             data-title=\"dsc06698\"\n             data-description=\"\"\n             target='_self'\n             class=\"shutterset_3a6b62654797601cbf1e8be707ea97f9\">\n            <img class=\"ngg-singlepic\"\n             src=\"https:\/\/dpsniemojowice.pl\/2021\/nextgen-image\/465\/0x0x100\/09e73ec188697e061844e04ba06f874c\"\n             alt=\"dsc06698\"\n             title=\"dsc06698\"\n                           \/>\n    \t<\/a>\n\t\t      <\/div>\n        <\/p>\n<p style=\"text-align: justify;\">            \n\t\t<div class=\"ngg-gallery-singlepic-image \" style=\"\">\n\t\t\t    \t<a href=\"https:\/\/dpsniemojowice.pl\/2021\/wp-content\/gallery\/wigilia-2015\/dsc06704.jpg\"\n\t\t     title=\"\"\n             data-src=\"https:\/\/dpsniemojowice.pl\/2021\/wp-content\/gallery\/wigilia-2015\/dsc06704.jpg\"\n             data-thumbnail=\"https:\/\/dpsniemojowice.pl\/2021\/wp-content\/gallery\/wigilia-2015\/thumbs\/thumbs_dsc06704.jpg\"\n             data-image-id=\"466\"\n             data-title=\"dsc06704\"\n             data-description=\"\"\n             target='_self'\n             class=\"shutterset_85c4d8b9352d915ad28c461bcb9b3723\">\n            <img class=\"ngg-singlepic\"\n             src=\"https:\/\/dpsniemojowice.pl\/2021\/nextgen-image\/466\/0x0x100\/e0cff95b24df3ed7cf9b0c2b1c543592\"\n             alt=\"dsc06704\"\n             title=\"dsc06704\"\n                           \/>\n    \t<\/a>\n\t\t      <\/div>\n        <\/p>\n","protected":false},"excerpt":{"rendered":"<p>Jak co roku, tak\u017ce i 24 grudnia w Naszym Domu odby\u0142o si\u0119 spotkanie wigilijne, w kt\u00f3rym uczestniczyli mieszka\u0144cy, pracownicy oraz zaproszeni go\u015bcie<\/p>\n","protected":false},"author":1,"featured_media":1102,"comment_status":"open","ping_status":"open","sticky":false,"template":"","format":"standard","meta":{"ngg_post_thumbnail":0},"categories":[1],"tags":[],"_links":{"self":[{"href":"https:\/\/dpsniemojowice.pl\/2021\/wp-json\/wp\/v2\/posts\/1093"}],"collection":[{"href":"https:\/\/dpsniemojowice.pl\/2021\/wp-json\/wp\/v2\/posts"}],"about":[{"href":"https:\/\/dpsniemojowice.pl\/2021\/wp-json\/wp\/v2\/types\/post"}],"author":[{"embeddable":true,"href":"https:\/\/dpsniemojowice.pl\/2021\/wp-json\/wp\/v2\/users\/1"}],"replies":[{"embeddable":true,"href":"https:\/\/dpsniemojowice.pl\/2021\/wp-json\/wp\/v2\/comments?post=1093"}],"version-history":[{"count":6,"href":"https:\/\/dpsniemojowice.pl\/2021\/wp-json\/wp\/v2\/posts\/1093\/revisions"}],"predecessor-version":[{"id":1105,"href":"https:\/\/dpsniemojowice.pl\/2021\/wp-json\/wp\/v2\/posts\/1093\/revisions\/1105"}],"wp:featuredmedia":[{"embeddable":true,"href":"https:\/\/dpsniemojowice.pl\/2021\/wp-json\/wp\/v2\/media\/1102"}],"wp:attachment":[{"href":"https:\/\/dpsniemojowice.pl\/2021\/wp-json\/wp\/v2\/media?parent=1093"}],"wp:term":[{"taxonomy":"category","embeddable":true,"href":"https:\/\/dpsniemojowice.pl\/2021\/wp-json\/wp\/v2\/categories?post=1093"},{"taxonomy":"post_tag","embeddable":true,"href":"https:\/\/dpsniemojowice.pl\/2021\/wp-json\/wp\/v2\/tags?post=1093"}],"curies":[{"name":"wp","href":"https:\/\/api.w.org\/{rel}","templated":true}]}}