{"id":1118,"date":"2016-01-07T08:04:29","date_gmt":"2016-01-07T08:04:29","guid":{"rendered":"http:\/\/dpsniemojowice.pl\/2021\/?p=1118"},"modified":"2016-01-08T08:15:17","modified_gmt":"2016-01-08T08:15:17","slug":"wystawa-obrazow","status":"publish","type":"post","link":"https:\/\/dpsniemojowice.pl\/2021\/aktualnosci\/wystawa-obrazow\/","title":{"rendered":"Wystawa obraz\u00f3w"},"content":{"rendered":"<p style=\"text-align: justify;\" align=\"JUSTIFY\"><span style=\"color: #000000;\">W dniu 07.01.2016r. grupa Mieszka\u0144c\u00f3w wraz z opiekunami na zaproszenie W\u00f3jta Gminy \u017barn\u00f3w uda\u0142a si\u0119 na wernisa\u017c poplenerowy VIII pleneru malarskiego<!--more--> pn. \u201ePejza\u017c malowany Ziemi \u0141\u00f3dzkiej-NATURA ECO ART- Spotkajmy si\u0119 w Powiecie Opoczy\u0144skim!\u201d, kt\u00f3ry odby\u0142 si\u0119 w Domu Kultury w \u017barnowie. Pi\u0119kno i folklor powiatu opoczy\u0144skiego zosta\u0142o utrwalone na ponad siedemdziesi\u0119ciu obrazach na p\u0142\u00f3tnie, namalowanych przez artyst\u00f3w z Polski i zagranicy.<\/span><\/p>\n<p style=\"text-align: justify;\" align=\"JUSTIFY\"><span style=\"color: #000000;\">Mieszka\u0144cy byli pod ogromnym wra\u017ceniem i z zachwytem ogl\u0105dali przedstawione prace. W drodze powrotnej trwa\u0142y rozmowy na temat obejrzanych obraz\u00f3w i z \u017calem wszyscy stwierdzili i\u017c szkoda, \u017ce sami nie posiadaj\u0105 takiego talentu do malowania\u2026..<\/span><\/p>\n<p style=\"text-align: justify;\" align=\"JUSTIFY\">            \n\t\t<div class=\"ngg-gallery-singlepic-image \" style=\"\">\n\t\t\t    \t<a href=\"https:\/\/dpsniemojowice.pl\/2021\/wp-content\/gallery\/wystawa-obrazow\/dsc06903.jpg\"\n\t\t     title=\"\"\n             data-src=\"https:\/\/dpsniemojowice.pl\/2021\/wp-content\/gallery\/wystawa-obrazow\/dsc06903.jpg\"\n             data-thumbnail=\"https:\/\/dpsniemojowice.pl\/2021\/wp-content\/gallery\/wystawa-obrazow\/thumbs\/thumbs_dsc06903.jpg\"\n             data-image-id=\"472\"\n             data-title=\"dsc06903\"\n             data-description=\"\"\n             target='_self'\n             class=\"shutterset_3cf0f0216ba008f84c5ce494834aa44f\">\n            <img class=\"ngg-singlepic\"\n             src=\"https:\/\/dpsniemojowice.pl\/2021\/nextgen-image\/472\/0x0x100\/069db1700cd9b472fc1737c96fff50cc\"\n             alt=\"dsc06903\"\n             title=\"dsc06903\"\n                           \/>\n    \t<\/a>\n\t\t      <\/div>\n        <\/p>\n<p style=\"text-align: justify;\" align=\"JUSTIFY\">            \n\t\t<div class=\"ngg-gallery-singlepic-image \" style=\"\">\n\t\t\t    \t<a href=\"https:\/\/dpsniemojowice.pl\/2021\/wp-content\/gallery\/wystawa-obrazow\/dsc06908.jpg\"\n\t\t     title=\"\"\n             data-src=\"https:\/\/dpsniemojowice.pl\/2021\/wp-content\/gallery\/wystawa-obrazow\/dsc06908.jpg\"\n             data-thumbnail=\"https:\/\/dpsniemojowice.pl\/2021\/wp-content\/gallery\/wystawa-obrazow\/thumbs\/thumbs_dsc06908.jpg\"\n             data-image-id=\"473\"\n             data-title=\"dsc06908\"\n             data-description=\"\"\n             target='_self'\n             class=\"shutterset_86d99db9985c67246671b61e40dcca9a\">\n            <img class=\"ngg-singlepic\"\n             src=\"https:\/\/dpsniemojowice.pl\/2021\/nextgen-image\/473\/0x0x100\/e8813db53841ce6bca205269ece45734\"\n             alt=\"dsc06908\"\n             title=\"dsc06908\"\n                           \/>\n    \t<\/a>\n\t\t      <\/div>\n        <\/p>\n<p style=\"text-align: justify;\" align=\"JUSTIFY\">            \n\t\t<div class=\"ngg-gallery-singlepic-image \" style=\"\">\n\t\t\t    \t<a href=\"https:\/\/dpsniemojowice.pl\/2021\/wp-content\/gallery\/wystawa-obrazow\/dsc06918.jpg\"\n\t\t     title=\"\"\n             data-src=\"https:\/\/dpsniemojowice.pl\/2021\/wp-content\/gallery\/wystawa-obrazow\/dsc06918.jpg\"\n             data-thumbnail=\"https:\/\/dpsniemojowice.pl\/2021\/wp-content\/gallery\/wystawa-obrazow\/thumbs\/thumbs_dsc06918.jpg\"\n             data-image-id=\"474\"\n             data-title=\"dsc06918\"\n             data-description=\"\"\n             target='_self'\n             class=\"shutterset_8ed12531c9ab976bed7a33e7fceb8f70\">\n            <img class=\"ngg-singlepic\"\n             src=\"https:\/\/dpsniemojowice.pl\/2021\/nextgen-image\/474\/0x0x100\/f410c2f2918e912a138b660cd5cff77c\"\n             alt=\"dsc06918\"\n             title=\"dsc06918\"\n                           \/>\n    \t<\/a>\n\t\t      <\/div>\n        <\/p>\n","protected":false},"excerpt":{"rendered":"<p>W dniu 07.01.2016r. grupa Mieszka\u0144c\u00f3w wraz z opiekunami na zaproszenie W\u00f3jta Gminy \u017barn\u00f3w uda\u0142a si\u0119 na wernisa\u017c poplenerowy VIII pleneru malarskiego<\/p>\n","protected":false},"author":1,"featured_media":1119,"comment_status":"open","ping_status":"open","sticky":false,"template":"","format":"standard","meta":{"ngg_post_thumbnail":0},"categories":[1],"tags":[],"_links":{"self":[{"href":"https:\/\/dpsniemojowice.pl\/2021\/wp-json\/wp\/v2\/posts\/1118"}],"collection":[{"href":"https:\/\/dpsniemojowice.pl\/2021\/wp-json\/wp\/v2\/posts"}],"about":[{"href":"https:\/\/dpsniemojowice.pl\/2021\/wp-json\/wp\/v2\/types\/post"}],"author":[{"embeddable":true,"href":"https:\/\/dpsniemojowice.pl\/2021\/wp-json\/wp\/v2\/users\/1"}],"replies":[{"embeddable":true,"href":"https:\/\/dpsniemojowice.pl\/2021\/wp-json\/wp\/v2\/comments?post=1118"}],"version-history":[{"count":2,"href":"https:\/\/dpsniemojowice.pl\/2021\/wp-json\/wp\/v2\/posts\/1118\/revisions"}],"predecessor-version":[{"id":1125,"href":"https:\/\/dpsniemojowice.pl\/2021\/wp-json\/wp\/v2\/posts\/1118\/revisions\/1125"}],"wp:featuredmedia":[{"embeddable":true,"href":"https:\/\/dpsniemojowice.pl\/2021\/wp-json\/wp\/v2\/media\/1119"}],"wp:attachment":[{"href":"https:\/\/dpsniemojowice.pl\/2021\/wp-json\/wp\/v2\/media?parent=1118"}],"wp:term":[{"taxonomy":"category","embeddable":true,"href":"https:\/\/dpsniemojowice.pl\/2021\/wp-json\/wp\/v2\/categories?post=1118"},{"taxonomy":"post_tag","embeddable":true,"href":"https:\/\/dpsniemojowice.pl\/2021\/wp-json\/wp\/v2\/tags?post=1118"}],"curies":[{"name":"wp","href":"https:\/\/api.w.org\/{rel}","templated":true}]}}