{"id":114,"date":"2013-01-29T19:25:04","date_gmt":"2013-01-29T19:25:04","guid":{"rendered":"http:\/\/dpsniemojowice.pl\/2021\/?p=114"},"modified":"2013-03-07T19:26:10","modified_gmt":"2013-03-07T19:26:10","slug":"dzien-babci-i-dziadka","status":"publish","type":"post","link":"https:\/\/dpsniemojowice.pl\/2021\/aktualnosci\/dzien-babci-i-dziadka\/","title":{"rendered":"Dzie\u0144 Babci i Dziadka"},"content":{"rendered":"<p style=\"text-align: justify;\">Kolejnym wa\u017cnym wydarzeniem w \u017cyciu mieszka\u0144c\u00f3w Domu Pomocy Spo\u0142ecznej w Niemojowicach by\u0142 przyjazd w dniu 29.01.2013 r. grupy m\u0142odzie\u017cy z gimnazjum w \u017barnowie.Uczniowie przygotowali i przedstawili bogaty program artystyczny nawi\u0105zuj\u0105cy do tak wa\u017cnego \u015bwi\u0119ta dla senior\u00f3w, jakim jest Dzie\u0144 Babci i Dziadka.Przy akompaniamencie instrument\u00f3w<!--more--> muzycznych wy\u015bpiewali oraz wyrecytowali przepi\u0119kne piosenki i wiersze.A jako prezent wr\u0119czyli wszystkim, bardzo wzruszonym mieszka\u0144com, wykonane\u00a0przez siebie kwiaty.<\/p>\n<p style=\"text-align: justify;\">Tymczasem w dniu 31.01.2013 r. DPS odwiedzi\u0142y dzieci ze Szko\u0142y Podstawowej w Bia\u0142aczowie, kt\u00f3re r\u00f3wnie\u017c pami\u0119ta\u0142y o wszystkich babciach i dziadkach i tak\u017ce zaprezentowa\u0142y ciekawy program artystyczny oraz wr\u0119czy\u0142y wykonane przez siebie upominki.<\/p>\n<p style=\"text-align: justify;\">Obydwie grupy obieca\u0142y wsp\u00f3\u0142prac\u0119, oraz to,\u017ce nigdy nie\u00a0zapomn\u0105\u00a0\u00a0o mieszka\u0144cach DPS w Niemojowicach.<\/p>\n<p style=\"text-align: center;\"><!-- index.php -->\n<div\n\tclass=\"ngg-galleryoverview ngg-ajax-pagination-none\"\n\tid=\"ngg-gallery-50e7824e361273fa36b1ffd50e125c65-1\">\n\n    \t<div class=\"slideshowlink\">\n        <a href='https:\/\/dpsniemojowice.pl\/2021\/aktualnosci\/dzien-babci-i-dziadka\/nggallery\/slideshow'>Pokaz slajd\u00f3w<\/a>\n\t\t\n\t<\/div>\n\t\t\t<!-- Thumbnails -->\n\t\t\t\t<div id=\"ngg-image-0\" class=\"ngg-gallery-thumbnail-box\" >\n\t\t\t\t        <div class=\"ngg-gallery-thumbnail\">\n            <a href=\"https:\/\/dpsniemojowice.pl\/2021\/wp-content\/gallery\/dzien-babci-i-dziadka\/100_2796.jpg\"\n               title=\"\"\n               data-src=\"https:\/\/dpsniemojowice.pl\/2021\/wp-content\/gallery\/dzien-babci-i-dziadka\/100_2796.jpg\"\n               data-thumbnail=\"https:\/\/dpsniemojowice.pl\/2021\/wp-content\/gallery\/dzien-babci-i-dziadka\/thumbs\/thumbs_100_2796.jpg\"\n               data-image-id=\"31\"\n               data-title=\"100_2796\"\n               data-description=\"\"\n               data-image-slug=\"100_2796\"\n               class=\"shutterset_50e7824e361273fa36b1ffd50e125c65\">\n                <img\n                    title=\"100_2796\"\n                    alt=\"100_2796\"\n                    src=\"https:\/\/dpsniemojowice.pl\/2021\/wp-content\/gallery\/dzien-babci-i-dziadka\/thumbs\/thumbs_100_2796.jpg\"\n                    width=\"100\"\n                    height=\"75\"\n                    style=\"max-width:100%;\"\n                \/>\n            <\/a>\n        <\/div>\n\t\t\t\t\t\t\t<\/div> \n\t\t\t\n        \n\t\t\t\t<div id=\"ngg-image-1\" class=\"ngg-gallery-thumbnail-box\" >\n\t\t\t\t        <div class=\"ngg-gallery-thumbnail\">\n            <a href=\"https:\/\/dpsniemojowice.pl\/2021\/wp-content\/gallery\/dzien-babci-i-dziadka\/100_2816.jpg\"\n               title=\"\"\n               data-src=\"https:\/\/dpsniemojowice.pl\/2021\/wp-content\/gallery\/dzien-babci-i-dziadka\/100_2816.jpg\"\n               data-thumbnail=\"https:\/\/dpsniemojowice.pl\/2021\/wp-content\/gallery\/dzien-babci-i-dziadka\/thumbs\/thumbs_100_2816.jpg\"\n               data-image-id=\"32\"\n               data-title=\"100_2816\"\n               data-description=\"\"\n               data-image-slug=\"100_2816\"\n               class=\"shutterset_50e7824e361273fa36b1ffd50e125c65\">\n                <img\n                    title=\"100_2816\"\n                    alt=\"100_2816\"\n                    src=\"https:\/\/dpsniemojowice.pl\/2021\/wp-content\/gallery\/dzien-babci-i-dziadka\/thumbs\/thumbs_100_2816.jpg\"\n                    width=\"100\"\n                    height=\"75\"\n                    style=\"max-width:100%;\"\n                \/>\n            <\/a>\n        <\/div>\n\t\t\t\t\t\t\t<\/div> \n\t\t\t\n        \n\t\t\n\t\t<!-- Pagination -->\n\t<div class='ngg-clear'><\/div>\t<\/div>\n<\/p>\n<p>&nbsp;<\/p>\n","protected":false},"excerpt":{"rendered":"<p>Kolejnym wa\u017cnym wydarzeniem w \u017cyciu mieszka\u0144c\u00f3w Domu Pomocy Spo\u0142ecznej w Niemojowicach by\u0142 przyjazd w dniu 29.01.2013 r. grupy m\u0142odzie\u017cy z gimnazjum w \u017barnowie.Uczniowie przygotowali i przedstawili bogaty program artystyczny nawi\u0105zuj\u0105cy do tak wa\u017cnego \u015bwi\u0119ta dla senior\u00f3w, jakim jest Dzie\u0144 Babci i Dziadka.Przy akompaniamencie instrument\u00f3w<\/p>\n","protected":false},"author":1,"featured_media":115,"comment_status":"open","ping_status":"open","sticky":false,"template":"","format":"standard","meta":{"ngg_post_thumbnail":0},"categories":[1],"tags":[],"_links":{"self":[{"href":"https:\/\/dpsniemojowice.pl\/2021\/wp-json\/wp\/v2\/posts\/114"}],"collection":[{"href":"https:\/\/dpsniemojowice.pl\/2021\/wp-json\/wp\/v2\/posts"}],"about":[{"href":"https:\/\/dpsniemojowice.pl\/2021\/wp-json\/wp\/v2\/types\/post"}],"author":[{"embeddable":true,"href":"https:\/\/dpsniemojowice.pl\/2021\/wp-json\/wp\/v2\/users\/1"}],"replies":[{"embeddable":true,"href":"https:\/\/dpsniemojowice.pl\/2021\/wp-json\/wp\/v2\/comments?post=114"}],"version-history":[{"count":3,"href":"https:\/\/dpsniemojowice.pl\/2021\/wp-json\/wp\/v2\/posts\/114\/revisions"}],"predecessor-version":[{"id":118,"href":"https:\/\/dpsniemojowice.pl\/2021\/wp-json\/wp\/v2\/posts\/114\/revisions\/118"}],"wp:featuredmedia":[{"embeddable":true,"href":"https:\/\/dpsniemojowice.pl\/2021\/wp-json\/wp\/v2\/media\/115"}],"wp:attachment":[{"href":"https:\/\/dpsniemojowice.pl\/2021\/wp-json\/wp\/v2\/media?parent=114"}],"wp:term":[{"taxonomy":"category","embeddable":true,"href":"https:\/\/dpsniemojowice.pl\/2021\/wp-json\/wp\/v2\/categories?post=114"},{"taxonomy":"post_tag","embeddable":true,"href":"https:\/\/dpsniemojowice.pl\/2021\/wp-json\/wp\/v2\/tags?post=114"}],"curies":[{"name":"wp","href":"https:\/\/api.w.org\/{rel}","templated":true}]}}