{"id":1151,"date":"2016-01-20T08:35:00","date_gmt":"2016-01-20T08:35:00","guid":{"rendered":"http:\/\/dpsniemojowice.pl\/2021\/?p=1151"},"modified":"2016-01-21T20:20:56","modified_gmt":"2016-01-21T20:20:56","slug":"koledujmy-wszyscy-wraz-2016","status":"publish","type":"post","link":"https:\/\/dpsniemojowice.pl\/2021\/aktualnosci\/koledujmy-wszyscy-wraz-2016\/","title":{"rendered":"KOL\u0118DUJMY WSZYSCY WRAZ 2016"},"content":{"rendered":"<p style=\"text-align: justify;\"><span style=\"color: #000000;\">W dniu 20 stycznia Dom Pomocy Spo\u0142ecznej w Ko\u0144skich \u201eCichy Zak\u0105tek\u201d ju\u017c po raz dwudziesty zorganizowa\u0142 wsp\u00f3lne kol\u0119dowanie \u00a0mieszka\u0144c\u00f3w dom\u00f3w pomocy spo\u0142ecznej.<!--more--> Korzystaj\u0105c z zaproszenia nasi Mieszka\u0144cy r\u00f3wnie\u017c \u00a0wzi\u0119li w nim udzia\u0142 i zaprezentowali bo\u017conarodzeniowy program artystyczny. Wi\u0119kszo\u015b\u0107 grup \u015bpiewa\u0142a \u00a0kol\u0119dy przy akompaniamencie instrument\u00f3w , inne przedstawi\u0142y tradycyjne jase\u0142ka. Wszystkim artystom wyst\u0119puj\u0105cym na scenie uda\u0142o si\u0119 stworzy\u0107 wyj\u0105tkowy klimat \u015awi\u0105t Bo\u017cego Narodzenia, mimo i\u017c \u015bwi\u0119ta ju\u017c dawno za nami. Na zako\u0144czenie wsp\u00f3lnego kol\u0119dowania Dyrektor Domu Pomocy Spo\u0142ecznej w Ko\u0144skich Pani Barbara Krawczyk wr\u0119czy\u0142a wszystkim uczestnikom pami\u0105tkowe dyplomy i figurki anio\u0142k\u00f3w.<\/span><\/p>\n<p style=\"text-align: justify;\"><span style=\"color: #000000;\">Po \u00a0wyst\u0119pach zostali\u015bmy zaproszeni na ciep\u0142y posi\u0142ek, po kt\u00f3rym pomimo zimowej aury, cali i zdrowi oraz szcz\u0119\u015bliwi wr\u00f3cili\u015bmy do Domu.<\/span><\/p>\n<p style=\"text-align: justify;\">            \n\t\t<div class=\"ngg-gallery-singlepic-image \" style=\"\">\n\t\t\t    \t<a href=\"https:\/\/dpsniemojowice.pl\/2021\/wp-content\/gallery\/koledujmy-wszyscy-wraz-2016\/dsc07032.jpg\"\n\t\t     title=\"\"\n             data-src=\"https:\/\/dpsniemojowice.pl\/2021\/wp-content\/gallery\/koledujmy-wszyscy-wraz-2016\/dsc07032.jpg\"\n             data-thumbnail=\"https:\/\/dpsniemojowice.pl\/2021\/wp-content\/gallery\/koledujmy-wszyscy-wraz-2016\/thumbs\/thumbs_dsc07032.jpg\"\n             data-image-id=\"481\"\n             data-title=\"dsc07032\"\n             data-description=\"\"\n             target='_self'\n             class=\"shutterset_cebfc99d9a284a88336fd01653eb928b\">\n            <img class=\"ngg-singlepic\"\n             src=\"https:\/\/dpsniemojowice.pl\/2021\/nextgen-image\/481\/0x0x100\/f86935d2970d3bf9fbc8464af6315c6d\"\n             alt=\"dsc07032\"\n             title=\"dsc07032\"\n                           \/>\n    \t<\/a>\n\t\t      <\/div>\n        <\/p>\n<p style=\"text-align: justify;\">            \n\t\t<div class=\"ngg-gallery-singlepic-image \" style=\"\">\n\t\t\t    \t<a href=\"https:\/\/dpsniemojowice.pl\/2021\/wp-content\/gallery\/koledujmy-wszyscy-wraz-2016\/dsc07037.jpg\"\n\t\t     title=\"\"\n             data-src=\"https:\/\/dpsniemojowice.pl\/2021\/wp-content\/gallery\/koledujmy-wszyscy-wraz-2016\/dsc07037.jpg\"\n             data-thumbnail=\"https:\/\/dpsniemojowice.pl\/2021\/wp-content\/gallery\/koledujmy-wszyscy-wraz-2016\/thumbs\/thumbs_dsc07037.jpg\"\n             data-image-id=\"482\"\n             data-title=\"dsc07037\"\n             data-description=\"\"\n             target='_self'\n             class=\"shutterset_edcf7fb8cf76a4a761a0ad8c837bc54e\">\n            <img class=\"ngg-singlepic\"\n             src=\"https:\/\/dpsniemojowice.pl\/2021\/nextgen-image\/482\/0x0x100\/54ef7bb90c2b354e98256ec5b15a18ff\"\n             alt=\"dsc07037\"\n             title=\"dsc07037\"\n                           \/>\n    \t<\/a>\n\t\t      <\/div>\n        <\/p>\n<p style=\"text-align: justify;\">            \n\t\t<div class=\"ngg-gallery-singlepic-image \" style=\"\">\n\t\t\t    \t<a href=\"https:\/\/dpsniemojowice.pl\/2021\/wp-content\/gallery\/koledujmy-wszyscy-wraz-2016\/dsc07052.jpg\"\n\t\t     title=\"\"\n             data-src=\"https:\/\/dpsniemojowice.pl\/2021\/wp-content\/gallery\/koledujmy-wszyscy-wraz-2016\/dsc07052.jpg\"\n             data-thumbnail=\"https:\/\/dpsniemojowice.pl\/2021\/wp-content\/gallery\/koledujmy-wszyscy-wraz-2016\/thumbs\/thumbs_dsc07052.jpg\"\n             data-image-id=\"483\"\n             data-title=\"dsc07052\"\n             data-description=\"\"\n             target='_self'\n             class=\"shutterset_33a92fe7ec5386c6d41fa0cef98d0038\">\n            <img class=\"ngg-singlepic\"\n             src=\"https:\/\/dpsniemojowice.pl\/2021\/nextgen-image\/483\/0x0x100\/018163aa09931ca27ff3a5c9c2e414c1\"\n             alt=\"dsc07052\"\n             title=\"dsc07052\"\n                           \/>\n    \t<\/a>\n\t\t      <\/div>\n        <\/p>\n","protected":false},"excerpt":{"rendered":"<p>W dniu 20 stycznia Dom Pomocy Spo\u0142ecznej w Ko\u0144skich \u201eCichy Zak\u0105tek\u201d ju\u017c po raz dwudziesty zorganizowa\u0142 wsp\u00f3lne kol\u0119dowanie \u00a0mieszka\u0144c\u00f3w dom\u00f3w pomocy spo\u0142ecznej.<\/p>\n","protected":false},"author":1,"featured_media":1157,"comment_status":"open","ping_status":"open","sticky":false,"template":"","format":"standard","meta":{"ngg_post_thumbnail":0},"categories":[1],"tags":[],"_links":{"self":[{"href":"https:\/\/dpsniemojowice.pl\/2021\/wp-json\/wp\/v2\/posts\/1151"}],"collection":[{"href":"https:\/\/dpsniemojowice.pl\/2021\/wp-json\/wp\/v2\/posts"}],"about":[{"href":"https:\/\/dpsniemojowice.pl\/2021\/wp-json\/wp\/v2\/types\/post"}],"author":[{"embeddable":true,"href":"https:\/\/dpsniemojowice.pl\/2021\/wp-json\/wp\/v2\/users\/1"}],"replies":[{"embeddable":true,"href":"https:\/\/dpsniemojowice.pl\/2021\/wp-json\/wp\/v2\/comments?post=1151"}],"version-history":[{"count":4,"href":"https:\/\/dpsniemojowice.pl\/2021\/wp-json\/wp\/v2\/posts\/1151\/revisions"}],"predecessor-version":[{"id":1161,"href":"https:\/\/dpsniemojowice.pl\/2021\/wp-json\/wp\/v2\/posts\/1151\/revisions\/1161"}],"wp:featuredmedia":[{"embeddable":true,"href":"https:\/\/dpsniemojowice.pl\/2021\/wp-json\/wp\/v2\/media\/1157"}],"wp:attachment":[{"href":"https:\/\/dpsniemojowice.pl\/2021\/wp-json\/wp\/v2\/media?parent=1151"}],"wp:term":[{"taxonomy":"category","embeddable":true,"href":"https:\/\/dpsniemojowice.pl\/2021\/wp-json\/wp\/v2\/categories?post=1151"},{"taxonomy":"post_tag","embeddable":true,"href":"https:\/\/dpsniemojowice.pl\/2021\/wp-json\/wp\/v2\/tags?post=1151"}],"curies":[{"name":"wp","href":"https:\/\/api.w.org\/{rel}","templated":true}]}}