{"id":1162,"date":"2016-01-22T21:01:20","date_gmt":"2016-01-22T21:01:20","guid":{"rendered":"http:\/\/dpsniemojowice.pl\/2021\/?p=1162"},"modified":"2016-01-22T21:02:13","modified_gmt":"2016-01-22T21:02:13","slug":"spotkanie-z-koleda","status":"publish","type":"post","link":"https:\/\/dpsniemojowice.pl\/2021\/aktualnosci\/spotkanie-z-koleda\/","title":{"rendered":"Spotkanie z kol\u0119d\u0105"},"content":{"rendered":"<p style=\"text-align: justify;\"><span style=\"color: #000000;\">W dniu 22.01.2016r. Mieszka\u0144c\u00f3w naszego Domu odwiedzi\u0142a m\u0142odzie\u017c z Gimnazjum z Bia\u0142aczowa. Szkolny ch\u00f3r za\u015bpiewa\u0142 tradycyjne oraz nowe kol\u0119dy i pastora\u0142ki<!--more--> tj. \u201eJu\u017c Gwiazdeczka si\u0119 kolebie\u201d, \u201eCicha noc\u201d, \u201eLulaj\u017ce Jezuniu\u201d, \u201eKo\u0142acz\u201d. Niekt\u00f3re z nich wykonane by\u0142y z podk\u0142adem muzycznym inne a cappella. Mieszka\u0144cy bardzo ch\u0119tnie w\u0142\u0105czali si\u0119 do wsp\u00f3lnego \u015bpiewania. Na zako\u0144czenie m\u0142odzie\u017c obdarowa\u0142a wszystkich uczestnik\u00f3w spotkania w\u0142asnor\u0119cznie wykonanymi choinkami i kartkami oraz z\u0142o\u017cy\u0142a \u017cyczenia z okazji Dnia Babci i Dziadka. Przewodnicz\u0105cy Rady Mieszka\u0144c\u00f3w z\u0142o\u017cy\u0142 na r\u0119ce Pani El\u017cbiety Al.-Khouri, kt\u00f3ra przygotowywa\u0142a m\u0142odzie\u017c, bo\u017conarodzeniowy obrazek wykonany na terapii zaj\u0119ciowej.<\/span><\/p>\n<p style=\"text-align: justify;\"><span style=\"color: #000000;\"> Bardzo cieszymy si\u0119, i\u017c m\u0142odzie\u017c pami\u0119ta o mieszka\u0144cach i z niecierpliwo\u015bci\u0105 czekamy na kolejne spotkanie.<\/span><\/p>\n<p style=\"text-align: justify;\">            \n\t\t<div class=\"ngg-gallery-singlepic-image \" style=\"\">\n\t\t\t    \t<a href=\"https:\/\/dpsniemojowice.pl\/2021\/wp-content\/gallery\/spotkanie-z-koleda\/dsc07059.jpg\"\n\t\t     title=\"\"\n             data-src=\"https:\/\/dpsniemojowice.pl\/2021\/wp-content\/gallery\/spotkanie-z-koleda\/dsc07059.jpg\"\n             data-thumbnail=\"https:\/\/dpsniemojowice.pl\/2021\/wp-content\/gallery\/spotkanie-z-koleda\/thumbs\/thumbs_dsc07059.jpg\"\n             data-image-id=\"484\"\n             data-title=\"dsc07059\"\n             data-description=\"\"\n             target='_self'\n             class=\"shutterset_f5b455ef0109d605cd70fc1f1da7280b\">\n            <img class=\"ngg-singlepic\"\n             src=\"https:\/\/dpsniemojowice.pl\/2021\/nextgen-image\/484\/0x0x100\/ee4d9a3817277b3996b0650f53f3b465\"\n             alt=\"dsc07059\"\n             title=\"dsc07059\"\n                           \/>\n    \t<\/a>\n\t\t      <\/div>\n        <\/p>\n<p style=\"text-align: justify;\">            \n\t\t<div class=\"ngg-gallery-singlepic-image \" style=\"\">\n\t\t\t    \t<a href=\"https:\/\/dpsniemojowice.pl\/2021\/wp-content\/gallery\/spotkanie-z-koleda\/dsc07071.jpg\"\n\t\t     title=\"\"\n             data-src=\"https:\/\/dpsniemojowice.pl\/2021\/wp-content\/gallery\/spotkanie-z-koleda\/dsc07071.jpg\"\n             data-thumbnail=\"https:\/\/dpsniemojowice.pl\/2021\/wp-content\/gallery\/spotkanie-z-koleda\/thumbs\/thumbs_dsc07071.jpg\"\n             data-image-id=\"485\"\n             data-title=\"dsc07071\"\n             data-description=\"\"\n             target='_self'\n             class=\"shutterset_f8040f34dcb4b498a1919e97bee6d33e\">\n            <img class=\"ngg-singlepic\"\n             src=\"https:\/\/dpsniemojowice.pl\/2021\/nextgen-image\/485\/0x0x100\/9703f2e556fa8bd3ea7cd16fb859dcae\"\n             alt=\"dsc07071\"\n             title=\"dsc07071\"\n                           \/>\n    \t<\/a>\n\t\t      <\/div>\n        <\/p>\n<p style=\"text-align: justify;\">            \n\t\t<div class=\"ngg-gallery-singlepic-image \" style=\"\">\n\t\t\t    \t<a href=\"https:\/\/dpsniemojowice.pl\/2021\/wp-content\/gallery\/spotkanie-z-koleda\/dsc07079.jpg\"\n\t\t     title=\"\"\n             data-src=\"https:\/\/dpsniemojowice.pl\/2021\/wp-content\/gallery\/spotkanie-z-koleda\/dsc07079.jpg\"\n             data-thumbnail=\"https:\/\/dpsniemojowice.pl\/2021\/wp-content\/gallery\/spotkanie-z-koleda\/thumbs\/thumbs_dsc07079.jpg\"\n             data-image-id=\"486\"\n             data-title=\"dsc07079\"\n             data-description=\"\"\n             target='_self'\n             class=\"shutterset_dfa6e2caaa04ff601534f6801bfef864\">\n            <img class=\"ngg-singlepic\"\n             src=\"https:\/\/dpsniemojowice.pl\/2021\/nextgen-image\/486\/0x0x100\/5423477703b3e0ebc592379817010e9e\"\n             alt=\"dsc07079\"\n             title=\"dsc07079\"\n                           \/>\n    \t<\/a>\n\t\t      <\/div>\n        <\/p>\n<p>&nbsp;<\/p>\n<p>&nbsp;<\/p>\n","protected":false},"excerpt":{"rendered":"<p>W dniu 22.01.2016r. Mieszka\u0144c\u00f3w naszego Domu odwiedzi\u0142a m\u0142odzie\u017c z Gimnazjum z Bia\u0142aczowa. Szkolny ch\u00f3r za\u015bpiewa\u0142 tradycyjne oraz nowe kol\u0119dy i pastora\u0142ki<\/p>\n","protected":false},"author":1,"featured_media":1168,"comment_status":"open","ping_status":"open","sticky":false,"template":"","format":"standard","meta":{"ngg_post_thumbnail":0},"categories":[1],"tags":[],"_links":{"self":[{"href":"https:\/\/dpsniemojowice.pl\/2021\/wp-json\/wp\/v2\/posts\/1162"}],"collection":[{"href":"https:\/\/dpsniemojowice.pl\/2021\/wp-json\/wp\/v2\/posts"}],"about":[{"href":"https:\/\/dpsniemojowice.pl\/2021\/wp-json\/wp\/v2\/types\/post"}],"author":[{"embeddable":true,"href":"https:\/\/dpsniemojowice.pl\/2021\/wp-json\/wp\/v2\/users\/1"}],"replies":[{"embeddable":true,"href":"https:\/\/dpsniemojowice.pl\/2021\/wp-json\/wp\/v2\/comments?post=1162"}],"version-history":[{"count":3,"href":"https:\/\/dpsniemojowice.pl\/2021\/wp-json\/wp\/v2\/posts\/1162\/revisions"}],"predecessor-version":[{"id":1170,"href":"https:\/\/dpsniemojowice.pl\/2021\/wp-json\/wp\/v2\/posts\/1162\/revisions\/1170"}],"wp:featuredmedia":[{"embeddable":true,"href":"https:\/\/dpsniemojowice.pl\/2021\/wp-json\/wp\/v2\/media\/1168"}],"wp:attachment":[{"href":"https:\/\/dpsniemojowice.pl\/2021\/wp-json\/wp\/v2\/media?parent=1162"}],"wp:term":[{"taxonomy":"category","embeddable":true,"href":"https:\/\/dpsniemojowice.pl\/2021\/wp-json\/wp\/v2\/categories?post=1162"},{"taxonomy":"post_tag","embeddable":true,"href":"https:\/\/dpsniemojowice.pl\/2021\/wp-json\/wp\/v2\/tags?post=1162"}],"curies":[{"name":"wp","href":"https:\/\/api.w.org\/{rel}","templated":true}]}}