{"id":1175,"date":"2016-01-29T13:31:50","date_gmt":"2016-01-29T13:31:50","guid":{"rendered":"http:\/\/dpsniemojowice.pl\/2021\/?p=1175"},"modified":"2016-01-29T13:33:14","modified_gmt":"2016-01-29T13:33:14","slug":"eliksir-mlodosci-na-dzien-babci-i-dziadka","status":"publish","type":"post","link":"https:\/\/dpsniemojowice.pl\/2021\/aktualnosci\/eliksir-mlodosci-na-dzien-babci-i-dziadka\/","title":{"rendered":"Eliksir m\u0142odo\u015bci na Dzie\u0144 Babci i Dziadka"},"content":{"rendered":"<p style=\"text-align: justify;\"><span style=\"color: #000000;\">W dniu 29.01.2016r. odwiedzi\u0142a nas m\u0142odzie\u017c z Gimnazjum w Parady\u017cu. Przyby\u0142ych serdecznie przywita\u0142a Dyrektor Domu Pani Renata Konecka, oraz zaprosi\u0142a wszystkich do obejrzenia programu przygotowanego przez m\u0142odzie\u017c pod kierownictwem wychowawczyni Pani Ewy Krajewskiej.<!--more--><\/span><\/p>\n<p style=\"text-align: justify;\"><span style=\"color: #000000;\">Na pocz\u0105tku wyst\u0119puj\u0105cy arty\u015bci z\u0142o\u017cyli mieszka\u0144com najserdeczniejsze \u017cyczenia z okazji \u015bwi\u0119ta Bab\u0107 i Dziadk\u00f3w, a tak\u017ce zaproponowali, \u017ce przy tej okazji b\u0119d\u0105 \u201ewa\u017cy\u0107 eliksir m\u0142odo\u015bci\u201d. W zabawny i \u015bmieszny spos\u00f3b przedstawili ogl\u0105daj\u0105cym kilka propozycji z tw\u00f3rczo\u015bci Jana Brzechwy tj. \u201eRozmowa warzyw na straganie\u201d, \u201eK\u0142amczucha\u201d, oraz \u201eKaczka dziwaczka\u201d, chc\u0105c pokaza\u0107 jak najd\u0142u\u017cej utrzyma\u0107 m\u0142odo\u015b\u0107, j\u0119drne cia\u0142o i cieszy\u0107 si\u0119 \u017cyciem. By udowodni\u0107, \u017ce sporz\u0105dzony i wypity eliksir przez uczestnik\u00f3w by\u0142 magiczny i doda\u0142 wigoru, zaproponowali liczne konkursy z \u0107wiczeniami dla podopiecznych, gdzie nagrodzili medalami za aktywny udzia\u0142 w zabawach z nadaniem okre\u015blonych tytu\u0142\u00f3w np. \u201emistrz kuchni\u201d, \u201emedal za odwag\u0119\u201d itp.<\/span><\/p>\n<p style=\"text-align: justify;\"><span style=\"color: #000000;\">Na zako\u0144czenie m\u0142odzie\u017c zrobi\u0142a przemi\u0142\u0105 niespodziewan\u0105 opiekunce wr\u0119czaj\u0105c jej medal za trud i czas w\u0142o\u017cony w przygowanie do wyst\u0119p\u00f3w. A tak\u017ce wszyscy mieszka\u0144cy obdarowani zostali w\u0142asnor\u0119cznie wykonanym s\u0142odkim upominkiem w postaci ciasteczek. Podopieczni dzi\u0119kuj\u0105c za wyst\u0119p podarowali na r\u0119ce wychowawczyni prace wykonane na terapii zaj\u0119ciowej.<\/span><\/p>\n<p style=\"text-align: center;\"><strong><span style=\"color: #008000;\">DZI\u0118KUJEMY I ZAPRASZAMY PONOWNIE.<\/span><\/strong><\/p>\n<p style=\"text-align: justify;\">            \n\t\t<div class=\"ngg-gallery-singlepic-image \" style=\"\">\n\t\t\t    \t<a href=\"https:\/\/dpsniemojowice.pl\/2021\/wp-content\/gallery\/eliksir-mlodosci-na-dzien-babci-i-dziadka\/dsc07090.jpg\"\n\t\t     title=\"\"\n             data-src=\"https:\/\/dpsniemojowice.pl\/2021\/wp-content\/gallery\/eliksir-mlodosci-na-dzien-babci-i-dziadka\/dsc07090.jpg\"\n             data-thumbnail=\"https:\/\/dpsniemojowice.pl\/2021\/wp-content\/gallery\/eliksir-mlodosci-na-dzien-babci-i-dziadka\/thumbs\/thumbs_dsc07090.jpg\"\n             data-image-id=\"487\"\n             data-title=\"dsc07090\"\n             data-description=\"\"\n             target='_self'\n             class=\"shutterset_cd991344e085fb6f803dbf91fdfd75b8\">\n            <img class=\"ngg-singlepic\"\n             src=\"https:\/\/dpsniemojowice.pl\/2021\/nextgen-image\/487\/0x0x100\/85dbe649f490726e0e9c2a2c46ca1607\"\n             alt=\"dsc07090\"\n             title=\"dsc07090\"\n                           \/>\n    \t<\/a>\n\t\t      <\/div>\n        <\/p>\n<p style=\"text-align: justify;\">            \n\t\t<div class=\"ngg-gallery-singlepic-image \" style=\"\">\n\t\t\t    \t<a href=\"https:\/\/dpsniemojowice.pl\/2021\/wp-content\/gallery\/eliksir-mlodosci-na-dzien-babci-i-dziadka\/dsc07101.jpg\"\n\t\t     title=\"\"\n             data-src=\"https:\/\/dpsniemojowice.pl\/2021\/wp-content\/gallery\/eliksir-mlodosci-na-dzien-babci-i-dziadka\/dsc07101.jpg\"\n             data-thumbnail=\"https:\/\/dpsniemojowice.pl\/2021\/wp-content\/gallery\/eliksir-mlodosci-na-dzien-babci-i-dziadka\/thumbs\/thumbs_dsc07101.jpg\"\n             data-image-id=\"488\"\n             data-title=\"dsc07101\"\n             data-description=\"\"\n             target='_self'\n             class=\"shutterset_78e29dfd82e59676da9e7bec4889477d\">\n            <img class=\"ngg-singlepic\"\n             src=\"https:\/\/dpsniemojowice.pl\/2021\/nextgen-image\/488\/0x0x100\/92f3db88b13067e85647eaa341fe5101\"\n             alt=\"dsc07101\"\n             title=\"dsc07101\"\n                           \/>\n    \t<\/a>\n\t\t      <\/div>\n        <\/p>\n<p style=\"text-align: justify;\">            \n\t\t<div class=\"ngg-gallery-singlepic-image \" style=\"\">\n\t\t\t    \t<a href=\"https:\/\/dpsniemojowice.pl\/2021\/wp-content\/gallery\/eliksir-mlodosci-na-dzien-babci-i-dziadka\/dsc07114.jpg\"\n\t\t     title=\"\"\n             data-src=\"https:\/\/dpsniemojowice.pl\/2021\/wp-content\/gallery\/eliksir-mlodosci-na-dzien-babci-i-dziadka\/dsc07114.jpg\"\n             data-thumbnail=\"https:\/\/dpsniemojowice.pl\/2021\/wp-content\/gallery\/eliksir-mlodosci-na-dzien-babci-i-dziadka\/thumbs\/thumbs_dsc07114.jpg\"\n             data-image-id=\"489\"\n             data-title=\"dsc07114\"\n             data-description=\"\"\n             target='_self'\n             class=\"shutterset_3c0606a93ead1b29d9ad25f9d3156842\">\n            <img class=\"ngg-singlepic\"\n             src=\"https:\/\/dpsniemojowice.pl\/2021\/nextgen-image\/489\/0x0x100\/62ae9df45fe1e9782b52be6addae8191\"\n             alt=\"dsc07114\"\n             title=\"dsc07114\"\n                           \/>\n    \t<\/a>\n\t\t      <\/div>\n        <\/p>\n<p style=\"text-align: justify;\">            \n\t\t<div class=\"ngg-gallery-singlepic-image \" style=\"\">\n\t\t\t    \t<a href=\"https:\/\/dpsniemojowice.pl\/2021\/wp-content\/gallery\/eliksir-mlodosci-na-dzien-babci-i-dziadka\/dsc07121.jpg\"\n\t\t     title=\"\"\n             data-src=\"https:\/\/dpsniemojowice.pl\/2021\/wp-content\/gallery\/eliksir-mlodosci-na-dzien-babci-i-dziadka\/dsc07121.jpg\"\n             data-thumbnail=\"https:\/\/dpsniemojowice.pl\/2021\/wp-content\/gallery\/eliksir-mlodosci-na-dzien-babci-i-dziadka\/thumbs\/thumbs_dsc07121.jpg\"\n             data-image-id=\"490\"\n             data-title=\"dsc07121\"\n             data-description=\"\"\n             target='_self'\n             class=\"shutterset_d31801de05ae005e90f4ae092d64790d\">\n            <img class=\"ngg-singlepic\"\n             src=\"https:\/\/dpsniemojowice.pl\/2021\/nextgen-image\/490\/0x0x100\/6296fefb52786f9e202e5553f3cd3f4e\"\n             alt=\"dsc07121\"\n             title=\"dsc07121\"\n                           \/>\n    \t<\/a>\n\t\t      <\/div>\n        <\/p>\n<p style=\"text-align: justify;\">            \n\t\t<div class=\"ngg-gallery-singlepic-image \" style=\"\">\n\t\t\t    \t<a href=\"https:\/\/dpsniemojowice.pl\/2021\/wp-content\/gallery\/eliksir-mlodosci-na-dzien-babci-i-dziadka\/dsc07152.jpg\"\n\t\t     title=\"\"\n             data-src=\"https:\/\/dpsniemojowice.pl\/2021\/wp-content\/gallery\/eliksir-mlodosci-na-dzien-babci-i-dziadka\/dsc07152.jpg\"\n             data-thumbnail=\"https:\/\/dpsniemojowice.pl\/2021\/wp-content\/gallery\/eliksir-mlodosci-na-dzien-babci-i-dziadka\/thumbs\/thumbs_dsc07152.jpg\"\n             data-image-id=\"491\"\n             data-title=\"dsc07152\"\n             data-description=\"\"\n             target='_self'\n             class=\"shutterset_93f1f982b168da13ca68a3c95d792160\">\n            <img class=\"ngg-singlepic\"\n             src=\"https:\/\/dpsniemojowice.pl\/2021\/nextgen-image\/491\/0x0x100\/a679475e9c3c92334728f014dbe1b67c\"\n             alt=\"dsc07152\"\n             title=\"dsc07152\"\n                           \/>\n    \t<\/a>\n\t\t      <\/div>\n        <\/p>\n","protected":false},"excerpt":{"rendered":"<p>W dniu 29.01.2016r. odwiedzi\u0142a nas m\u0142odzie\u017c z Gimnazjum w Parady\u017cu. Przyby\u0142ych serdecznie przywita\u0142a Dyrektor Domu Pani Renata Konecka, oraz zaprosi\u0142a wszystkich do obejrzenia programu przygotowanego przez m\u0142odzie\u017c pod kierownictwem wychowawczyni Pani Ewy Krajewskiej.<\/p>\n","protected":false},"author":1,"featured_media":1182,"comment_status":"open","ping_status":"open","sticky":false,"template":"","format":"standard","meta":{"ngg_post_thumbnail":0},"categories":[1],"tags":[],"_links":{"self":[{"href":"https:\/\/dpsniemojowice.pl\/2021\/wp-json\/wp\/v2\/posts\/1175"}],"collection":[{"href":"https:\/\/dpsniemojowice.pl\/2021\/wp-json\/wp\/v2\/posts"}],"about":[{"href":"https:\/\/dpsniemojowice.pl\/2021\/wp-json\/wp\/v2\/types\/post"}],"author":[{"embeddable":true,"href":"https:\/\/dpsniemojowice.pl\/2021\/wp-json\/wp\/v2\/users\/1"}],"replies":[{"embeddable":true,"href":"https:\/\/dpsniemojowice.pl\/2021\/wp-json\/wp\/v2\/comments?post=1175"}],"version-history":[{"count":3,"href":"https:\/\/dpsniemojowice.pl\/2021\/wp-json\/wp\/v2\/posts\/1175\/revisions"}],"predecessor-version":[{"id":1185,"href":"https:\/\/dpsniemojowice.pl\/2021\/wp-json\/wp\/v2\/posts\/1175\/revisions\/1185"}],"wp:featuredmedia":[{"embeddable":true,"href":"https:\/\/dpsniemojowice.pl\/2021\/wp-json\/wp\/v2\/media\/1182"}],"wp:attachment":[{"href":"https:\/\/dpsniemojowice.pl\/2021\/wp-json\/wp\/v2\/media?parent=1175"}],"wp:term":[{"taxonomy":"category","embeddable":true,"href":"https:\/\/dpsniemojowice.pl\/2021\/wp-json\/wp\/v2\/categories?post=1175"},{"taxonomy":"post_tag","embeddable":true,"href":"https:\/\/dpsniemojowice.pl\/2021\/wp-json\/wp\/v2\/tags?post=1175"}],"curies":[{"name":"wp","href":"https:\/\/api.w.org\/{rel}","templated":true}]}}