{"id":127,"date":"2013-01-16T20:40:06","date_gmt":"2013-01-16T20:40:06","guid":{"rendered":"http:\/\/dpsniemojowice.pl\/2021\/?p=127"},"modified":"2013-03-08T07:47:38","modified_gmt":"2013-03-08T07:47:38","slug":"koledujmy-wszyscy-wraz-2013-konskie","status":"publish","type":"post","link":"https:\/\/dpsniemojowice.pl\/2021\/aktualnosci\/koledujmy-wszyscy-wraz-2013-konskie\/","title":{"rendered":"&#8222;Kol\u0119dujmy Wszyscy Wraz 2013&#8221;"},"content":{"rendered":"<p style=\"text-align: justify;\">16 stycznia w Szkole Podstawowej nr 1 w Ko\u0144skich odby\u0142o si\u0119 spotkanie noworoczne \u201eKOL\u0118DUJMY WSZYSCY WRAZ 2013\u201d organizowane przez mieszka\u0144c\u00f3w Domu Pomocy Spo\u0142ecznej \u201eCichy Zak\u0105tek\u201d. W spotkaniu tym corocznie bior\u0105 udzia\u0142 mieszka\u0144cy Dom\u00f3w Pomocy Spo\u0142ecznej z wojew\u00f3dztwa \u015bwi\u0119tokrzyskiego, jak r\u00f3wnie\u017c mieszka\u0144cy DPS z Niemojowic. <!--more-->Przepi\u0119kne polskie kol\u0119dy \u015bpiewane w towarzystwie przyjaci\u00f3\u0142, wsp\u00f3lne sp\u0119dzone chwile i wspania\u0142a zabawa taneczna sprawiaj\u0105, \u017ce mieszka\u0144cy Domu Pomocy Spo\u0142ecznej z Niemojowic wraz z opiekunami ju\u017c dzi\u015b oczekuj\u0105 na przysz\u0142oroczne spotkanie \u015bwi\u0105teczne w Ko\u0144skich.<\/p>\n<p style=\"text-align: center;\"><a href=\"http:\/\/dpsniemojowice.pl\/2021\/wp-content\/uploads\/2013\/03\/1cee1f073d69326fa262f679ffd72c1b5f0c0236.jpg\"><img loading=\"lazy\" class=\"wp-image-128 aligncenter\" style=\"border: 1px solid black;\" alt=\"1cee1f073d69326fa262f679ffd72c1b5f0c0236\" src=\"http:\/\/dpsniemojowice.pl\/2021\/wp-content\/uploads\/2013\/03\/1cee1f073d69326fa262f679ffd72c1b5f0c0236-300x169.jpg\" width=\"500\" height=\"282\" srcset=\"https:\/\/dpsniemojowice.pl\/2021\/wp-content\/uploads\/2013\/03\/1cee1f073d69326fa262f679ffd72c1b5f0c0236-300x169.jpg 300w, https:\/\/dpsniemojowice.pl\/2021\/wp-content\/uploads\/2013\/03\/1cee1f073d69326fa262f679ffd72c1b5f0c0236.jpg 500w\" sizes=\"(max-width: 500px) 100vw, 500px\" \/><\/a><\/p>\n","protected":false},"excerpt":{"rendered":"<p>16 stycznia w Szkole Podstawowej nr 1 w Ko\u0144skich odby\u0142o si\u0119 spotkanie noworoczne \u201eKOL\u0118DUJMY WSZYSCY WRAZ 2013\u201d organizowane przez mieszka\u0144c\u00f3w Domu Pomocy Spo\u0142ecznej \u201eCichy Zak\u0105tek\u201d. W spotkaniu tym corocznie bior\u0105 udzia\u0142 mieszka\u0144cy Dom\u00f3w Pomocy Spo\u0142ecznej z wojew\u00f3dztwa \u015bwi\u0119tokrzyskiego, jak r\u00f3wnie\u017c mieszka\u0144cy DPS z Niemojowic.<\/p>\n","protected":false},"author":1,"featured_media":128,"comment_status":"open","ping_status":"open","sticky":false,"template":"","format":"standard","meta":{"ngg_post_thumbnail":0},"categories":[1],"tags":[],"_links":{"self":[{"href":"https:\/\/dpsniemojowice.pl\/2021\/wp-json\/wp\/v2\/posts\/127"}],"collection":[{"href":"https:\/\/dpsniemojowice.pl\/2021\/wp-json\/wp\/v2\/posts"}],"about":[{"href":"https:\/\/dpsniemojowice.pl\/2021\/wp-json\/wp\/v2\/types\/post"}],"author":[{"embeddable":true,"href":"https:\/\/dpsniemojowice.pl\/2021\/wp-json\/wp\/v2\/users\/1"}],"replies":[{"embeddable":true,"href":"https:\/\/dpsniemojowice.pl\/2021\/wp-json\/wp\/v2\/comments?post=127"}],"version-history":[{"count":3,"href":"https:\/\/dpsniemojowice.pl\/2021\/wp-json\/wp\/v2\/posts\/127\/revisions"}],"predecessor-version":[{"id":131,"href":"https:\/\/dpsniemojowice.pl\/2021\/wp-json\/wp\/v2\/posts\/127\/revisions\/131"}],"wp:featuredmedia":[{"embeddable":true,"href":"https:\/\/dpsniemojowice.pl\/2021\/wp-json\/wp\/v2\/media\/128"}],"wp:attachment":[{"href":"https:\/\/dpsniemojowice.pl\/2021\/wp-json\/wp\/v2\/media?parent=127"}],"wp:term":[{"taxonomy":"category","embeddable":true,"href":"https:\/\/dpsniemojowice.pl\/2021\/wp-json\/wp\/v2\/categories?post=127"},{"taxonomy":"post_tag","embeddable":true,"href":"https:\/\/dpsniemojowice.pl\/2021\/wp-json\/wp\/v2\/tags?post=127"}],"curies":[{"name":"wp","href":"https:\/\/api.w.org\/{rel}","templated":true}]}}