{"id":1303,"date":"2016-09-13T19:42:02","date_gmt":"2016-09-13T19:42:02","guid":{"rendered":"http:\/\/dpsniemojowice.pl\/2021\/?p=1303"},"modified":"2016-09-14T19:43:49","modified_gmt":"2016-09-14T19:43:49","slug":"spotkanie-integracyjne-z-domem-dziennego-pobytu-senior-wigor-z-miedznej-drewnianej","status":"publish","type":"post","link":"https:\/\/dpsniemojowice.pl\/2021\/aktualnosci\/spotkanie-integracyjne-z-domem-dziennego-pobytu-senior-wigor-z-miedznej-drewnianej\/","title":{"rendered":"SPOTKANIE INTEGRACYJNE Z DOMEM DZIENNEGO POBYTU \u201eSENIOR &#8211; WIGOR\u201d Z MIEDZNEJ DREWNIANEJ"},"content":{"rendered":"<p style=\"text-align: justify;\">W dniu 13.09.2016r. po raz pierwszy odwiedzili nas uczestnicy Domu Dziennego Pobytu \u201eSenior &#8211; Wigor\u201d z Miedznej Drewnianej wraz z Pani\u0105 Kierownik Marzen\u0105 Grzesi\u0144sk\u0105 i pracownikami.<!--more--> Spotkanie rozpocz\u0119\u0142o si\u0119 zaprezentowaniem kr\u00f3tkiego programu artystycznego przez grup\u0119 teatraln\u0105 naszego Domu \u201eCzarno to widz\u0119\u201d. R\u00f3wnie\u017c zaproszeni go\u015bcie przedstawili zabawny wyst\u0119p s\u0142owno-muzyczny, gdzie zostali nagrodzeni gromkimi brawami. Po s\u0142odkim akcencie ruszyli\u015bmy do wsp\u00f3lnej zabawy przeplatanej licznymi konkursami, w kt\u00f3rej wszyscy ch\u0119tnie brali udzia\u0142. Nast\u0119pnym punktem by\u0142o wsp\u00f3lne \u015bpiewanie przy sto\u0142ach piosenek biesiadnych i ludowych, gdzie ka\u017cdy indywidualnie m\u00f3g\u0142 zaprezentowa\u0107 swoje umiej\u0119tno\u015bci \u015bpiewaj\u0105c znane piosenki. Po smacznym obiedzie ch\u0119tni skocznie udali si\u0119 do zabawy przy muzyce, nie zabrak\u0142o r\u00f3wnie\u017c zabawy \u201eMam chusteczk\u0119 haftowan\u0105\u201d.<\/p>\n<p style=\"text-align: justify;\">            \n\t\t<div class=\"ngg-gallery-singlepic-image \" style=\"\">\n\t\t\t    \t<a href=\"https:\/\/dpsniemojowice.pl\/2021\/wp-content\/gallery\/spotkanie-integracyjne-z-domem-dziennego-pobytu-senior-wigor-z-miedznej-drewnianej\/dsc08136.jpg\"\n\t\t     title=\"\"\n             data-src=\"https:\/\/dpsniemojowice.pl\/2021\/wp-content\/gallery\/spotkanie-integracyjne-z-domem-dziennego-pobytu-senior-wigor-z-miedznej-drewnianej\/dsc08136.jpg\"\n             data-thumbnail=\"https:\/\/dpsniemojowice.pl\/2021\/wp-content\/gallery\/spotkanie-integracyjne-z-domem-dziennego-pobytu-senior-wigor-z-miedznej-drewnianej\/thumbs\/thumbs_dsc08136.jpg\"\n             data-image-id=\"536\"\n             data-title=\"dsc08136\"\n             data-description=\"\"\n             target='_self'\n             class=\"shutterset_42a62ba689f8cccdbecd537a2730b128\">\n            <img class=\"ngg-singlepic\"\n             src=\"https:\/\/dpsniemojowice.pl\/2021\/nextgen-image\/536\/0x0x100\/aeff424631befb329169d238849c7ead\"\n             alt=\"dsc08136\"\n             title=\"dsc08136\"\n                           \/>\n    \t<\/a>\n\t\t      <\/div>\n        <\/p>\n<p style=\"text-align: justify;\">            \n\t\t<div class=\"ngg-gallery-singlepic-image \" style=\"\">\n\t\t\t    \t<a href=\"https:\/\/dpsniemojowice.pl\/2021\/wp-content\/gallery\/spotkanie-integracyjne-z-domem-dziennego-pobytu-senior-wigor-z-miedznej-drewnianej\/dsc08161.jpg\"\n\t\t     title=\"\"\n             data-src=\"https:\/\/dpsniemojowice.pl\/2021\/wp-content\/gallery\/spotkanie-integracyjne-z-domem-dziennego-pobytu-senior-wigor-z-miedznej-drewnianej\/dsc08161.jpg\"\n             data-thumbnail=\"https:\/\/dpsniemojowice.pl\/2021\/wp-content\/gallery\/spotkanie-integracyjne-z-domem-dziennego-pobytu-senior-wigor-z-miedznej-drewnianej\/thumbs\/thumbs_dsc08161.jpg\"\n             data-image-id=\"537\"\n             data-title=\"dsc08161\"\n             data-description=\"\"\n             target='_self'\n             class=\"shutterset_a9ea66d086ab057dac3d2d06a948111e\">\n            <img class=\"ngg-singlepic\"\n             src=\"https:\/\/dpsniemojowice.pl\/2021\/nextgen-image\/537\/0x0x100\/93c38ff98e17ae0e18ca2f3de9985503\"\n             alt=\"dsc08161\"\n             title=\"dsc08161\"\n                           \/>\n    \t<\/a>\n\t\t      <\/div>\n        <\/p>\n<p style=\"text-align: justify;\">            \n\t\t<div class=\"ngg-gallery-singlepic-image \" style=\"\">\n\t\t\t    \t<a href=\"https:\/\/dpsniemojowice.pl\/2021\/wp-content\/gallery\/spotkanie-integracyjne-z-domem-dziennego-pobytu-senior-wigor-z-miedznej-drewnianej\/dsc08169.jpg\"\n\t\t     title=\"\"\n             data-src=\"https:\/\/dpsniemojowice.pl\/2021\/wp-content\/gallery\/spotkanie-integracyjne-z-domem-dziennego-pobytu-senior-wigor-z-miedznej-drewnianej\/dsc08169.jpg\"\n             data-thumbnail=\"https:\/\/dpsniemojowice.pl\/2021\/wp-content\/gallery\/spotkanie-integracyjne-z-domem-dziennego-pobytu-senior-wigor-z-miedznej-drewnianej\/thumbs\/thumbs_dsc08169.jpg\"\n             data-image-id=\"538\"\n             data-title=\"dsc08169\"\n             data-description=\"\"\n             target='_self'\n             class=\"shutterset_e91df9a9d7f971b07a4ca64a587fe0ff\">\n            <img class=\"ngg-singlepic\"\n             src=\"https:\/\/dpsniemojowice.pl\/2021\/nextgen-image\/538\/0x0x100\/48c8185750082c5a8a3a2cff95729d34\"\n             alt=\"dsc08169\"\n             title=\"dsc08169\"\n                           \/>\n    \t<\/a>\n\t\t      <\/div>\n        <\/p>\n<p style=\"text-align: justify;\">            \n\t\t<div class=\"ngg-gallery-singlepic-image \" style=\"\">\n\t\t\t    \t<a href=\"https:\/\/dpsniemojowice.pl\/2021\/wp-content\/gallery\/spotkanie-integracyjne-z-domem-dziennego-pobytu-senior-wigor-z-miedznej-drewnianej\/dsc08221.jpg\"\n\t\t     title=\"\"\n             data-src=\"https:\/\/dpsniemojowice.pl\/2021\/wp-content\/gallery\/spotkanie-integracyjne-z-domem-dziennego-pobytu-senior-wigor-z-miedznej-drewnianej\/dsc08221.jpg\"\n             data-thumbnail=\"https:\/\/dpsniemojowice.pl\/2021\/wp-content\/gallery\/spotkanie-integracyjne-z-domem-dziennego-pobytu-senior-wigor-z-miedznej-drewnianej\/thumbs\/thumbs_dsc08221.jpg\"\n             data-image-id=\"539\"\n             data-title=\"dsc08221\"\n             data-description=\"\"\n             target='_self'\n             class=\"shutterset_bdd842034767bf0ce097f6f6634ac54e\">\n            <img class=\"ngg-singlepic\"\n             src=\"https:\/\/dpsniemojowice.pl\/2021\/nextgen-image\/539\/0x0x100\/6ce8220f23a8f04c13bdc7b5bbedeef5\"\n             alt=\"dsc08221\"\n             title=\"dsc08221\"\n                           \/>\n    \t<\/a>\n\t\t      <\/div>\n        <\/p>\n<p style=\"text-align: justify;\">            \n\t\t<div class=\"ngg-gallery-singlepic-image \" style=\"\">\n\t\t\t    \t<a href=\"https:\/\/dpsniemojowice.pl\/2021\/wp-content\/gallery\/spotkanie-integracyjne-z-domem-dziennego-pobytu-senior-wigor-z-miedznej-drewnianej\/dsc08281.jpg\"\n\t\t     title=\"\"\n             data-src=\"https:\/\/dpsniemojowice.pl\/2021\/wp-content\/gallery\/spotkanie-integracyjne-z-domem-dziennego-pobytu-senior-wigor-z-miedznej-drewnianej\/dsc08281.jpg\"\n             data-thumbnail=\"https:\/\/dpsniemojowice.pl\/2021\/wp-content\/gallery\/spotkanie-integracyjne-z-domem-dziennego-pobytu-senior-wigor-z-miedznej-drewnianej\/thumbs\/thumbs_dsc08281.jpg\"\n             data-image-id=\"540\"\n             data-title=\"dsc08281\"\n             data-description=\"\"\n             target='_self'\n             class=\"shutterset_bee2d57675bb8af07e64298529daef50\">\n            <img class=\"ngg-singlepic\"\n             src=\"https:\/\/dpsniemojowice.pl\/2021\/nextgen-image\/540\/0x0x100\/8d81095876f43e8c267b0fb68dc7bd51\"\n             alt=\"dsc08281\"\n             title=\"dsc08281\"\n                           \/>\n    \t<\/a>\n\t\t      <\/div>\n        <\/p>\n","protected":false},"excerpt":{"rendered":"<p>W dniu 13.09.2016r. po raz pierwszy odwiedzili nas uczestnicy Domu Dziennego Pobytu \u201eSenior &#8211; Wigor\u201d z Miedznej Drewnianej wraz z Pani\u0105 Kierownik Marzen\u0105 Grzesi\u0144sk\u0105 i pracownikami.<\/p>\n","protected":false},"author":1,"featured_media":1311,"comment_status":"open","ping_status":"open","sticky":false,"template":"","format":"standard","meta":{"ngg_post_thumbnail":0},"categories":[1],"tags":[],"_links":{"self":[{"href":"https:\/\/dpsniemojowice.pl\/2021\/wp-json\/wp\/v2\/posts\/1303"}],"collection":[{"href":"https:\/\/dpsniemojowice.pl\/2021\/wp-json\/wp\/v2\/posts"}],"about":[{"href":"https:\/\/dpsniemojowice.pl\/2021\/wp-json\/wp\/v2\/types\/post"}],"author":[{"embeddable":true,"href":"https:\/\/dpsniemojowice.pl\/2021\/wp-json\/wp\/v2\/users\/1"}],"replies":[{"embeddable":true,"href":"https:\/\/dpsniemojowice.pl\/2021\/wp-json\/wp\/v2\/comments?post=1303"}],"version-history":[{"count":3,"href":"https:\/\/dpsniemojowice.pl\/2021\/wp-json\/wp\/v2\/posts\/1303\/revisions"}],"predecessor-version":[{"id":1313,"href":"https:\/\/dpsniemojowice.pl\/2021\/wp-json\/wp\/v2\/posts\/1303\/revisions\/1313"}],"wp:featuredmedia":[{"embeddable":true,"href":"https:\/\/dpsniemojowice.pl\/2021\/wp-json\/wp\/v2\/media\/1311"}],"wp:attachment":[{"href":"https:\/\/dpsniemojowice.pl\/2021\/wp-json\/wp\/v2\/media?parent=1303"}],"wp:term":[{"taxonomy":"category","embeddable":true,"href":"https:\/\/dpsniemojowice.pl\/2021\/wp-json\/wp\/v2\/categories?post=1303"},{"taxonomy":"post_tag","embeddable":true,"href":"https:\/\/dpsniemojowice.pl\/2021\/wp-json\/wp\/v2\/tags?post=1303"}],"curies":[{"name":"wp","href":"https:\/\/api.w.org\/{rel}","templated":true}]}}