{"id":132,"date":"2013-01-09T07:50:45","date_gmt":"2013-01-09T07:50:45","guid":{"rendered":"http:\/\/dpsniemojowice.pl\/2021\/?p=132"},"modified":"2013-03-08T08:00:13","modified_gmt":"2013-03-08T08:00:13","slug":"bal-karnawalowy-2","status":"publish","type":"post","link":"https:\/\/dpsniemojowice.pl\/2021\/aktualnosci\/bal-karnawalowy-2\/","title":{"rendered":"Bal Karnawa\u0142owy"},"content":{"rendered":"<p style=\"text-align: justify;\">W okresie karnawa\u0142u w dniu 09.01.2013 r. pracownicy Domu Pomocy Spo\u0142ecznej w Niemojowicach przygotowali dla mieszka\u0144c\u00f3w Domu bal karnawa\u0142owy po\u0142\u0105czony z licznymi niespodziankami. Jak to tradycja nakazuje mieszka\u0144cy ubrani byli w stroje karnawa\u0142owe. Podczas zabawy tanecznej ch\u0119tnie uczestniczyli w licznych zabawach i konkursach.<!--more--> Spotkanie zosta\u0142o zako\u0144czone \u201ePoci\u0105giem\u201d, kt\u00f3ry przeszed\u0142 korytarzami domu.<\/p>\n<p style=\"text-align: center;\"><!-- index.php -->\n<div\n\tclass=\"ngg-galleryoverview ngg-ajax-pagination-none\"\n\tid=\"ngg-gallery-222401ff6d3551e87efb58a61d51aff8-1\">\n\n    \t<div class=\"slideshowlink\">\n        <a href='https:\/\/dpsniemojowice.pl\/2021\/aktualnosci\/bal-karnawalowy-2\/nggallery\/slideshow'>Pokaz slajd\u00f3w<\/a>\n\t\t\n\t<\/div>\n\t\t\t<!-- Thumbnails -->\n\t\t\t\t<div id=\"ngg-image-0\" class=\"ngg-gallery-thumbnail-box\" >\n\t\t\t\t        <div class=\"ngg-gallery-thumbnail\">\n            <a href=\"https:\/\/dpsniemojowice.pl\/2021\/wp-content\/gallery\/bal-karnawalowy_1\/bal.jpg\"\n               title=\"\"\n               data-src=\"https:\/\/dpsniemojowice.pl\/2021\/wp-content\/gallery\/bal-karnawalowy_1\/bal.jpg\"\n               data-thumbnail=\"https:\/\/dpsniemojowice.pl\/2021\/wp-content\/gallery\/bal-karnawalowy_1\/thumbs\/thumbs_bal.jpg\"\n               data-image-id=\"35\"\n               data-title=\"bal\"\n               data-description=\"\"\n               data-image-slug=\"bal\"\n               class=\"shutterset_222401ff6d3551e87efb58a61d51aff8\">\n                <img\n                    title=\"bal\"\n                    alt=\"bal\"\n                    src=\"https:\/\/dpsniemojowice.pl\/2021\/wp-content\/gallery\/bal-karnawalowy_1\/thumbs\/thumbs_bal.jpg\"\n                    width=\"100\"\n                    height=\"75\"\n                    style=\"max-width:100%;\"\n                \/>\n            <\/a>\n        <\/div>\n\t\t\t\t\t\t\t<\/div> \n\t\t\t\n        \n\t\t\n\t\t<!-- Pagination -->\n\t<div class='ngg-clear'><\/div>\t<\/div>\n<\/p>\n","protected":false},"excerpt":{"rendered":"<p>W okresie karnawa\u0142u w dniu 09.01.2013 r. pracownicy Domu Pomocy Spo\u0142ecznej w Niemojowicach przygotowali dla mieszka\u0144c\u00f3w Domu bal karnawa\u0142owy po\u0142\u0105czony z licznymi niespodziankami. Jak to tradycja nakazuje mieszka\u0144cy ubrani byli w stroje karnawa\u0142owe. Podczas zabawy tanecznej ch\u0119tnie uczestniczyli w licznych zabawach i konkursach.<\/p>\n","protected":false},"author":1,"featured_media":133,"comment_status":"open","ping_status":"open","sticky":false,"template":"","format":"standard","meta":{"ngg_post_thumbnail":0},"categories":[1],"tags":[],"_links":{"self":[{"href":"https:\/\/dpsniemojowice.pl\/2021\/wp-json\/wp\/v2\/posts\/132"}],"collection":[{"href":"https:\/\/dpsniemojowice.pl\/2021\/wp-json\/wp\/v2\/posts"}],"about":[{"href":"https:\/\/dpsniemojowice.pl\/2021\/wp-json\/wp\/v2\/types\/post"}],"author":[{"embeddable":true,"href":"https:\/\/dpsniemojowice.pl\/2021\/wp-json\/wp\/v2\/users\/1"}],"replies":[{"embeddable":true,"href":"https:\/\/dpsniemojowice.pl\/2021\/wp-json\/wp\/v2\/comments?post=132"}],"version-history":[{"count":5,"href":"https:\/\/dpsniemojowice.pl\/2021\/wp-json\/wp\/v2\/posts\/132\/revisions"}],"predecessor-version":[{"id":138,"href":"https:\/\/dpsniemojowice.pl\/2021\/wp-json\/wp\/v2\/posts\/132\/revisions\/138"}],"wp:featuredmedia":[{"embeddable":true,"href":"https:\/\/dpsniemojowice.pl\/2021\/wp-json\/wp\/v2\/media\/133"}],"wp:attachment":[{"href":"https:\/\/dpsniemojowice.pl\/2021\/wp-json\/wp\/v2\/media?parent=132"}],"wp:term":[{"taxonomy":"category","embeddable":true,"href":"https:\/\/dpsniemojowice.pl\/2021\/wp-json\/wp\/v2\/categories?post=132"},{"taxonomy":"post_tag","embeddable":true,"href":"https:\/\/dpsniemojowice.pl\/2021\/wp-json\/wp\/v2\/tags?post=132"}],"curies":[{"name":"wp","href":"https:\/\/api.w.org\/{rel}","templated":true}]}}