{"id":1323,"date":"2016-10-20T20:26:22","date_gmt":"2016-10-20T20:26:22","guid":{"rendered":"http:\/\/dpsniemojowice.pl\/2021\/?p=1323"},"modified":"2016-10-21T20:34:15","modified_gmt":"2016-10-21T20:34:15","slug":"dzien-seniora","status":"publish","type":"post","link":"https:\/\/dpsniemojowice.pl\/2021\/aktualnosci\/dzien-seniora\/","title":{"rendered":"DZIE\u0143 SENIORA"},"content":{"rendered":"<p>20 pa\u017adziernik to Europejski Dzie\u0144 Seniora. To wyj\u0105tkowe \u015bwi\u0119to ludzi starszych, kt\u00f3rym nale\u017cy si\u0119 szacunek i wdzi\u0119czno\u015b\u0107 za bezinteresown\u0105 mi\u0142o\u015b\u0107 i m\u0105dro\u015b\u0107, jakimi obdarowuj\u0105 m\u0142odsze pokolenia.<!--more--> W naszym Domu, aby uczci\u0107 ten dzie\u0144, zosta\u0142o zorganizowane spotkanie przy s\u0142odkim pocz\u0119stunku i muzyce. Po kr\u00f3tkim wyst\u0119pie przygotowanym przez grup\u0119 teatraln\u0105 \u201eCzarno to widz\u0119\u201d dzia\u0142aj\u0105c\u0105 na terenie Domu i \u017cyczeniach z\u0142o\u017conych wszystkim obecnym seniorom przez Dyrektor Domu, rozpocz\u0119\u0142a si\u0119 zabawa przy ulubionych utworach. Ta\u0144ce przeplatane weso\u0142ymi integracyjnymi konkursami wprowadzi\u0142y wszystkich w pogodny i zabawowy nastr\u00f3j.<\/p>\n            \n\t\t<div class=\"ngg-gallery-singlepic-image \" style=\"\">\n\t\t\t    \t<a href=\"https:\/\/dpsniemojowice.pl\/2021\/wp-content\/gallery\/dzien-seniora\/dsc08327.jpg\"\n\t\t     title=\"\"\n             data-src=\"https:\/\/dpsniemojowice.pl\/2021\/wp-content\/gallery\/dzien-seniora\/dsc08327.jpg\"\n             data-thumbnail=\"https:\/\/dpsniemojowice.pl\/2021\/wp-content\/gallery\/dzien-seniora\/thumbs\/thumbs_dsc08327.jpg\"\n             data-image-id=\"544\"\n             data-title=\"dsc08327\"\n             data-description=\"\"\n             target='_self'\n             class=\"shutterset_39c7b4717a3abb73e704d54d39edafca\">\n            <img class=\"ngg-singlepic\"\n             src=\"https:\/\/dpsniemojowice.pl\/2021\/nextgen-image\/544\/0x0x100\/c0e6ea4b7f9eb6f21681efafdba10e3b\"\n             alt=\"dsc08327\"\n             title=\"dsc08327\"\n                           \/>\n    \t<\/a>\n\t\t      <\/div>\n        \n            \n\t\t<div class=\"ngg-gallery-singlepic-image \" style=\"\">\n\t\t\t    \t<a href=\"https:\/\/dpsniemojowice.pl\/2021\/wp-content\/gallery\/dzien-seniora\/dsc08362.jpg\"\n\t\t     title=\"\"\n             data-src=\"https:\/\/dpsniemojowice.pl\/2021\/wp-content\/gallery\/dzien-seniora\/dsc08362.jpg\"\n             data-thumbnail=\"https:\/\/dpsniemojowice.pl\/2021\/wp-content\/gallery\/dzien-seniora\/thumbs\/thumbs_dsc08362.jpg\"\n             data-image-id=\"545\"\n             data-title=\"dsc08362\"\n             data-description=\"\"\n             target='_self'\n             class=\"shutterset_d556cd6446b3cd8c857aa7f158f1822e\">\n            <img class=\"ngg-singlepic\"\n             src=\"https:\/\/dpsniemojowice.pl\/2021\/nextgen-image\/545\/0x0x100\/e0c4063c76ca86fb745a1251378e51dd\"\n             alt=\"dsc08362\"\n             title=\"dsc08362\"\n                           \/>\n    \t<\/a>\n\t\t      <\/div>\n        \n            \n\t\t<div class=\"ngg-gallery-singlepic-image \" style=\"\">\n\t\t\t    \t<a href=\"https:\/\/dpsniemojowice.pl\/2021\/wp-content\/gallery\/dzien-seniora\/dsc08370.jpg\"\n\t\t     title=\"\"\n             data-src=\"https:\/\/dpsniemojowice.pl\/2021\/wp-content\/gallery\/dzien-seniora\/dsc08370.jpg\"\n             data-thumbnail=\"https:\/\/dpsniemojowice.pl\/2021\/wp-content\/gallery\/dzien-seniora\/thumbs\/thumbs_dsc08370.jpg\"\n             data-image-id=\"546\"\n             data-title=\"dsc08370\"\n             data-description=\"\"\n             target='_self'\n             class=\"shutterset_3775550565b6d6b66a1e82d7a37ff4f8\">\n            <img class=\"ngg-singlepic\"\n             src=\"https:\/\/dpsniemojowice.pl\/2021\/nextgen-image\/546\/0x0x100\/82bd77b1178c789ad195459ee61dd4a3\"\n             alt=\"dsc08370\"\n             title=\"dsc08370\"\n                           \/>\n    \t<\/a>\n\t\t      <\/div>\n        \n            \n\t\t<div class=\"ngg-gallery-singlepic-image \" style=\"\">\n\t\t\t    \t<a href=\"https:\/\/dpsniemojowice.pl\/2021\/wp-content\/gallery\/dzien-seniora\/dsc08400.jpg\"\n\t\t     title=\"\"\n             data-src=\"https:\/\/dpsniemojowice.pl\/2021\/wp-content\/gallery\/dzien-seniora\/dsc08400.jpg\"\n             data-thumbnail=\"https:\/\/dpsniemojowice.pl\/2021\/wp-content\/gallery\/dzien-seniora\/thumbs\/thumbs_dsc08400.jpg\"\n             data-image-id=\"547\"\n             data-title=\"dsc08400\"\n             data-description=\"\"\n             target='_self'\n             class=\"shutterset_1b6a7c72ef2dbd28913fca1f1aa02366\">\n            <img class=\"ngg-singlepic\"\n             src=\"https:\/\/dpsniemojowice.pl\/2021\/nextgen-image\/547\/0x0x100\/de2c414371674efb99c1184bca86d055\"\n             alt=\"dsc08400\"\n             title=\"dsc08400\"\n                           \/>\n    \t<\/a>\n\t\t      <\/div>\n        \n","protected":false},"excerpt":{"rendered":"<p>20 pa\u017adziernik to Europejski Dzie\u0144 Seniora. To wyj\u0105tkowe \u015bwi\u0119to ludzi starszych, kt\u00f3rym nale\u017cy si\u0119 szacunek i wdzi\u0119czno\u015b\u0107 za bezinteresown\u0105 mi\u0142o\u015b\u0107 i m\u0105dro\u015b\u0107, jakimi obdarowuj\u0105 m\u0142odsze pokolenia.<\/p>\n","protected":false},"author":1,"featured_media":1330,"comment_status":"open","ping_status":"open","sticky":false,"template":"","format":"standard","meta":{"ngg_post_thumbnail":0},"categories":[1],"tags":[],"_links":{"self":[{"href":"https:\/\/dpsniemojowice.pl\/2021\/wp-json\/wp\/v2\/posts\/1323"}],"collection":[{"href":"https:\/\/dpsniemojowice.pl\/2021\/wp-json\/wp\/v2\/posts"}],"about":[{"href":"https:\/\/dpsniemojowice.pl\/2021\/wp-json\/wp\/v2\/types\/post"}],"author":[{"embeddable":true,"href":"https:\/\/dpsniemojowice.pl\/2021\/wp-json\/wp\/v2\/users\/1"}],"replies":[{"embeddable":true,"href":"https:\/\/dpsniemojowice.pl\/2021\/wp-json\/wp\/v2\/comments?post=1323"}],"version-history":[{"count":2,"href":"https:\/\/dpsniemojowice.pl\/2021\/wp-json\/wp\/v2\/posts\/1323\/revisions"}],"predecessor-version":[{"id":1332,"href":"https:\/\/dpsniemojowice.pl\/2021\/wp-json\/wp\/v2\/posts\/1323\/revisions\/1332"}],"wp:featuredmedia":[{"embeddable":true,"href":"https:\/\/dpsniemojowice.pl\/2021\/wp-json\/wp\/v2\/media\/1330"}],"wp:attachment":[{"href":"https:\/\/dpsniemojowice.pl\/2021\/wp-json\/wp\/v2\/media?parent=1323"}],"wp:term":[{"taxonomy":"category","embeddable":true,"href":"https:\/\/dpsniemojowice.pl\/2021\/wp-json\/wp\/v2\/categories?post=1323"},{"taxonomy":"post_tag","embeddable":true,"href":"https:\/\/dpsniemojowice.pl\/2021\/wp-json\/wp\/v2\/tags?post=1323"}],"curies":[{"name":"wp","href":"https:\/\/api.w.org\/{rel}","templated":true}]}}