{"id":1334,"date":"2016-11-14T07:44:31","date_gmt":"2016-11-14T07:44:31","guid":{"rendered":"http:\/\/dpsniemojowice.pl\/2021\/?p=1334"},"modified":"2016-11-15T07:50:09","modified_gmt":"2016-11-15T07:50:09","slug":"odwiedziny-przedszkolakow","status":"publish","type":"post","link":"https:\/\/dpsniemojowice.pl\/2021\/aktualnosci\/odwiedziny-przedszkolakow\/","title":{"rendered":"Odwiedziny przedszkolak\u00f3w"},"content":{"rendered":"<p style=\"text-align: justify;\"><span style=\"color: #000000;\">W dniu 14.11.201r. bardzo mi\u0142\u0105 niespodziank\u0119 Mieszka\u0144com naszego Domu zrobi\u0142y dzieci z Przedszkola j\u0119zykowego \u201eAkademia Przedszkolaka\u201d z Opoczna<!--more-->, kt\u00f3re \u00a0przyjecha\u0142y z pani\u0105 dyrektor mgr Agnieszk\u0105 Klimek i opiekunami z pi\u0119knie przygotowanym programem artystycznym. Przedszkolaki w wieku czterech, pi\u0119ciu i sze\u015bciu lat przedstawi\u0142y program po\u015bwi\u0119cony rocznicy 98- lecia odzyskania przez Polsk\u0119 Niepodleg\u0142o\u015bci. Na przedstawieniu dzieci wyrecytowa\u0142y wiersze m.in. \u201eBarwy ojczyste\u201d, \u201ePi\u0119kna jest nasza ziemia\u201d oraz za\u015bpiewa\u0142y hymn Polski i wiele pie\u015bni patriotycznych takich jak \u201eSerce w plecaku\u201d, \u201eWojenko, wojenko\u201d, \u201eRozkwita\u0142y p\u0105ki bia\u0142ych r\u00f3\u017c\u201d. Ka\u017cdy z Mieszka\u0144c\u00f3w dosta\u0142 \u00a0w\u0142asnor\u0119cznie wykonany przez dzieci bia\u0142o-czerwony kotylion, symbolizuj\u0105cy dzie\u0144 11 listopada. Ponadto na zako\u0144czenie maluchy wr\u0119czy\u0142y Mieszka\u0144com du\u017c\u0105 kartk\u0119 z \u017cyczeniami z okazji Dnia Seniora i za\u015bpiewa\u0142y \u201eSto lat\u201d.<\/span><\/p>\n<p style=\"text-align: justify;\"><span style=\"color: #000000;\">BARDZO SERDECZNIE DZI\u0118KUJEMY I ZAPRASZAMY PONOWNIE<\/span><\/p>\n<p style=\"text-align: justify;\">            \n\t\t<div class=\"ngg-gallery-singlepic-image \" style=\"\">\n\t\t\t    \t<a href=\"https:\/\/dpsniemojowice.pl\/2021\/wp-content\/gallery\/odwiedziny-przedszkolakow\/dsc08504.jpg\"\n\t\t     title=\"\"\n             data-src=\"https:\/\/dpsniemojowice.pl\/2021\/wp-content\/gallery\/odwiedziny-przedszkolakow\/dsc08504.jpg\"\n             data-thumbnail=\"https:\/\/dpsniemojowice.pl\/2021\/wp-content\/gallery\/odwiedziny-przedszkolakow\/thumbs\/thumbs_dsc08504.jpg\"\n             data-image-id=\"548\"\n             data-title=\"dsc08504\"\n             data-description=\"\"\n             target='_self'\n             class=\"shutterset_1e0e2b4db85f1eefada729923f5c8fb8\">\n            <img class=\"ngg-singlepic\"\n             src=\"https:\/\/dpsniemojowice.pl\/2021\/nextgen-image\/548\/0x0x100\/61c130375c6f8e93e1f106d497360809\"\n             alt=\"dsc08504\"\n             title=\"dsc08504\"\n                           \/>\n    \t<\/a>\n\t\t      <\/div>\n        <\/p>\n<p style=\"text-align: justify;\">            \n\t\t<div class=\"ngg-gallery-singlepic-image \" style=\"\">\n\t\t\t    \t<a href=\"https:\/\/dpsniemojowice.pl\/2021\/wp-content\/gallery\/odwiedziny-przedszkolakow\/dsc08517.jpg\"\n\t\t     title=\"\"\n             data-src=\"https:\/\/dpsniemojowice.pl\/2021\/wp-content\/gallery\/odwiedziny-przedszkolakow\/dsc08517.jpg\"\n             data-thumbnail=\"https:\/\/dpsniemojowice.pl\/2021\/wp-content\/gallery\/odwiedziny-przedszkolakow\/thumbs\/thumbs_dsc08517.jpg\"\n             data-image-id=\"549\"\n             data-title=\"dsc08517\"\n             data-description=\"\"\n             target='_self'\n             class=\"shutterset_ab33c94db68ae94d0e2487e8577bc355\">\n            <img class=\"ngg-singlepic\"\n             src=\"https:\/\/dpsniemojowice.pl\/2021\/nextgen-image\/549\/0x0x100\/c5d7d89ae703fc0c4cfe90efdd4c9313\"\n             alt=\"dsc08517\"\n             title=\"dsc08517\"\n                           \/>\n    \t<\/a>\n\t\t      <\/div>\n        <\/p>\n<p style=\"text-align: justify;\">            \n\t\t<div class=\"ngg-gallery-singlepic-image \" style=\"\">\n\t\t\t    \t<a href=\"https:\/\/dpsniemojowice.pl\/2021\/wp-content\/gallery\/odwiedziny-przedszkolakow\/dsc08522.jpg\"\n\t\t     title=\"\"\n             data-src=\"https:\/\/dpsniemojowice.pl\/2021\/wp-content\/gallery\/odwiedziny-przedszkolakow\/dsc08522.jpg\"\n             data-thumbnail=\"https:\/\/dpsniemojowice.pl\/2021\/wp-content\/gallery\/odwiedziny-przedszkolakow\/thumbs\/thumbs_dsc08522.jpg\"\n             data-image-id=\"550\"\n             data-title=\"dsc08522\"\n             data-description=\"\"\n             target='_self'\n             class=\"shutterset_1e54e51040d85548cbe1ac03d4ad8957\">\n            <img class=\"ngg-singlepic\"\n             src=\"https:\/\/dpsniemojowice.pl\/2021\/nextgen-image\/550\/0x0x100\/a53dcd4b99b4b75e480822223a7414bc\"\n             alt=\"dsc08522\"\n             title=\"dsc08522\"\n                           \/>\n    \t<\/a>\n\t\t      <\/div>\n        <\/p>\n<p style=\"text-align: justify;\">            \n\t\t<div class=\"ngg-gallery-singlepic-image \" style=\"\">\n\t\t\t    \t<a href=\"https:\/\/dpsniemojowice.pl\/2021\/wp-content\/gallery\/odwiedziny-przedszkolakow\/dsc08528.jpg\"\n\t\t     title=\"\"\n             data-src=\"https:\/\/dpsniemojowice.pl\/2021\/wp-content\/gallery\/odwiedziny-przedszkolakow\/dsc08528.jpg\"\n             data-thumbnail=\"https:\/\/dpsniemojowice.pl\/2021\/wp-content\/gallery\/odwiedziny-przedszkolakow\/thumbs\/thumbs_dsc08528.jpg\"\n             data-image-id=\"551\"\n             data-title=\"dsc08528\"\n             data-description=\"\"\n             target='_self'\n             class=\"shutterset_17053a907538b35ba7e6b7fdb98d302a\">\n            <img class=\"ngg-singlepic\"\n             src=\"https:\/\/dpsniemojowice.pl\/2021\/nextgen-image\/551\/0x0x100\/fb2aae2064966ead18d2b23451fffdb6\"\n             alt=\"dsc08528\"\n             title=\"dsc08528\"\n                           \/>\n    \t<\/a>\n\t\t      <\/div>\n        <\/p>\n","protected":false},"excerpt":{"rendered":"<p>W dniu 14.11.201r. bardzo mi\u0142\u0105 niespodziank\u0119 Mieszka\u0144com naszego Domu zrobi\u0142y dzieci z Przedszkola j\u0119zykowego \u201eAkademia Przedszkolaka\u201d z Opoczna<\/p>\n","protected":false},"author":1,"featured_media":1341,"comment_status":"open","ping_status":"open","sticky":false,"template":"","format":"standard","meta":{"ngg_post_thumbnail":0},"categories":[1],"tags":[],"_links":{"self":[{"href":"https:\/\/dpsniemojowice.pl\/2021\/wp-json\/wp\/v2\/posts\/1334"}],"collection":[{"href":"https:\/\/dpsniemojowice.pl\/2021\/wp-json\/wp\/v2\/posts"}],"about":[{"href":"https:\/\/dpsniemojowice.pl\/2021\/wp-json\/wp\/v2\/types\/post"}],"author":[{"embeddable":true,"href":"https:\/\/dpsniemojowice.pl\/2021\/wp-json\/wp\/v2\/users\/1"}],"replies":[{"embeddable":true,"href":"https:\/\/dpsniemojowice.pl\/2021\/wp-json\/wp\/v2\/comments?post=1334"}],"version-history":[{"count":2,"href":"https:\/\/dpsniemojowice.pl\/2021\/wp-json\/wp\/v2\/posts\/1334\/revisions"}],"predecessor-version":[{"id":1342,"href":"https:\/\/dpsniemojowice.pl\/2021\/wp-json\/wp\/v2\/posts\/1334\/revisions\/1342"}],"wp:featuredmedia":[{"embeddable":true,"href":"https:\/\/dpsniemojowice.pl\/2021\/wp-json\/wp\/v2\/media\/1341"}],"wp:attachment":[{"href":"https:\/\/dpsniemojowice.pl\/2021\/wp-json\/wp\/v2\/media?parent=1334"}],"wp:term":[{"taxonomy":"category","embeddable":true,"href":"https:\/\/dpsniemojowice.pl\/2021\/wp-json\/wp\/v2\/categories?post=1334"},{"taxonomy":"post_tag","embeddable":true,"href":"https:\/\/dpsniemojowice.pl\/2021\/wp-json\/wp\/v2\/tags?post=1334"}],"curies":[{"name":"wp","href":"https:\/\/api.w.org\/{rel}","templated":true}]}}