{"id":1410,"date":"2017-01-20T05:46:54","date_gmt":"2017-01-20T05:46:54","guid":{"rendered":"http:\/\/dpsniemojowice.pl\/2021\/?p=1410"},"modified":"2017-01-23T05:51:24","modified_gmt":"2017-01-23T05:51:24","slug":"dzien-babci-i-dziadka-4","status":"publish","type":"post","link":"https:\/\/dpsniemojowice.pl\/2021\/aktualnosci\/dzien-babci-i-dziadka-4\/","title":{"rendered":"DZIE\u0143 BABCI I DZIADKA"},"content":{"rendered":"<p>Dzie\u0144 Babci rozpowszechni\u0142 si\u0119 w naszym kraju ju\u017c pod koniec lat 60. ubieg\u0142ego wieku. \u017beby dziadkowie nie byli poszkodowani, pod koniec lat 80. w kalendarzu \u015bwi\u0105t obok Dnia Babci pojawi\u0142 si\u0119 r\u00f3wnie\u017c Dzie\u0144 Dziadka. <!--more-->W zwi\u0105zku ze zbli\u017caj\u0105cym si\u0119 \u015bwi\u0119tem bab\u0107 i dziadk\u00f3w, w dniu 20 stycznia na sto\u0142\u00f3wce Domu odby\u0142o si\u0119 uroczyste spotkanie. Uczestnicy zebrali si\u0119 przy s\u0142odkim pocz\u0119stunku, aby mi\u0142o sp\u0119dzi\u0107 czas i powspomina\u0107 lata m\u0142odo\u015bci. Mi\u0142\u0105 niespodziank\u0119 wszystkim Mieszka\u0144com zrobi\u0142a grupa teatralna \u201eCzarno to widz\u0119\u201d, przygotowuj\u0105c program artystyczny, w kt\u00f3rym wyst\u0105pi\u0142y r\u00f3wnie\u017c rehabilitantki i instruktor terapii zaj\u0119ciowej, wcielaj\u0105c si\u0119 w role dzieci.<\/p>\n<p><i>Kocham mocno Babci\u0119, Dziadka<\/i><\/p>\n<p><i>\u00a0To nie \u017carty moi mili<\/i><\/p>\n<p><i>\u00a0Dzisiaj im \u017cyczenia sk\u0142adam <\/i><\/p>\n<p><i>By sto latek jeszcze \u017cyli!!!<\/i><\/p>\n            \n\t\t<div class=\"ngg-gallery-singlepic-image \" style=\"\">\n\t\t\t    \t<a href=\"https:\/\/dpsniemojowice.pl\/2021\/wp-content\/gallery\/dzien-babci-i-dziadka-4\/dsc08824.jpg\"\n\t\t     title=\"\"\n             data-src=\"https:\/\/dpsniemojowice.pl\/2021\/wp-content\/gallery\/dzien-babci-i-dziadka-4\/dsc08824.jpg\"\n             data-thumbnail=\"https:\/\/dpsniemojowice.pl\/2021\/wp-content\/gallery\/dzien-babci-i-dziadka-4\/thumbs\/thumbs_dsc08824.jpg\"\n             data-image-id=\"582\"\n             data-title=\"dsc08824\"\n             data-description=\"\"\n             target='_self'\n             class=\"shutterset_47c2a92549adeae5ea835fb16f48ddb7\">\n            <img class=\"ngg-singlepic\"\n             src=\"https:\/\/dpsniemojowice.pl\/2021\/nextgen-image\/582\/0x0x100\/58c2b64b0fb0d032ee500207f4257910\"\n             alt=\"dsc08824\"\n             title=\"dsc08824\"\n                           \/>\n    \t<\/a>\n\t\t      <\/div>\n        \n            \n\t\t<div class=\"ngg-gallery-singlepic-image \" style=\"\">\n\t\t\t    \t<a href=\"https:\/\/dpsniemojowice.pl\/2021\/wp-content\/gallery\/dzien-babci-i-dziadka-4\/dsc08827.jpg\"\n\t\t     title=\"\"\n             data-src=\"https:\/\/dpsniemojowice.pl\/2021\/wp-content\/gallery\/dzien-babci-i-dziadka-4\/dsc08827.jpg\"\n             data-thumbnail=\"https:\/\/dpsniemojowice.pl\/2021\/wp-content\/gallery\/dzien-babci-i-dziadka-4\/thumbs\/thumbs_dsc08827.jpg\"\n             data-image-id=\"583\"\n             data-title=\"dsc08827\"\n             data-description=\"\"\n             target='_self'\n             class=\"shutterset_773fa31d9b362208a739194f7cea7cd1\">\n            <img class=\"ngg-singlepic\"\n             src=\"https:\/\/dpsniemojowice.pl\/2021\/nextgen-image\/583\/0x0x100\/8eea670bd41104fa2324a258debba83b\"\n             alt=\"dsc08827\"\n             title=\"dsc08827\"\n                           \/>\n    \t<\/a>\n\t\t      <\/div>\n        \n            \n\t\t<div class=\"ngg-gallery-singlepic-image \" style=\"\">\n\t\t\t    \t<a href=\"https:\/\/dpsniemojowice.pl\/2021\/wp-content\/gallery\/dzien-babci-i-dziadka-4\/dsc08830.jpg\"\n\t\t     title=\"\"\n             data-src=\"https:\/\/dpsniemojowice.pl\/2021\/wp-content\/gallery\/dzien-babci-i-dziadka-4\/dsc08830.jpg\"\n             data-thumbnail=\"https:\/\/dpsniemojowice.pl\/2021\/wp-content\/gallery\/dzien-babci-i-dziadka-4\/thumbs\/thumbs_dsc08830.jpg\"\n             data-image-id=\"584\"\n             data-title=\"dsc08830\"\n             data-description=\"\"\n             target='_self'\n             class=\"shutterset_8c8174f932b8862b2615652449fe4fde\">\n            <img class=\"ngg-singlepic\"\n             src=\"https:\/\/dpsniemojowice.pl\/2021\/nextgen-image\/584\/0x0x100\/2e2de273127be6d5993fcbc04b77ce2a\"\n             alt=\"dsc08830\"\n             title=\"dsc08830\"\n                           \/>\n    \t<\/a>\n\t\t      <\/div>\n        \n","protected":false},"excerpt":{"rendered":"<p>Dzie\u0144 Babci rozpowszechni\u0142 si\u0119 w naszym kraju ju\u017c pod koniec lat 60. ubieg\u0142ego wieku. \u017beby dziadkowie nie byli poszkodowani, pod koniec lat 80. w kalendarzu \u015bwi\u0105t obok Dnia Babci pojawi\u0142 si\u0119 r\u00f3wnie\u017c Dzie\u0144 Dziadka.<\/p>\n","protected":false},"author":1,"featured_media":1416,"comment_status":"open","ping_status":"open","sticky":false,"template":"","format":"standard","meta":{"ngg_post_thumbnail":0},"categories":[1],"tags":[],"_links":{"self":[{"href":"https:\/\/dpsniemojowice.pl\/2021\/wp-json\/wp\/v2\/posts\/1410"}],"collection":[{"href":"https:\/\/dpsniemojowice.pl\/2021\/wp-json\/wp\/v2\/posts"}],"about":[{"href":"https:\/\/dpsniemojowice.pl\/2021\/wp-json\/wp\/v2\/types\/post"}],"author":[{"embeddable":true,"href":"https:\/\/dpsniemojowice.pl\/2021\/wp-json\/wp\/v2\/users\/1"}],"replies":[{"embeddable":true,"href":"https:\/\/dpsniemojowice.pl\/2021\/wp-json\/wp\/v2\/comments?post=1410"}],"version-history":[{"count":2,"href":"https:\/\/dpsniemojowice.pl\/2021\/wp-json\/wp\/v2\/posts\/1410\/revisions"}],"predecessor-version":[{"id":1417,"href":"https:\/\/dpsniemojowice.pl\/2021\/wp-json\/wp\/v2\/posts\/1410\/revisions\/1417"}],"wp:featuredmedia":[{"embeddable":true,"href":"https:\/\/dpsniemojowice.pl\/2021\/wp-json\/wp\/v2\/media\/1416"}],"wp:attachment":[{"href":"https:\/\/dpsniemojowice.pl\/2021\/wp-json\/wp\/v2\/media?parent=1410"}],"wp:term":[{"taxonomy":"category","embeddable":true,"href":"https:\/\/dpsniemojowice.pl\/2021\/wp-json\/wp\/v2\/categories?post=1410"},{"taxonomy":"post_tag","embeddable":true,"href":"https:\/\/dpsniemojowice.pl\/2021\/wp-json\/wp\/v2\/tags?post=1410"}],"curies":[{"name":"wp","href":"https:\/\/api.w.org\/{rel}","templated":true}]}}