{"id":1491,"date":"2017-05-22T06:08:04","date_gmt":"2017-05-22T06:08:04","guid":{"rendered":"http:\/\/dpsniemojowice.pl\/2021\/?p=1491"},"modified":"2017-05-25T06:47:57","modified_gmt":"2017-05-25T06:47:57","slug":"powiatowy-dzien-godnosci-osob-niepelnosprawnych-2","status":"publish","type":"post","link":"https:\/\/dpsniemojowice.pl\/2021\/aktualnosci\/powiatowy-dzien-godnosci-osob-niepelnosprawnych-2\/","title":{"rendered":"Powiatowy Dzie\u0144 Godno\u015bci  Os\u00f3b Niepe\u0142nosprawnych"},"content":{"rendered":"<p style=\"text-align: justify;\"><span style=\"color: #000000;\">Starostwo Powiatowe w Opocznie ju\u017c po raz dziewi\u0105ty zorganizowa\u0142o spotkanie \u015brodowisk os\u00f3b niepe\u0142nosprawnych<!--more--> pod nazw\u0105\u201d Powiatowy Dzie\u0144 Godno\u015bci \u00a0Os\u00f3b Niepe\u0142nosprawnych\u201d, w kt\u00f3rym udzia\u0142 wzi\u0119li r\u00f3wnie\u017c Mieszka\u0144cy naszego Domu.<\/span><\/p>\n<p style=\"text-align: justify;\"><span style=\"color: #000000;\">Uroczysto\u015b\u0107 rozpocz\u0119\u0142a si\u0119 Msz\u0105 \u015awi\u0119t\u0105 w Ko\u015bciele p.w. \u015aw. Bart\u0142omieja, po kt\u00f3rej odby\u0142 si\u0119 przemarsz z wcze\u015bniej przygotowanymi bibu\u0142owymi kwiatami w d\u0142oniach do Miejskiego Domu Kultury w Opocznie na ci\u0105g dalszy spotkania.<\/span><\/p>\n<p style=\"text-align: justify;\"><span style=\"color: #000000;\">Po s\u0142odkim pocz\u0119stunku i cz\u0119\u015bci oficjalnej, podczas kt\u00f3rej z\u0142o\u017cono podzi\u0119kowania instytucjom oraz stowarzyszeniom i fundacjom dzia\u0142aj\u0105cym na rzecz os\u00f3b niepe\u0142nosprawnych rozpocz\u0119\u0142y si\u0119\u00a0 wyst\u0119py: dzieci z przedszkola integracyjnego w Opocznie oraz z Centrum Edukacji i Rozwoju w Opocznie, \u00a0uczestnik\u00f3w Warsztat\u00f3w Terapii Zaj\u0119ciowej z Opoczna i \u017barnowa, \u015arodowiskowego Domu Samopomocy z Opoczna i Olszowca, uczestnika CIS w Opocznie, kt\u00f3rych my\u015bl\u0105 przewodni\u0105 by\u0142a muzyka disco polo. Wyst\u0119py bardzo podoba\u0142y si\u0119 zebranym, a arty\u015bci \u015bwietnie potrafili rozbawi\u0107 publiczno\u015b\u0107.<\/span><\/p>\n<p style=\"text-align: justify;\"><span style=\"color: #000000;\">Na zako\u0144czenie Powiatowego Dnia Godno\u015bci Os\u00f3b Niepe\u0142nosprawnych jak co roku uczestnicy zostali zaproszeni na ciep\u0142y bigos.<\/span><\/p>\n<p style=\"text-align: justify;\">            \n\t\t<div class=\"ngg-gallery-singlepic-image \" style=\"\">\n\t\t\t    \t<a href=\"https:\/\/dpsniemojowice.pl\/2021\/wp-content\/gallery\/powiatowy-dzien-godnosci-osob-niepelnosprawnych-2\/dsc09153.jpg\"\n\t\t     title=\"\"\n             data-src=\"https:\/\/dpsniemojowice.pl\/2021\/wp-content\/gallery\/powiatowy-dzien-godnosci-osob-niepelnosprawnych-2\/dsc09153.jpg\"\n             data-thumbnail=\"https:\/\/dpsniemojowice.pl\/2021\/wp-content\/gallery\/powiatowy-dzien-godnosci-osob-niepelnosprawnych-2\/thumbs\/thumbs_dsc09153.jpg\"\n             data-image-id=\"610\"\n             data-title=\"dsc09153\"\n             data-description=\"\"\n             target='_self'\n             class=\"shutterset_3f0aa8e59d5644bf7db10c0d066822d5\">\n            <img class=\"ngg-singlepic\"\n             src=\"https:\/\/dpsniemojowice.pl\/2021\/nextgen-image\/610\/0x0x100\/1b6597a4fa8bfe87bf9c0f4638db27eb\"\n             alt=\"dsc09153\"\n             title=\"dsc09153\"\n                           \/>\n    \t<\/a>\n\t\t      <\/div>\n        <\/p>\n<p style=\"text-align: justify;\">            \n\t\t<div class=\"ngg-gallery-singlepic-image \" style=\"\">\n\t\t\t    \t<a href=\"https:\/\/dpsniemojowice.pl\/2021\/wp-content\/gallery\/powiatowy-dzien-godnosci-osob-niepelnosprawnych-2\/dsc09174.jpg\"\n\t\t     title=\"\"\n             data-src=\"https:\/\/dpsniemojowice.pl\/2021\/wp-content\/gallery\/powiatowy-dzien-godnosci-osob-niepelnosprawnych-2\/dsc09174.jpg\"\n             data-thumbnail=\"https:\/\/dpsniemojowice.pl\/2021\/wp-content\/gallery\/powiatowy-dzien-godnosci-osob-niepelnosprawnych-2\/thumbs\/thumbs_dsc09174.jpg\"\n             data-image-id=\"611\"\n             data-title=\"dsc09174\"\n             data-description=\"\"\n             target='_self'\n             class=\"shutterset_eaee64261f20616caaf9173dc1dc5370\">\n            <img class=\"ngg-singlepic\"\n             src=\"https:\/\/dpsniemojowice.pl\/2021\/nextgen-image\/611\/0x0x100\/a2d921bdb155f797b70f057e58e9612a\"\n             alt=\"dsc09174\"\n             title=\"dsc09174\"\n                           \/>\n    \t<\/a>\n\t\t      <\/div>\n        <\/p>\n<p style=\"text-align: justify;\">            \n\t\t<div class=\"ngg-gallery-singlepic-image \" style=\"\">\n\t\t\t    \t<a href=\"https:\/\/dpsniemojowice.pl\/2021\/wp-content\/gallery\/powiatowy-dzien-godnosci-osob-niepelnosprawnych-2\/dsc09201.jpg\"\n\t\t     title=\"\"\n             data-src=\"https:\/\/dpsniemojowice.pl\/2021\/wp-content\/gallery\/powiatowy-dzien-godnosci-osob-niepelnosprawnych-2\/dsc09201.jpg\"\n             data-thumbnail=\"https:\/\/dpsniemojowice.pl\/2021\/wp-content\/gallery\/powiatowy-dzien-godnosci-osob-niepelnosprawnych-2\/thumbs\/thumbs_dsc09201.jpg\"\n             data-image-id=\"612\"\n             data-title=\"dsc09201\"\n             data-description=\"\"\n             target='_self'\n             class=\"shutterset_4daa10ebe8fe7f6bb4493101baafdef6\">\n            <img class=\"ngg-singlepic\"\n             src=\"https:\/\/dpsniemojowice.pl\/2021\/nextgen-image\/612\/0x0x100\/c81b49b38019291ecef57fb065d98f49\"\n             alt=\"dsc09201\"\n             title=\"dsc09201\"\n                           \/>\n    \t<\/a>\n\t\t      <\/div>\n        <\/p>\n<p style=\"text-align: justify;\">            \n\t\t<div class=\"ngg-gallery-singlepic-image \" style=\"\">\n\t\t\t    \t<a href=\"https:\/\/dpsniemojowice.pl\/2021\/wp-content\/gallery\/powiatowy-dzien-godnosci-osob-niepelnosprawnych-2\/dsc09211.jpg\"\n\t\t     title=\"\"\n             data-src=\"https:\/\/dpsniemojowice.pl\/2021\/wp-content\/gallery\/powiatowy-dzien-godnosci-osob-niepelnosprawnych-2\/dsc09211.jpg\"\n             data-thumbnail=\"https:\/\/dpsniemojowice.pl\/2021\/wp-content\/gallery\/powiatowy-dzien-godnosci-osob-niepelnosprawnych-2\/thumbs\/thumbs_dsc09211.jpg\"\n             data-image-id=\"613\"\n             data-title=\"dsc09211\"\n             data-description=\"\"\n             target='_self'\n             class=\"shutterset_4cb06ff656cdfbc571d4af9c9457aa44\">\n            <img class=\"ngg-singlepic\"\n             src=\"https:\/\/dpsniemojowice.pl\/2021\/nextgen-image\/613\/0x0x100\/eced3092aa7bdbcc2abff0853a1ff066\"\n             alt=\"dsc09211\"\n             title=\"dsc09211\"\n                           \/>\n    \t<\/a>\n\t\t      <\/div>\n        <\/p>\n<p style=\"text-align: justify;\">            \n\t\t<div class=\"ngg-gallery-singlepic-image \" style=\"\">\n\t\t\t    \t<a href=\"https:\/\/dpsniemojowice.pl\/2021\/wp-content\/gallery\/powiatowy-dzien-godnosci-osob-niepelnosprawnych-2\/dsc09191.jpg\"\n\t\t     title=\"\"\n             data-src=\"https:\/\/dpsniemojowice.pl\/2021\/wp-content\/gallery\/powiatowy-dzien-godnosci-osob-niepelnosprawnych-2\/dsc09191.jpg\"\n             data-thumbnail=\"https:\/\/dpsniemojowice.pl\/2021\/wp-content\/gallery\/powiatowy-dzien-godnosci-osob-niepelnosprawnych-2\/thumbs\/thumbs_dsc09191.jpg\"\n             data-image-id=\"614\"\n             data-title=\"dsc09191\"\n             data-description=\"\"\n             target='_self'\n             class=\"shutterset_7742c27a766e9e7361cb0ce1215b9427\">\n            <img class=\"ngg-singlepic\"\n             src=\"https:\/\/dpsniemojowice.pl\/2021\/nextgen-image\/614\/0x0x100\/1843d0a3a1accb35b347591f8f4aba14\"\n             alt=\"dsc09191\"\n             title=\"dsc09191\"\n                           \/>\n    \t<\/a>\n\t\t      <\/div>\n        <\/p>\n","protected":false},"excerpt":{"rendered":"<p>Starostwo Powiatowe w Opocznie ju\u017c po raz dziewi\u0105ty zorganizowa\u0142o spotkanie \u015brodowisk os\u00f3b niepe\u0142nosprawnych<\/p>\n","protected":false},"author":1,"featured_media":1500,"comment_status":"open","ping_status":"open","sticky":false,"template":"","format":"standard","meta":{"ngg_post_thumbnail":0},"categories":[1],"tags":[],"_links":{"self":[{"href":"https:\/\/dpsniemojowice.pl\/2021\/wp-json\/wp\/v2\/posts\/1491"}],"collection":[{"href":"https:\/\/dpsniemojowice.pl\/2021\/wp-json\/wp\/v2\/posts"}],"about":[{"href":"https:\/\/dpsniemojowice.pl\/2021\/wp-json\/wp\/v2\/types\/post"}],"author":[{"embeddable":true,"href":"https:\/\/dpsniemojowice.pl\/2021\/wp-json\/wp\/v2\/users\/1"}],"replies":[{"embeddable":true,"href":"https:\/\/dpsniemojowice.pl\/2021\/wp-json\/wp\/v2\/comments?post=1491"}],"version-history":[{"count":3,"href":"https:\/\/dpsniemojowice.pl\/2021\/wp-json\/wp\/v2\/posts\/1491\/revisions"}],"predecessor-version":[{"id":1510,"href":"https:\/\/dpsniemojowice.pl\/2021\/wp-json\/wp\/v2\/posts\/1491\/revisions\/1510"}],"wp:featuredmedia":[{"embeddable":true,"href":"https:\/\/dpsniemojowice.pl\/2021\/wp-json\/wp\/v2\/media\/1500"}],"wp:attachment":[{"href":"https:\/\/dpsniemojowice.pl\/2021\/wp-json\/wp\/v2\/media?parent=1491"}],"wp:term":[{"taxonomy":"category","embeddable":true,"href":"https:\/\/dpsniemojowice.pl\/2021\/wp-json\/wp\/v2\/categories?post=1491"},{"taxonomy":"post_tag","embeddable":true,"href":"https:\/\/dpsniemojowice.pl\/2021\/wp-json\/wp\/v2\/tags?post=1491"}],"curies":[{"name":"wp","href":"https:\/\/api.w.org\/{rel}","templated":true}]}}