{"id":1556,"date":"2017-08-28T09:43:25","date_gmt":"2017-08-28T09:43:25","guid":{"rendered":"http:\/\/dpsniemojowice.pl\/2021\/?p=1556"},"modified":"2017-08-30T09:54:43","modified_gmt":"2017-08-30T09:54:43","slug":"xiii-dni-zarnowa-i-dozynki-gminne-w-zarnowie","status":"publish","type":"post","link":"https:\/\/dpsniemojowice.pl\/2021\/aktualnosci\/xiii-dni-zarnowa-i-dozynki-gminne-w-zarnowie\/","title":{"rendered":"XIII Dni \u017barnowa i Do\u017cynki Gminne w \u017barnowie"},"content":{"rendered":"<p style=\"text-align: justify;\">W dniu 26.08.2017r. Nasi Miesza\u0144cy uczestniczyli\u00a0 w XIII Dniach \u017barnowa i Do\u017cynkach Gminnych w \u017barnowie. <!--more-->Wyst\u0119p przeprowadzony zosta\u0142 w formie humorystycznego skeczu nawi\u0105zuj\u0105cego do tradycji i obrz\u0119d\u00f3w ludowych.\u00a0 Zar\u00f3wno mieszka\u0144cy, jak i opiekunowie przez wiele dni przygotowywali swoje role oraz starannie dobierali stroje do przedstawionego wyst\u0105pienia. \u00a0Nasi aktorzy zostali nagrodzeni gromkimi brawami od licznej publiczno\u015bci.<\/p>\n<p style=\"text-align: justify;\">            \n\t\t<div class=\"ngg-gallery-singlepic-image \" style=\"\">\n\t\t\t    \t<a href=\"https:\/\/dpsniemojowice.pl\/2021\/wp-content\/gallery\/xiii-dni-zarnowa-i-dozynki-gminne-w-zarnowie\/dsc09854.jpg\"\n\t\t     title=\"\"\n             data-src=\"https:\/\/dpsniemojowice.pl\/2021\/wp-content\/gallery\/xiii-dni-zarnowa-i-dozynki-gminne-w-zarnowie\/dsc09854.jpg\"\n             data-thumbnail=\"https:\/\/dpsniemojowice.pl\/2021\/wp-content\/gallery\/xiii-dni-zarnowa-i-dozynki-gminne-w-zarnowie\/thumbs\/thumbs_dsc09854.jpg\"\n             data-image-id=\"640\"\n             data-title=\"dsc09854\"\n             data-description=\"\"\n             target='_self'\n             class=\"shutterset_8213cc8769a64ba2150e2e9b6f6f58e1\">\n            <img class=\"ngg-singlepic\"\n             src=\"https:\/\/dpsniemojowice.pl\/2021\/nextgen-image\/640\/0x0x100\/84eb54cbe31d46bb2133da04a2a7614a\"\n             alt=\"dsc09854\"\n             title=\"dsc09854\"\n                           \/>\n    \t<\/a>\n\t\t      <\/div>\n        <\/p>\n<p style=\"text-align: justify;\">            \n\t\t<div class=\"ngg-gallery-singlepic-image \" style=\"\">\n\t\t\t    \t<a href=\"https:\/\/dpsniemojowice.pl\/2021\/wp-content\/gallery\/xiii-dni-zarnowa-i-dozynki-gminne-w-zarnowie\/dsc09863.jpg\"\n\t\t     title=\"\"\n             data-src=\"https:\/\/dpsniemojowice.pl\/2021\/wp-content\/gallery\/xiii-dni-zarnowa-i-dozynki-gminne-w-zarnowie\/dsc09863.jpg\"\n             data-thumbnail=\"https:\/\/dpsniemojowice.pl\/2021\/wp-content\/gallery\/xiii-dni-zarnowa-i-dozynki-gminne-w-zarnowie\/thumbs\/thumbs_dsc09863.jpg\"\n             data-image-id=\"641\"\n             data-title=\"dsc09863\"\n             data-description=\"\"\n             target='_self'\n             class=\"shutterset_dc630a17e7bc5e05aa65b0b5c8801dab\">\n            <img class=\"ngg-singlepic\"\n             src=\"https:\/\/dpsniemojowice.pl\/2021\/nextgen-image\/641\/0x0x100\/ec3be082b75431af57f377b17bd0a39f\"\n             alt=\"dsc09863\"\n             title=\"dsc09863\"\n                           \/>\n    \t<\/a>\n\t\t      <\/div>\n        <\/p>\n<p style=\"text-align: justify;\">            \n\t\t<div class=\"ngg-gallery-singlepic-image \" style=\"\">\n\t\t\t    \t<a href=\"https:\/\/dpsniemojowice.pl\/2021\/wp-content\/gallery\/xiii-dni-zarnowa-i-dozynki-gminne-w-zarnowie\/dsc09871.jpg\"\n\t\t     title=\"\"\n             data-src=\"https:\/\/dpsniemojowice.pl\/2021\/wp-content\/gallery\/xiii-dni-zarnowa-i-dozynki-gminne-w-zarnowie\/dsc09871.jpg\"\n             data-thumbnail=\"https:\/\/dpsniemojowice.pl\/2021\/wp-content\/gallery\/xiii-dni-zarnowa-i-dozynki-gminne-w-zarnowie\/thumbs\/thumbs_dsc09871.jpg\"\n             data-image-id=\"642\"\n             data-title=\"dsc09871\"\n             data-description=\"\"\n             target='_self'\n             class=\"shutterset_069862faded44bc2fbd8eda155e26654\">\n            <img class=\"ngg-singlepic\"\n             src=\"https:\/\/dpsniemojowice.pl\/2021\/nextgen-image\/642\/0x0x100\/c25ad4135a7b6a863d47a1098a1bc07d\"\n             alt=\"dsc09871\"\n             title=\"dsc09871\"\n                           \/>\n    \t<\/a>\n\t\t      <\/div>\n        <\/p>\n","protected":false},"excerpt":{"rendered":"<p>W dniu 26.08.2017r. Nasi Miesza\u0144cy uczestniczyli\u00a0 w XIII Dniach \u017barnowa i Do\u017cynkach Gminnych w \u017barnowie.<\/p>\n","protected":false},"author":1,"featured_media":1564,"comment_status":"open","ping_status":"open","sticky":false,"template":"","format":"standard","meta":{"ngg_post_thumbnail":0},"categories":[1],"tags":[],"_links":{"self":[{"href":"https:\/\/dpsniemojowice.pl\/2021\/wp-json\/wp\/v2\/posts\/1556"}],"collection":[{"href":"https:\/\/dpsniemojowice.pl\/2021\/wp-json\/wp\/v2\/posts"}],"about":[{"href":"https:\/\/dpsniemojowice.pl\/2021\/wp-json\/wp\/v2\/types\/post"}],"author":[{"embeddable":true,"href":"https:\/\/dpsniemojowice.pl\/2021\/wp-json\/wp\/v2\/users\/1"}],"replies":[{"embeddable":true,"href":"https:\/\/dpsniemojowice.pl\/2021\/wp-json\/wp\/v2\/comments?post=1556"}],"version-history":[{"count":3,"href":"https:\/\/dpsniemojowice.pl\/2021\/wp-json\/wp\/v2\/posts\/1556\/revisions"}],"predecessor-version":[{"id":1563,"href":"https:\/\/dpsniemojowice.pl\/2021\/wp-json\/wp\/v2\/posts\/1556\/revisions\/1563"}],"wp:featuredmedia":[{"embeddable":true,"href":"https:\/\/dpsniemojowice.pl\/2021\/wp-json\/wp\/v2\/media\/1564"}],"wp:attachment":[{"href":"https:\/\/dpsniemojowice.pl\/2021\/wp-json\/wp\/v2\/media?parent=1556"}],"wp:term":[{"taxonomy":"category","embeddable":true,"href":"https:\/\/dpsniemojowice.pl\/2021\/wp-json\/wp\/v2\/categories?post=1556"},{"taxonomy":"post_tag","embeddable":true,"href":"https:\/\/dpsniemojowice.pl\/2021\/wp-json\/wp\/v2\/tags?post=1556"}],"curies":[{"name":"wp","href":"https:\/\/api.w.org\/{rel}","templated":true}]}}