{"id":1598,"date":"2017-10-09T06:02:48","date_gmt":"2017-10-09T06:02:48","guid":{"rendered":"http:\/\/dpsniemojowice.pl\/2021\/?p=1598"},"modified":"2017-10-13T06:08:09","modified_gmt":"2017-10-13T06:08:09","slug":"pierwszy-powiatowy-dzien-seniora","status":"publish","type":"post","link":"https:\/\/dpsniemojowice.pl\/2021\/aktualnosci\/pierwszy-powiatowy-dzien-seniora\/","title":{"rendered":"PIERWSZY POWIATOWY DZIE\u0143 SENIORA"},"content":{"rendered":"<p>W poniedzia\u0142ek w dniu 9 pa\u017adziernika\u00a0 ch\u0119tni seniorzy Naszego Domu uczestniczyli w spotkaniu z okazji Dnia Seniora zorganizowanym przez Powiat Opoczy\u0144ski. <!--more-->Uroczysto\u015b\u0107 rozpocz\u0119\u0142a si\u0119 Msz\u0105 \u015awi\u0119t\u0105 w Kolegiacie \u015awi\u0119tego Bart\u0142omieja w Opocznie. Nast\u0119pnie uczestnicy spotkania udali si\u0119\u00a0 do Miejskiego Domu Kultury w Opocznie, gdzie kontynuowana by\u0142a uroczysto\u015b\u0107. Po\u00a0 okoliczno\u015bciowych przem\u00f3wieniach zaproszonych go\u015bci, zaprezentowana zosta\u0142a cz\u0119\u015b\u0107 artystyczna. Sw\u00f3j dorobek artystyczny przedstawili uczestnicy Domu Dziennego Pobytu\u00a0 Senior Wigor z Miedznej Drewnianej oraz z Niemojowic. Kolejnym punktem programu by\u0142o wyst\u0105pienie ch\u00f3ru senior\u00f3w pr\u0119\u017cnie dzia\u0142aj\u0105cego przy Miejskim Domu Kultury w Opocznie. Po obejrzeniu wyst\u0119p\u00f3w wszyscy udali si\u0119 na wsp\u00f3lny pocz\u0119stunek z domowymi wypiekami, po kt\u00f3rym nast\u0105pi\u0142a zabawa taneczna.<\/p>\n            \n\t\t<div class=\"ngg-gallery-singlepic-image \" style=\"\">\n\t\t\t    \t<a href=\"https:\/\/dpsniemojowice.pl\/2021\/wp-content\/gallery\/pierwszy-powiatowy-dzien-seniora\/dsc00092.jpg\"\n\t\t     title=\"\"\n             data-src=\"https:\/\/dpsniemojowice.pl\/2021\/wp-content\/gallery\/pierwszy-powiatowy-dzien-seniora\/dsc00092.jpg\"\n             data-thumbnail=\"https:\/\/dpsniemojowice.pl\/2021\/wp-content\/gallery\/pierwszy-powiatowy-dzien-seniora\/thumbs\/thumbs_dsc00092.jpg\"\n             data-image-id=\"658\"\n             data-title=\"dsc00092\"\n             data-description=\"\"\n             target='_self'\n             class=\"shutterset_90378511d32876295e81e4c04d067982\">\n            <img class=\"ngg-singlepic\"\n             src=\"https:\/\/dpsniemojowice.pl\/2021\/nextgen-image\/658\/0x0x100\/7e8147804281d7c29e9dc32a783f9334\"\n             alt=\"dsc00092\"\n             title=\"dsc00092\"\n                           \/>\n    \t<\/a>\n\t\t      <\/div>\n        \n            \n\t\t<div class=\"ngg-gallery-singlepic-image \" style=\"\">\n\t\t\t    \t<a href=\"https:\/\/dpsniemojowice.pl\/2021\/wp-content\/gallery\/pierwszy-powiatowy-dzien-seniora\/dsc00094.jpg\"\n\t\t     title=\"\"\n             data-src=\"https:\/\/dpsniemojowice.pl\/2021\/wp-content\/gallery\/pierwszy-powiatowy-dzien-seniora\/dsc00094.jpg\"\n             data-thumbnail=\"https:\/\/dpsniemojowice.pl\/2021\/wp-content\/gallery\/pierwszy-powiatowy-dzien-seniora\/thumbs\/thumbs_dsc00094.jpg\"\n             data-image-id=\"659\"\n             data-title=\"dsc00094\"\n             data-description=\"\"\n             target='_self'\n             class=\"shutterset_649abde58e5fd08bed24ca1c86d30b58\">\n            <img class=\"ngg-singlepic\"\n             src=\"https:\/\/dpsniemojowice.pl\/2021\/nextgen-image\/659\/0x0x100\/0063b588489173af9da336e5135485a0\"\n             alt=\"dsc00094\"\n             title=\"dsc00094\"\n                           \/>\n    \t<\/a>\n\t\t      <\/div>\n        \n            \n\t\t<div class=\"ngg-gallery-singlepic-image \" style=\"\">\n\t\t\t    \t<a href=\"https:\/\/dpsniemojowice.pl\/2021\/wp-content\/gallery\/pierwszy-powiatowy-dzien-seniora\/dsc00123.jpg\"\n\t\t     title=\"\"\n             data-src=\"https:\/\/dpsniemojowice.pl\/2021\/wp-content\/gallery\/pierwszy-powiatowy-dzien-seniora\/dsc00123.jpg\"\n             data-thumbnail=\"https:\/\/dpsniemojowice.pl\/2021\/wp-content\/gallery\/pierwszy-powiatowy-dzien-seniora\/thumbs\/thumbs_dsc00123.jpg\"\n             data-image-id=\"660\"\n             data-title=\"dsc00123\"\n             data-description=\"\"\n             target='_self'\n             class=\"shutterset_b568e8aeae99e135100e2c010f4f476e\">\n            <img class=\"ngg-singlepic\"\n             src=\"https:\/\/dpsniemojowice.pl\/2021\/nextgen-image\/660\/0x0x100\/540cfe69fd69f6b8a27066a90b88b6c0\"\n             alt=\"dsc00123\"\n             title=\"dsc00123\"\n                           \/>\n    \t<\/a>\n\t\t      <\/div>\n        \n            \n\t\t<div class=\"ngg-gallery-singlepic-image \" style=\"\">\n\t\t\t    \t<a href=\"https:\/\/dpsniemojowice.pl\/2021\/wp-content\/gallery\/pierwszy-powiatowy-dzien-seniora\/dsc00125.jpg\"\n\t\t     title=\"\"\n             data-src=\"https:\/\/dpsniemojowice.pl\/2021\/wp-content\/gallery\/pierwszy-powiatowy-dzien-seniora\/dsc00125.jpg\"\n             data-thumbnail=\"https:\/\/dpsniemojowice.pl\/2021\/wp-content\/gallery\/pierwszy-powiatowy-dzien-seniora\/thumbs\/thumbs_dsc00125.jpg\"\n             data-image-id=\"661\"\n             data-title=\"dsc00125\"\n             data-description=\"\"\n             target='_self'\n             class=\"shutterset_f5a47f856677f29cb0b8ad928060d606\">\n            <img class=\"ngg-singlepic\"\n             src=\"https:\/\/dpsniemojowice.pl\/2021\/nextgen-image\/661\/0x0x100\/05a038fa05e9070267520f93426bb5cd\"\n             alt=\"dsc00125\"\n             title=\"dsc00125\"\n                           \/>\n    \t<\/a>\n\t\t      <\/div>\n        \n            \n\t\t<div class=\"ngg-gallery-singlepic-image \" style=\"\">\n\t\t\t    \t<a href=\"https:\/\/dpsniemojowice.pl\/2021\/wp-content\/gallery\/pierwszy-powiatowy-dzien-seniora\/dsc00129.jpg\"\n\t\t     title=\"\"\n             data-src=\"https:\/\/dpsniemojowice.pl\/2021\/wp-content\/gallery\/pierwszy-powiatowy-dzien-seniora\/dsc00129.jpg\"\n             data-thumbnail=\"https:\/\/dpsniemojowice.pl\/2021\/wp-content\/gallery\/pierwszy-powiatowy-dzien-seniora\/thumbs\/thumbs_dsc00129.jpg\"\n             data-image-id=\"662\"\n             data-title=\"dsc00129\"\n             data-description=\"\"\n             target='_self'\n             class=\"shutterset_77968b0bc2b7882659557b05ad82442f\">\n            <img class=\"ngg-singlepic\"\n             src=\"https:\/\/dpsniemojowice.pl\/2021\/nextgen-image\/662\/0x0x100\/1ea4ed8bb6a936b0fb7929b7e9a73737\"\n             alt=\"dsc00129\"\n             title=\"dsc00129\"\n                           \/>\n    \t<\/a>\n\t\t      <\/div>\n        \n","protected":false},"excerpt":{"rendered":"<p>W poniedzia\u0142ek w dniu 9 pa\u017adziernika\u00a0 ch\u0119tni seniorzy Naszego Domu uczestniczyli w spotkaniu z okazji Dnia Seniora zorganizowanym przez Powiat Opoczy\u0144ski.<\/p>\n","protected":false},"author":1,"featured_media":1605,"comment_status":"open","ping_status":"open","sticky":false,"template":"","format":"standard","meta":{"ngg_post_thumbnail":0},"categories":[1],"tags":[],"_links":{"self":[{"href":"https:\/\/dpsniemojowice.pl\/2021\/wp-json\/wp\/v2\/posts\/1598"}],"collection":[{"href":"https:\/\/dpsniemojowice.pl\/2021\/wp-json\/wp\/v2\/posts"}],"about":[{"href":"https:\/\/dpsniemojowice.pl\/2021\/wp-json\/wp\/v2\/types\/post"}],"author":[{"embeddable":true,"href":"https:\/\/dpsniemojowice.pl\/2021\/wp-json\/wp\/v2\/users\/1"}],"replies":[{"embeddable":true,"href":"https:\/\/dpsniemojowice.pl\/2021\/wp-json\/wp\/v2\/comments?post=1598"}],"version-history":[{"count":2,"href":"https:\/\/dpsniemojowice.pl\/2021\/wp-json\/wp\/v2\/posts\/1598\/revisions"}],"predecessor-version":[{"id":1607,"href":"https:\/\/dpsniemojowice.pl\/2021\/wp-json\/wp\/v2\/posts\/1598\/revisions\/1607"}],"wp:featuredmedia":[{"embeddable":true,"href":"https:\/\/dpsniemojowice.pl\/2021\/wp-json\/wp\/v2\/media\/1605"}],"wp:attachment":[{"href":"https:\/\/dpsniemojowice.pl\/2021\/wp-json\/wp\/v2\/media?parent=1598"}],"wp:term":[{"taxonomy":"category","embeddable":true,"href":"https:\/\/dpsniemojowice.pl\/2021\/wp-json\/wp\/v2\/categories?post=1598"},{"taxonomy":"post_tag","embeddable":true,"href":"https:\/\/dpsniemojowice.pl\/2021\/wp-json\/wp\/v2\/tags?post=1598"}],"curies":[{"name":"wp","href":"https:\/\/api.w.org\/{rel}","templated":true}]}}