{"id":1622,"date":"2017-10-23T15:10:35","date_gmt":"2017-10-23T15:10:35","guid":{"rendered":"http:\/\/dpsniemojowice.pl\/2021\/?p=1622"},"modified":"2017-10-25T09:24:05","modified_gmt":"2017-10-25T09:24:05","slug":"dzien-papieski-2","status":"publish","type":"post","link":"https:\/\/dpsniemojowice.pl\/2021\/aktualnosci\/dzien-papieski-2\/","title":{"rendered":"Dzie\u0144 Papieski"},"content":{"rendered":"<p>W dniu 23 pa\u017adziernika 2017r. mi\u0142\u0105 niespodziank\u0119 Mieszka\u0144com Naszego Domu zrobi\u0142a m\u0142odzie\u017c z Gimnazjum z \u017barnowa, przyje\u017cd\u017caj\u0105c z przygotowanym, pod czujnym okiem wychowawc\u00f3w, programem artystycznym. <!--more-->Go\u015bcie zaprezentowali pi\u0119kny program s\u0142owno- muzyczny z okazji XVII Dnia Papieskiego, kt\u00f3rego tegoroczne has\u0142o brzmi \u201eId\u017amy naprz\u00f3d z nadziej\u0105\u201d. M\u0142odzie\u017c wykona\u0142a kilka utwor\u00f3w przy akompaniamencie gitary, w tym ulubion\u0105 przez \u015bw. Jana Paw\u0142a II pie\u015b\u0144 pt. \u201eBarka\u201d, kt\u00f3ra naszemu rodakowi kojarzy\u0142a si\u0119 z ojczyzn\u0105. W wyst\u0119pie nie zabrak\u0142o wierszy oraz fakt\u00f3w z historii 26- letniego pontyfikatu papie\u017ca Polaka, kt\u00f3ry podr\u00f3\u017cuj\u0105c po \u015bwiecie jednoczy\u0142 ze sob\u0105 narody.<\/p>\n<p>Wyst\u0119p bardzo podoba\u0142 si\u0119 Mieszka\u0144com, kt\u00f3rzy ch\u0119tnie w\u0142\u0105czali si\u0119 w \u015bpiew znanych im pie\u015bni. M\u0142odzie\u017c zosta\u0142a nagrodzona gromkimi brawami oraz s\u0142odkim pocz\u0119stunkiem. Serdecznie dzi\u0119kujemy.<\/p>\n            \n\t\t<div class=\"ngg-gallery-singlepic-image \" style=\"\">\n\t\t\t    \t<a href=\"https:\/\/dpsniemojowice.pl\/2021\/wp-content\/gallery\/dzien-papieski-2\/dsc00300.jpg\"\n\t\t     title=\"\"\n             data-src=\"https:\/\/dpsniemojowice.pl\/2021\/wp-content\/gallery\/dzien-papieski-2\/dsc00300.jpg\"\n             data-thumbnail=\"https:\/\/dpsniemojowice.pl\/2021\/wp-content\/gallery\/dzien-papieski-2\/thumbs\/thumbs_dsc00300.jpg\"\n             data-image-id=\"671\"\n             data-title=\"dsc00300\"\n             data-description=\"\"\n             target='_self'\n             class=\"shutterset_e288db701817b026221c39d63d967afd\">\n            <img class=\"ngg-singlepic\"\n             src=\"https:\/\/dpsniemojowice.pl\/2021\/nextgen-image\/671\/0x0x100\/5681624d180456d30d0bde7150595b65\"\n             alt=\"dsc00300\"\n             title=\"dsc00300\"\n                           \/>\n    \t<\/a>\n\t\t      <\/div>\n        \n            \n\t\t<div class=\"ngg-gallery-singlepic-image \" style=\"\">\n\t\t\t    \t<a href=\"https:\/\/dpsniemojowice.pl\/2021\/wp-content\/gallery\/dzien-papieski-2\/dsc00303.jpg\"\n\t\t     title=\"\"\n             data-src=\"https:\/\/dpsniemojowice.pl\/2021\/wp-content\/gallery\/dzien-papieski-2\/dsc00303.jpg\"\n             data-thumbnail=\"https:\/\/dpsniemojowice.pl\/2021\/wp-content\/gallery\/dzien-papieski-2\/thumbs\/thumbs_dsc00303.jpg\"\n             data-image-id=\"672\"\n             data-title=\"dsc00303\"\n             data-description=\"\"\n             target='_self'\n             class=\"shutterset_e7fee255e69ac9ed2f339bc6dfee4905\">\n            <img class=\"ngg-singlepic\"\n             src=\"https:\/\/dpsniemojowice.pl\/2021\/nextgen-image\/672\/0x0x100\/22cf8c7e5c002f6c4ebba597e458bf4e\"\n             alt=\"dsc00303\"\n             title=\"dsc00303\"\n                           \/>\n    \t<\/a>\n\t\t      <\/div>\n        \n            \n\t\t<div class=\"ngg-gallery-singlepic-image \" style=\"\">\n\t\t\t    \t<a href=\"https:\/\/dpsniemojowice.pl\/2021\/wp-content\/gallery\/dzien-papieski-2\/dsc00315.jpg\"\n\t\t     title=\"\"\n             data-src=\"https:\/\/dpsniemojowice.pl\/2021\/wp-content\/gallery\/dzien-papieski-2\/dsc00315.jpg\"\n             data-thumbnail=\"https:\/\/dpsniemojowice.pl\/2021\/wp-content\/gallery\/dzien-papieski-2\/thumbs\/thumbs_dsc00315.jpg\"\n             data-image-id=\"673\"\n             data-title=\"dsc00315\"\n             data-description=\"\"\n             target='_self'\n             class=\"shutterset_0e521d81e18f66b0558f8bd4548b33c6\">\n            <img class=\"ngg-singlepic\"\n             src=\"https:\/\/dpsniemojowice.pl\/2021\/nextgen-image\/673\/0x0x100\/d49759ad0d2c4ed182d4d9f823bcb907\"\n             alt=\"dsc00315\"\n             title=\"dsc00315\"\n                           \/>\n    \t<\/a>\n\t\t      <\/div>\n        \n","protected":false},"excerpt":{"rendered":"<p>W dniu 23 pa\u017adziernika 2017r. mi\u0142\u0105 niespodziank\u0119 Mieszka\u0144com Naszego Domu zrobi\u0142a m\u0142odzie\u017c z Gimnazjum z \u017barnowa, przyje\u017cd\u017caj\u0105c z przygotowanym, pod czujnym okiem wychowawc\u00f3w, programem artystycznym.<\/p>\n","protected":false},"author":1,"featured_media":1628,"comment_status":"open","ping_status":"open","sticky":false,"template":"","format":"standard","meta":{"ngg_post_thumbnail":0},"categories":[1],"tags":[],"_links":{"self":[{"href":"https:\/\/dpsniemojowice.pl\/2021\/wp-json\/wp\/v2\/posts\/1622"}],"collection":[{"href":"https:\/\/dpsniemojowice.pl\/2021\/wp-json\/wp\/v2\/posts"}],"about":[{"href":"https:\/\/dpsniemojowice.pl\/2021\/wp-json\/wp\/v2\/types\/post"}],"author":[{"embeddable":true,"href":"https:\/\/dpsniemojowice.pl\/2021\/wp-json\/wp\/v2\/users\/1"}],"replies":[{"embeddable":true,"href":"https:\/\/dpsniemojowice.pl\/2021\/wp-json\/wp\/v2\/comments?post=1622"}],"version-history":[{"count":3,"href":"https:\/\/dpsniemojowice.pl\/2021\/wp-json\/wp\/v2\/posts\/1622\/revisions"}],"predecessor-version":[{"id":1630,"href":"https:\/\/dpsniemojowice.pl\/2021\/wp-json\/wp\/v2\/posts\/1622\/revisions\/1630"}],"wp:featuredmedia":[{"embeddable":true,"href":"https:\/\/dpsniemojowice.pl\/2021\/wp-json\/wp\/v2\/media\/1628"}],"wp:attachment":[{"href":"https:\/\/dpsniemojowice.pl\/2021\/wp-json\/wp\/v2\/media?parent=1622"}],"wp:term":[{"taxonomy":"category","embeddable":true,"href":"https:\/\/dpsniemojowice.pl\/2021\/wp-json\/wp\/v2\/categories?post=1622"},{"taxonomy":"post_tag","embeddable":true,"href":"https:\/\/dpsniemojowice.pl\/2021\/wp-json\/wp\/v2\/tags?post=1622"}],"curies":[{"name":"wp","href":"https:\/\/api.w.org\/{rel}","templated":true}]}}