{"id":1777,"date":"2018-05-29T09:26:52","date_gmt":"2018-05-29T09:26:52","guid":{"rendered":"http:\/\/dpsniemojowice.pl\/2021\/?p=1777"},"modified":"2018-06-07T13:24:36","modified_gmt":"2018-06-07T13:24:36","slug":"x-powiatowy-dzien-godnosci-osob-niepelnosprawnych","status":"publish","type":"post","link":"https:\/\/dpsniemojowice.pl\/2021\/aktualnosci\/x-powiatowy-dzien-godnosci-osob-niepelnosprawnych\/","title":{"rendered":"X Powiatowy Dzie\u0144 Godno\u015bci Os\u00f3b Niepe\u0142nosprawnych"},"content":{"rendered":"<p>W dniu 29.05.2018r. ju\u017c po raz dziesi\u0105ty odby\u0142 si\u0119 Powiatowy Dzie\u0144 Godno\u015bci Os\u00f3b Niepe\u0142nosprawnych. Ze wzgl\u0119du na jubileuszowe obchody, wzi\u0119\u0142o w nim udzia\u0142 bardzo du\u017co\u00a0 os\u00f3b z instytucji i stowarzysze\u0144 dzia\u0142aj\u0105cych na rzecz os\u00f3b niepe\u0142nosprawnych, w tym Mieszka\u0144cy naszego Domu. <!--more-->Obchody, zgodnie z dotychczasow\u0105 tradycj\u0105, \u00a0zosta\u0142y rozpocz\u0119te uroczyst\u0105 Msz\u0105 \u015awi\u0119t\u0105 w Ko\u015bciele pw. Podwy\u017cszenia Krzy\u017ca \u015awi\u0119tego w Opocznie. Po nabo\u017ce\u0144stwie w intencji os\u00f3b niepe\u0142nosprawnych odby\u0142 si\u0119 przemarsz uczestnik\u00f3w spotkania z bia\u0142o &#8211; czerwonymi kwiatami do Zespo\u0142u Szk\u00f3\u0142 Ponadgimnazjalnych nr 1 w Opocznie. W cz\u0119\u015bci oficjalnej uroczysto\u015bci z\u0142o\u017cono podzi\u0119kowania na r\u0119ce dyrektor\u00f3w i kierownik\u00f3w instytucji i stowarzysze\u0144\u00a0 dzia\u0142aj\u0105cych na rzecz os\u00f3b niepe\u0142nosprawnych za trud w\u0142o\u017cony w prac\u0119 z osobami z niepe\u0142nosprawno\u015bciami. Nast\u0119pnie odby\u0142a si\u0119 kr\u00f3tka cz\u0119\u015b\u0107 artystyczna z pokazem iluzjonisty, kt\u00f3ry wzbudzi\u0142 bardzo du\u017co pozytywnych emocji w\u015br\u00f3d uczestnik\u00f3w spotkania. Pod koniec obchod\u00f3w wszyscy zostali zaproszeni na ciep\u0142y posi\u0142ek, po kt\u00f3rym z podw\u00f3jn\u0105 dawk\u0105 energii uczestnicy wzi\u0119li udzia\u0142 w zabawie tanecznej.<\/p>\n            \n\t\t<div class=\"ngg-gallery-singlepic-image \" style=\"\">\n\t\t\t    \t<a href=\"https:\/\/dpsniemojowice.pl\/2021\/wp-content\/gallery\/x-powiatowy-dzien-godnosci-osob-niepelnosprawnych\/dsc01166.jpg\"\n\t\t     title=\"\"\n             data-src=\"https:\/\/dpsniemojowice.pl\/2021\/wp-content\/gallery\/x-powiatowy-dzien-godnosci-osob-niepelnosprawnych\/dsc01166.jpg\"\n             data-thumbnail=\"https:\/\/dpsniemojowice.pl\/2021\/wp-content\/gallery\/x-powiatowy-dzien-godnosci-osob-niepelnosprawnych\/thumbs\/thumbs_dsc01166.jpg\"\n             data-image-id=\"725\"\n             data-title=\"dsc01166\"\n             data-description=\"\"\n             target='_self'\n             class=\"shutterset_2426e2a39f754947021254a79beac2d8\">\n            <img class=\"ngg-singlepic\"\n             src=\"https:\/\/dpsniemojowice.pl\/2021\/nextgen-image\/725\/0x0x100\/52d4f5160263827c84d5a44e443d073e\"\n             alt=\"dsc01166\"\n             title=\"dsc01166\"\n                           \/>\n    \t<\/a>\n\t\t      <\/div>\n        \n","protected":false},"excerpt":{"rendered":"<p>W dniu 29.05.2018r. ju\u017c po raz dziesi\u0105ty odby\u0142 si\u0119 Powiatowy Dzie\u0144 Godno\u015bci Os\u00f3b Niepe\u0142nosprawnych. Ze wzgl\u0119du na jubileuszowe obchody, wzi\u0119\u0142o w nim udzia\u0142 bardzo du\u017co\u00a0 os\u00f3b z instytucji i stowarzysze\u0144 dzia\u0142aj\u0105cych na rzecz os\u00f3b niepe\u0142nosprawnych, w tym Mieszka\u0144cy naszego Domu.<\/p>\n","protected":false},"author":1,"featured_media":1786,"comment_status":"open","ping_status":"open","sticky":false,"template":"","format":"standard","meta":{"ngg_post_thumbnail":0},"categories":[1],"tags":[],"_links":{"self":[{"href":"https:\/\/dpsniemojowice.pl\/2021\/wp-json\/wp\/v2\/posts\/1777"}],"collection":[{"href":"https:\/\/dpsniemojowice.pl\/2021\/wp-json\/wp\/v2\/posts"}],"about":[{"href":"https:\/\/dpsniemojowice.pl\/2021\/wp-json\/wp\/v2\/types\/post"}],"author":[{"embeddable":true,"href":"https:\/\/dpsniemojowice.pl\/2021\/wp-json\/wp\/v2\/users\/1"}],"replies":[{"embeddable":true,"href":"https:\/\/dpsniemojowice.pl\/2021\/wp-json\/wp\/v2\/comments?post=1777"}],"version-history":[{"count":2,"href":"https:\/\/dpsniemojowice.pl\/2021\/wp-json\/wp\/v2\/posts\/1777\/revisions"}],"predecessor-version":[{"id":1799,"href":"https:\/\/dpsniemojowice.pl\/2021\/wp-json\/wp\/v2\/posts\/1777\/revisions\/1799"}],"wp:featuredmedia":[{"embeddable":true,"href":"https:\/\/dpsniemojowice.pl\/2021\/wp-json\/wp\/v2\/media\/1786"}],"wp:attachment":[{"href":"https:\/\/dpsniemojowice.pl\/2021\/wp-json\/wp\/v2\/media?parent=1777"}],"wp:term":[{"taxonomy":"category","embeddable":true,"href":"https:\/\/dpsniemojowice.pl\/2021\/wp-json\/wp\/v2\/categories?post=1777"},{"taxonomy":"post_tag","embeddable":true,"href":"https:\/\/dpsniemojowice.pl\/2021\/wp-json\/wp\/v2\/tags?post=1777"}],"curies":[{"name":"wp","href":"https:\/\/api.w.org\/{rel}","templated":true}]}}