{"id":1787,"date":"2018-05-25T09:35:07","date_gmt":"2018-05-25T09:35:07","guid":{"rendered":"http:\/\/dpsniemojowice.pl\/2021\/?p=1787"},"modified":"2018-06-07T09:40:13","modified_gmt":"2018-06-07T09:40:13","slug":"dzien-matki-i-ojca-2","status":"publish","type":"post","link":"https:\/\/dpsniemojowice.pl\/2021\/aktualnosci\/dzien-matki-i-ojca-2\/","title":{"rendered":"Dzie\u0144 Matki i Ojca"},"content":{"rendered":"<p>Korzystaj\u0105c z pi\u0119knej pogody, obchody zbli\u017caj\u0105cego si\u0119 Dnia Matki oraz przypadaj\u0105cego w czerwcu Dnia Ojca, zosta\u0142y zorganizowane na \u015bwie\u017cym powietrzu. <!--more-->Na pocz\u0105tku spotkania zesp\u00f3\u0142 teatralny \u201dCzarno to widz\u0119\u201d dzia\u0142aj\u0105cy na terenie Domu, przedstawi\u0142 program artystyczno- muzyczny nawi\u0105zuj\u0105cy do \u015bwi\u0119ta wszystkich Mam. Nast\u0119pnie przy skocznych rytmach muzyki i w ciep\u0142ych promieniach s\u0142o\u0144ca Mieszka\u0144cy wzi\u0119li udzia\u0142 w zabawie tanecznej, po kt\u00f3rej zosta\u0142 podany obiad w postaci grilla. Po sytym posi\u0142ku i wsp\u00f3lnym za\u015bpiewaniu kilku piosenek biesiadnych Mieszka\u0144cy wraz z pracownikami wzi\u0119li udzia\u0142 w\u00a0 sportowym torze przeszk\u00f3d, podczas kt\u00f3rego \u015bmiechu by\u0142o co nie miara. Spotkanie bardzo podoba\u0142o si\u0119 Mieszka\u0144com, tym bardziej, \u017ce mogli mi\u0142o i rado\u015bnie sp\u0119dzi\u0107 czas na \u015bwie\u017cym powietrzu.<\/p>\n            \n\t\t<div class=\"ngg-gallery-singlepic-image \" style=\"\">\n\t\t\t    \t<a href=\"https:\/\/dpsniemojowice.pl\/2021\/wp-content\/gallery\/dzien-matki-i-ojca-2\/dsc01050.jpg\"\n\t\t     title=\"\"\n             data-src=\"https:\/\/dpsniemojowice.pl\/2021\/wp-content\/gallery\/dzien-matki-i-ojca-2\/dsc01050.jpg\"\n             data-thumbnail=\"https:\/\/dpsniemojowice.pl\/2021\/wp-content\/gallery\/dzien-matki-i-ojca-2\/thumbs\/thumbs_dsc01050.jpg\"\n             data-image-id=\"731\"\n             data-title=\"dsc01050\"\n             data-description=\"\"\n             target='_self'\n             class=\"shutterset_787ebc60b593ada1d299f5a9e846c62c\">\n            <img class=\"ngg-singlepic\"\n             src=\"https:\/\/dpsniemojowice.pl\/2021\/nextgen-image\/731\/0x0x100\/ba7b36aae115fb12170c5f7d64dc5ede\"\n             alt=\"dsc01050\"\n             title=\"dsc01050\"\n                           \/>\n    \t<\/a>\n\t\t      <\/div>\n        \n            \n\t\t<div class=\"ngg-gallery-singlepic-image \" style=\"\">\n\t\t\t    \t<a href=\"https:\/\/dpsniemojowice.pl\/2021\/wp-content\/gallery\/dzien-matki-i-ojca-2\/dsc01073.jpg\"\n\t\t     title=\"\"\n             data-src=\"https:\/\/dpsniemojowice.pl\/2021\/wp-content\/gallery\/dzien-matki-i-ojca-2\/dsc01073.jpg\"\n             data-thumbnail=\"https:\/\/dpsniemojowice.pl\/2021\/wp-content\/gallery\/dzien-matki-i-ojca-2\/thumbs\/thumbs_dsc01073.jpg\"\n             data-image-id=\"732\"\n             data-title=\"dsc01073\"\n             data-description=\"\"\n             target='_self'\n             class=\"shutterset_5d5f4c4c7f5d85b9c78092afdb96eb3a\">\n            <img class=\"ngg-singlepic\"\n             src=\"https:\/\/dpsniemojowice.pl\/2021\/nextgen-image\/732\/0x0x100\/56282878c0b35e53e53a83d3a13668d8\"\n             alt=\"dsc01073\"\n             title=\"dsc01073\"\n                           \/>\n    \t<\/a>\n\t\t      <\/div>\n        \n            \n\t\t<div class=\"ngg-gallery-singlepic-image \" style=\"\">\n\t\t\t    \t<a href=\"https:\/\/dpsniemojowice.pl\/2021\/wp-content\/gallery\/dzien-matki-i-ojca-2\/dsc01076.jpg\"\n\t\t     title=\"\"\n             data-src=\"https:\/\/dpsniemojowice.pl\/2021\/wp-content\/gallery\/dzien-matki-i-ojca-2\/dsc01076.jpg\"\n             data-thumbnail=\"https:\/\/dpsniemojowice.pl\/2021\/wp-content\/gallery\/dzien-matki-i-ojca-2\/thumbs\/thumbs_dsc01076.jpg\"\n             data-image-id=\"733\"\n             data-title=\"dsc01076\"\n             data-description=\"\"\n             target='_self'\n             class=\"shutterset_91abdb25b14770fa8b0961b4c6feee86\">\n            <img class=\"ngg-singlepic\"\n             src=\"https:\/\/dpsniemojowice.pl\/2021\/nextgen-image\/733\/0x0x100\/ac65e920155c9f4c6850371f59f879c2\"\n             alt=\"dsc01076\"\n             title=\"dsc01076\"\n                           \/>\n    \t<\/a>\n\t\t      <\/div>\n        \n            \n\t\t<div class=\"ngg-gallery-singlepic-image \" style=\"\">\n\t\t\t    \t<a href=\"https:\/\/dpsniemojowice.pl\/2021\/wp-content\/gallery\/dzien-matki-i-ojca-2\/dsc01094.jpg\"\n\t\t     title=\"\"\n             data-src=\"https:\/\/dpsniemojowice.pl\/2021\/wp-content\/gallery\/dzien-matki-i-ojca-2\/dsc01094.jpg\"\n             data-thumbnail=\"https:\/\/dpsniemojowice.pl\/2021\/wp-content\/gallery\/dzien-matki-i-ojca-2\/thumbs\/thumbs_dsc01094.jpg\"\n             data-image-id=\"734\"\n             data-title=\"dsc01094\"\n             data-description=\"\"\n             target='_self'\n             class=\"shutterset_a692caf6b8c7395128902742350071a4\">\n            <img class=\"ngg-singlepic\"\n             src=\"https:\/\/dpsniemojowice.pl\/2021\/nextgen-image\/734\/0x0x100\/68d0ad2cf69a7bf5f6f048a653d56f3a\"\n             alt=\"dsc01094\"\n             title=\"dsc01094\"\n                           \/>\n    \t<\/a>\n\t\t      <\/div>\n        \n            \n\t\t<div class=\"ngg-gallery-singlepic-image \" style=\"\">\n\t\t\t    \t<a href=\"https:\/\/dpsniemojowice.pl\/2021\/wp-content\/gallery\/dzien-matki-i-ojca-2\/dsc01118.jpg\"\n\t\t     title=\"\"\n             data-src=\"https:\/\/dpsniemojowice.pl\/2021\/wp-content\/gallery\/dzien-matki-i-ojca-2\/dsc01118.jpg\"\n             data-thumbnail=\"https:\/\/dpsniemojowice.pl\/2021\/wp-content\/gallery\/dzien-matki-i-ojca-2\/thumbs\/thumbs_dsc01118.jpg\"\n             data-image-id=\"735\"\n             data-title=\"dsc01118\"\n             data-description=\"\"\n             target='_self'\n             class=\"shutterset_5bf0c82be67726bfaed83e5a5cb5788a\">\n            <img class=\"ngg-singlepic\"\n             src=\"https:\/\/dpsniemojowice.pl\/2021\/nextgen-image\/735\/0x0x100\/d0e6c3a1ef2387515c908957aa20855f\"\n             alt=\"dsc01118\"\n             title=\"dsc01118\"\n                           \/>\n    \t<\/a>\n\t\t      <\/div>\n        \n            \n\t\t<div class=\"ngg-gallery-singlepic-image \" style=\"\">\n\t\t\t    \t<a href=\"https:\/\/dpsniemojowice.pl\/2021\/wp-content\/gallery\/dzien-matki-i-ojca-2\/dsc01119.jpg\"\n\t\t     title=\"\"\n             data-src=\"https:\/\/dpsniemojowice.pl\/2021\/wp-content\/gallery\/dzien-matki-i-ojca-2\/dsc01119.jpg\"\n             data-thumbnail=\"https:\/\/dpsniemojowice.pl\/2021\/wp-content\/gallery\/dzien-matki-i-ojca-2\/thumbs\/thumbs_dsc01119.jpg\"\n             data-image-id=\"736\"\n             data-title=\"dsc01119\"\n             data-description=\"\"\n             target='_self'\n             class=\"shutterset_5fda2fc2d8669201b82f21909df0c9e8\">\n            <img class=\"ngg-singlepic\"\n             src=\"https:\/\/dpsniemojowice.pl\/2021\/nextgen-image\/736\/0x0x100\/bf90967082c0d79d016e0622bc488497\"\n             alt=\"dsc01119\"\n             title=\"dsc01119\"\n                           \/>\n    \t<\/a>\n\t\t      <\/div>\n        \n            \n\t\t<div class=\"ngg-gallery-singlepic-image \" style=\"\">\n\t\t\t    \t<a href=\"https:\/\/dpsniemojowice.pl\/2021\/wp-content\/gallery\/dzien-matki-i-ojca-2\/dsc01150.jpg\"\n\t\t     title=\"\"\n             data-src=\"https:\/\/dpsniemojowice.pl\/2021\/wp-content\/gallery\/dzien-matki-i-ojca-2\/dsc01150.jpg\"\n             data-thumbnail=\"https:\/\/dpsniemojowice.pl\/2021\/wp-content\/gallery\/dzien-matki-i-ojca-2\/thumbs\/thumbs_dsc01150.jpg\"\n             data-image-id=\"737\"\n             data-title=\"dsc01150\"\n             data-description=\"\"\n             target='_self'\n             class=\"shutterset_63016b8cdec59399ed7691547ee0ddf3\">\n            <img class=\"ngg-singlepic\"\n             src=\"https:\/\/dpsniemojowice.pl\/2021\/nextgen-image\/737\/0x0x100\/012359e8623daf3287a907b86e92ffcf\"\n             alt=\"dsc01150\"\n             title=\"dsc01150\"\n                           \/>\n    \t<\/a>\n\t\t      <\/div>\n        \n","protected":false},"excerpt":{"rendered":"<p>Korzystaj\u0105c z pi\u0119knej pogody, obchody zbli\u017caj\u0105cego si\u0119 Dnia Matki oraz przypadaj\u0105cego w czerwcu Dnia Ojca, zosta\u0142y zorganizowane na \u015bwie\u017cym powietrzu.<\/p>\n","protected":false},"author":1,"featured_media":1796,"comment_status":"open","ping_status":"open","sticky":false,"template":"","format":"standard","meta":{"ngg_post_thumbnail":0},"categories":[1],"tags":[],"_links":{"self":[{"href":"https:\/\/dpsniemojowice.pl\/2021\/wp-json\/wp\/v2\/posts\/1787"}],"collection":[{"href":"https:\/\/dpsniemojowice.pl\/2021\/wp-json\/wp\/v2\/posts"}],"about":[{"href":"https:\/\/dpsniemojowice.pl\/2021\/wp-json\/wp\/v2\/types\/post"}],"author":[{"embeddable":true,"href":"https:\/\/dpsniemojowice.pl\/2021\/wp-json\/wp\/v2\/users\/1"}],"replies":[{"embeddable":true,"href":"https:\/\/dpsniemojowice.pl\/2021\/wp-json\/wp\/v2\/comments?post=1787"}],"version-history":[{"count":1,"href":"https:\/\/dpsniemojowice.pl\/2021\/wp-json\/wp\/v2\/posts\/1787\/revisions"}],"predecessor-version":[{"id":1797,"href":"https:\/\/dpsniemojowice.pl\/2021\/wp-json\/wp\/v2\/posts\/1787\/revisions\/1797"}],"wp:featuredmedia":[{"embeddable":true,"href":"https:\/\/dpsniemojowice.pl\/2021\/wp-json\/wp\/v2\/media\/1796"}],"wp:attachment":[{"href":"https:\/\/dpsniemojowice.pl\/2021\/wp-json\/wp\/v2\/media?parent=1787"}],"wp:term":[{"taxonomy":"category","embeddable":true,"href":"https:\/\/dpsniemojowice.pl\/2021\/wp-json\/wp\/v2\/categories?post=1787"},{"taxonomy":"post_tag","embeddable":true,"href":"https:\/\/dpsniemojowice.pl\/2021\/wp-json\/wp\/v2\/tags?post=1787"}],"curies":[{"name":"wp","href":"https:\/\/api.w.org\/{rel}","templated":true}]}}