{"id":1802,"date":"2018-06-13T06:24:42","date_gmt":"2018-06-13T06:24:42","guid":{"rendered":"http:\/\/dpsniemojowice.pl\/2021\/?p=1802"},"modified":"2018-06-26T08:29:40","modified_gmt":"2018-06-26T08:29:40","slug":"przeglad-tworczosci-artystycznej","status":"publish","type":"post","link":"https:\/\/dpsniemojowice.pl\/2021\/aktualnosci\/przeglad-tworczosci-artystycznej\/","title":{"rendered":"PRZEGL\u0104D TW\u00d3RCZO\u015aCI ARTYSTYCZNEJ"},"content":{"rendered":"<p style=\"text-align: justify;\">W dniu 13 czerwca 2018r.odby\u0142 si\u0119 I Przegl\u0105d Tw\u00f3rczo\u015bci Artystycznej Os\u00f3b z Niepe\u0142nosprawno\u015bci\u0105 pod nazw\u0105 ,,Podkasana Muza\u201d. Przegl\u0105d odby\u0142 si\u0119 w Regionalnym Centrum Kultury w Drzewicy. Organizatorem\u00a0 tego przedsi\u0119wzi\u0119cia by\u0142y Warsztaty Terapii Zaj\u0119ciowej z Drzewicy, przez kt\u00f3re zostali\u015bmy zaproszeni.<!--more--><\/p>\n<p style=\"text-align: justify;\">Uroczysto\u015b\u0107 rozpocz\u0119\u0142a si\u0119 od powitania przyby\u0142ych go\u015bci, a nast\u0119pnie ka\u017cdy o\u015brodek prezentowa\u0142 swoj\u0105 cz\u0119\u015b\u0107 artystyczn\u0105. Niejednokrotnie uczestnikom przegl\u0105du towarzyszy\u0142a trema przed wyj\u015bciem na scen\u0119. Ka\u017cdy chcia\u0142 aby jego wyst\u0119p wypad\u0142 jak najlepiej.<\/p>\n<p style=\"text-align: justify;\">Nasza grupa ,, Czarno to widz\u0119\u201d przedstawi\u0142a skecz pt. ,,Mama Wandzia\u201d, kt\u00f3ry si\u0119 bardzo podoba\u0142 publiczno\u015bci.<\/p>\n<p style=\"text-align: justify;\">Wyst\u0119py tego typu pozytywnie wp\u0142ywaj\u0105 na naszych Mieszka\u0144c\u00f3w. Poprzez udzia\u0142 w przegl\u0105dzie wi\u0119kszo\u015b\u0107 z nich naby\u0142a nowych umiej\u0119tno\u015bci i do\u015bwiadcze\u0144. Uczestnicy wyst\u0119puj\u0105c na scenie staj\u0105 si\u0119 bardziej pewni swoich mo\u017cliwo\u015bci.\u00a0 Aby upami\u0119tni\u0107 ten wyj\u0105tkowy dzie\u0144 na koniec wszyscy zrobili sobie pami\u0105tkowe zdj\u0119cie. Nast\u0119pnie ka\u017cdy zosta\u0142 zaproszony na gor\u0105cy posi\u0142ek, po kt\u00f3rym pe\u0142ni wra\u017ce\u0144 oraz dumni z otrzymanej nagrody wr\u00f3cili\u015bmy do Domu.<\/p>\n            \n\t\t<div class=\"ngg-gallery-singlepic-image \" style=\"\">\n\t\t\t    \t<a href=\"https:\/\/dpsniemojowice.pl\/2021\/wp-content\/gallery\/przeglad-tworczosci-artystycznej\/dsc01224.jpg\"\n\t\t     title=\"\"\n             data-src=\"https:\/\/dpsniemojowice.pl\/2021\/wp-content\/gallery\/przeglad-tworczosci-artystycznej\/dsc01224.jpg\"\n             data-thumbnail=\"https:\/\/dpsniemojowice.pl\/2021\/wp-content\/gallery\/przeglad-tworczosci-artystycznej\/thumbs\/thumbs_dsc01224.jpg\"\n             data-image-id=\"738\"\n             data-title=\"dsc01224\"\n             data-description=\"\"\n             target='_self'\n             class=\"shutterset_e4067a2a4779ca60b6c5e64d75a74607\">\n            <img class=\"ngg-singlepic\"\n             src=\"https:\/\/dpsniemojowice.pl\/2021\/nextgen-image\/738\/0x0x100\/2d6d2364dd99357fc28f17e26454dd89\"\n             alt=\"dsc01224\"\n             title=\"dsc01224\"\n                           \/>\n    \t<\/a>\n\t\t      <\/div>\n        \n","protected":false},"excerpt":{"rendered":"<p>W dniu 13 czerwca 2018r.odby\u0142 si\u0119 I Przegl\u0105d Tw\u00f3rczo\u015bci Artystycznej Os\u00f3b z Niepe\u0142nosprawno\u015bci\u0105 pod nazw\u0105 ,,Podkasana Muza\u201d. Przegl\u0105d odby\u0142 si\u0119 w Regionalnym Centrum Kultury w Drzewicy. Organizatorem\u00a0 tego przedsi\u0119wzi\u0119cia by\u0142y Warsztaty Terapii Zaj\u0119ciowej z Drzewicy, przez kt\u00f3re zostali\u015bmy zaproszeni.<\/p>\n","protected":false},"author":1,"featured_media":1805,"comment_status":"open","ping_status":"open","sticky":false,"template":"","format":"standard","meta":{"ngg_post_thumbnail":0},"categories":[1],"tags":[],"_links":{"self":[{"href":"https:\/\/dpsniemojowice.pl\/2021\/wp-json\/wp\/v2\/posts\/1802"}],"collection":[{"href":"https:\/\/dpsniemojowice.pl\/2021\/wp-json\/wp\/v2\/posts"}],"about":[{"href":"https:\/\/dpsniemojowice.pl\/2021\/wp-json\/wp\/v2\/types\/post"}],"author":[{"embeddable":true,"href":"https:\/\/dpsniemojowice.pl\/2021\/wp-json\/wp\/v2\/users\/1"}],"replies":[{"embeddable":true,"href":"https:\/\/dpsniemojowice.pl\/2021\/wp-json\/wp\/v2\/comments?post=1802"}],"version-history":[{"count":3,"href":"https:\/\/dpsniemojowice.pl\/2021\/wp-json\/wp\/v2\/posts\/1802\/revisions"}],"predecessor-version":[{"id":1828,"href":"https:\/\/dpsniemojowice.pl\/2021\/wp-json\/wp\/v2\/posts\/1802\/revisions\/1828"}],"wp:featuredmedia":[{"embeddable":true,"href":"https:\/\/dpsniemojowice.pl\/2021\/wp-json\/wp\/v2\/media\/1805"}],"wp:attachment":[{"href":"https:\/\/dpsniemojowice.pl\/2021\/wp-json\/wp\/v2\/media?parent=1802"}],"wp:term":[{"taxonomy":"category","embeddable":true,"href":"https:\/\/dpsniemojowice.pl\/2021\/wp-json\/wp\/v2\/categories?post=1802"},{"taxonomy":"post_tag","embeddable":true,"href":"https:\/\/dpsniemojowice.pl\/2021\/wp-json\/wp\/v2\/tags?post=1802"}],"curies":[{"name":"wp","href":"https:\/\/api.w.org\/{rel}","templated":true}]}}