{"id":1809,"date":"2018-06-22T08:07:25","date_gmt":"2018-06-22T08:07:25","guid":{"rendered":"http:\/\/dpsniemojowice.pl\/2021\/?p=1809"},"modified":"2018-06-26T08:28:40","modified_gmt":"2018-06-26T08:28:40","slug":"vii-spotkanie-integracyjne-domow-pomocy-spolecznej","status":"publish","type":"post","link":"https:\/\/dpsniemojowice.pl\/2021\/aktualnosci\/vii-spotkanie-integracyjne-domow-pomocy-spolecznej\/","title":{"rendered":"VII Spotkanie Integracyjne Dom\u00f3w Pomocy Spo\u0142ecznej"},"content":{"rendered":"<p>Jak co roku, zgodnie z przyj\u0119t\u0105 tradycj\u0105, w tym roku w dniu 21.06.2018r. w naszym Domu odby\u0142o si\u0119 ju\u017c VII spotkanie integracyjne z zaprzyja\u017anionymi domami pomocy spo\u0142ecznej: Domem Pomocy Spo\u0142ecznej w Drzewicy, \u0141ochy\u0144ska i Ko\u0144skich. <!--more-->Dzi\u0119ki temu, \u017ce pogoda by\u0142a sprzyjaj\u0105ca, spotkanie odby\u0142o si\u0119 w plenerze i przebiega\u0142o w bardzo mi\u0142ej i przyjaznej atmosferze.\u00a0 Tegoroczne motto &#8211; \u201eMuzyka \u0142agodzi obyczaje\u201d da\u0142o wiele mo\u017cliwo\u015bci wykazania si\u0119 uczestnikom spotkania nierzadko skrywanymi talentami wokalnymi i tanecznymi.<\/p>\n<p>Swoj\u0105 obecno\u015bci\u0105 zaszczycili nas zaproszeni go\u015bcie:<\/p>\n<p>&#8211; Pan Marcin Baranowski- Wicestarosta Powiatu Opoczy\u0144skiego<\/p>\n<p>&#8211; Pani Anna S\u0142oniewska- Skarbnik Powiatu Opoczy\u0144skiego<\/p>\n<p>&#8211; Pan Krzysztof Nawrocki- W\u00f3jt Gminy \u017barn\u00f3w<\/p>\n<p>&#8211; Pan Bogdan Kubiszewski- Sekretarz Gminy \u017barn\u00f3w<\/p>\n<p>&#8211; Pani El\u017cbieta Przyby\u0142- Kierownik Referatu Organizacyjno-Spo\u0142ecznego w \u017barnowie<\/p>\n<p>&#8211; Pan Krzysztof Wylon- Dyrektor Domu Pomocy Spo\u0142ecznej w Drzewicy<\/p>\n<p>&#8211; Pani Barbara Krawczyk- Dyrektor Domu Pomocy Spo\u0142ecznej w Ko\u0144skich<\/p>\n<p>&#8211; Pani Marzena Herman- Dyrektor Domu Pomocy Spo\u0142ecznej w \u0141ochy\u0144sku<\/p>\n<p>&#8211; Pani Sylwia Durka- pracownik Powiatowego Centrum Pomocy Rodzinie w Opocznie<\/p>\n<p>Na pocz\u0105tku spotkania przedstawiciele ka\u017cdego z Dom\u00f3w zaprezentowali przygotowane prezentacje artystyczne, kt\u00f3re zawiera\u0142y g\u0142\u00f3wnie \u015bpiewane utwory muzyczne. Mieszka\u0144cy Naszego Domu uczestnicz\u0105cy w grupie teatralnej pt. \u201eCzarno to widz\u0119\u201d w swoim wyst\u0119pie nawi\u0105zali do aktualnie odbywaj\u0105cych si\u0119 Mistrzostw \u015awiata w pi\u0142ce no\u017cnej i wprowadzili wszystkich w mundialowe klimaty.<\/p>\n<p>Nast\u0119pnie uczestnicy spotkania zostali porwani do zabawy tanecznej, po kt\u00f3rej ka\u017cdy m\u00f3g\u0142 wykaza\u0107 si\u0119 w namiocie artystycznym, koloruj\u0105c przygotowane obrazki, uk\u0142adaj\u0105c puzzle z instrumentami muzycznymi czy odgaduj\u0105c zagadki. W tym samym czasie na scenie odbywa\u0142 si\u0119 quiz muzyczny, w kt\u00f3rym przedstawiciele ka\u017cdego z Dom\u00f3w mogli sprawdzi\u0107 si\u0119 w znajomo\u015bci piosenek i instrument\u00f3w muzycznych. Nie zabrak\u0142o r\u00f3wnie\u017c zabawy sportowej- toru przeszk\u00f3d, podczas kt\u00f3rego by\u0142o mn\u00f3stwo \u015bmiechu i weso\u0142ych sytuacji.<\/p>\n<p>Po sytym obiedzie nast\u0105pi\u0142 kolejny punkt spotkania, czyli karaoke. I tu ponownie przedstawiciele ka\u017cdego z Dom\u00f3w mogli zaprezentowa\u0107 swoje talenty wokalne, za kt\u00f3re zostali nagrodzeni s\u0142odkim prezencikiem.<\/p>\n<p>Mamy nadziej\u0119, \u017ce za rok ponownie si\u0119 spotkamy\u00a0 i wsp\u00f3lnie b\u0119dziemy bawi\u0107 si\u0119 podczas kolejnego spotkania integracyjnego!<\/p>\n            \n\t\t<div class=\"ngg-gallery-singlepic-image \" style=\"\">\n\t\t\t    \t<a href=\"https:\/\/dpsniemojowice.pl\/2021\/wp-content\/gallery\/vii-spotkanie-integracyjne-domow-pomocy-spolecznej\/dsc01290.jpg\"\n\t\t     title=\"\"\n             data-src=\"https:\/\/dpsniemojowice.pl\/2021\/wp-content\/gallery\/vii-spotkanie-integracyjne-domow-pomocy-spolecznej\/dsc01290.jpg\"\n             data-thumbnail=\"https:\/\/dpsniemojowice.pl\/2021\/wp-content\/gallery\/vii-spotkanie-integracyjne-domow-pomocy-spolecznej\/thumbs\/thumbs_dsc01290.jpg\"\n             data-image-id=\"740\"\n             data-title=\"dsc01290\"\n             data-description=\"\"\n             target='_self'\n             class=\"shutterset_b1f86905ddfd5edece4623a13bdfd85e\">\n            <img class=\"ngg-singlepic\"\n             src=\"https:\/\/dpsniemojowice.pl\/2021\/nextgen-image\/740\/0x0x100\/e62cb4c98aaeb35294682323c363cf8c\"\n             alt=\"dsc01290\"\n             title=\"dsc01290\"\n                           \/>\n    \t<\/a>\n\t\t      <\/div>\n        \n            \n\t\t<div class=\"ngg-gallery-singlepic-image \" style=\"\">\n\t\t\t    \t<a href=\"https:\/\/dpsniemojowice.pl\/2021\/wp-content\/gallery\/vii-spotkanie-integracyjne-domow-pomocy-spolecznej\/dsc01292.jpg\"\n\t\t     title=\"\"\n             data-src=\"https:\/\/dpsniemojowice.pl\/2021\/wp-content\/gallery\/vii-spotkanie-integracyjne-domow-pomocy-spolecznej\/dsc01292.jpg\"\n             data-thumbnail=\"https:\/\/dpsniemojowice.pl\/2021\/wp-content\/gallery\/vii-spotkanie-integracyjne-domow-pomocy-spolecznej\/thumbs\/thumbs_dsc01292.jpg\"\n             data-image-id=\"741\"\n             data-title=\"dsc01292\"\n             data-description=\"\"\n             target='_self'\n             class=\"shutterset_f6228518f939551adaf34897e1c1f2b2\">\n            <img class=\"ngg-singlepic\"\n             src=\"https:\/\/dpsniemojowice.pl\/2021\/nextgen-image\/741\/0x0x100\/b2c383123ed383130df616b539905e0f\"\n             alt=\"dsc01292\"\n             title=\"dsc01292\"\n                           \/>\n    \t<\/a>\n\t\t      <\/div>\n        \n            \n\t\t<div class=\"ngg-gallery-singlepic-image \" style=\"\">\n\t\t\t    \t<a href=\"https:\/\/dpsniemojowice.pl\/2021\/wp-content\/gallery\/vii-spotkanie-integracyjne-domow-pomocy-spolecznej\/dsc01299.jpg\"\n\t\t     title=\"\"\n             data-src=\"https:\/\/dpsniemojowice.pl\/2021\/wp-content\/gallery\/vii-spotkanie-integracyjne-domow-pomocy-spolecznej\/dsc01299.jpg\"\n             data-thumbnail=\"https:\/\/dpsniemojowice.pl\/2021\/wp-content\/gallery\/vii-spotkanie-integracyjne-domow-pomocy-spolecznej\/thumbs\/thumbs_dsc01299.jpg\"\n             data-image-id=\"742\"\n             data-title=\"dsc01299\"\n             data-description=\"\"\n             target='_self'\n             class=\"shutterset_aa890e82f16ac0f6d19c9ff0dfb3f10c\">\n            <img class=\"ngg-singlepic\"\n             src=\"https:\/\/dpsniemojowice.pl\/2021\/nextgen-image\/742\/0x0x100\/fdd3874bd4a743b5157e788637fee382\"\n             alt=\"dsc01299\"\n             title=\"dsc01299\"\n                           \/>\n    \t<\/a>\n\t\t      <\/div>\n        \n            \n\t\t<div class=\"ngg-gallery-singlepic-image \" style=\"\">\n\t\t\t    \t<a href=\"https:\/\/dpsniemojowice.pl\/2021\/wp-content\/gallery\/vii-spotkanie-integracyjne-domow-pomocy-spolecznej\/dsc01316.jpg\"\n\t\t     title=\"\"\n             data-src=\"https:\/\/dpsniemojowice.pl\/2021\/wp-content\/gallery\/vii-spotkanie-integracyjne-domow-pomocy-spolecznej\/dsc01316.jpg\"\n             data-thumbnail=\"https:\/\/dpsniemojowice.pl\/2021\/wp-content\/gallery\/vii-spotkanie-integracyjne-domow-pomocy-spolecznej\/thumbs\/thumbs_dsc01316.jpg\"\n             data-image-id=\"743\"\n             data-title=\"dsc01316\"\n             data-description=\"\"\n             target='_self'\n             class=\"shutterset_69ee75554cd5e1bdb26931dfcbbcaa2e\">\n            <img class=\"ngg-singlepic\"\n             src=\"https:\/\/dpsniemojowice.pl\/2021\/nextgen-image\/743\/0x0x100\/f3358d680d301a7b7d3523b148ec49a4\"\n             alt=\"dsc01316\"\n             title=\"dsc01316\"\n                           \/>\n    \t<\/a>\n\t\t      <\/div>\n        \n            \n\t\t<div class=\"ngg-gallery-singlepic-image \" style=\"\">\n\t\t\t    \t<a href=\"https:\/\/dpsniemojowice.pl\/2021\/wp-content\/gallery\/vii-spotkanie-integracyjne-domow-pomocy-spolecznej\/dsc01324.jpg\"\n\t\t     title=\"\"\n             data-src=\"https:\/\/dpsniemojowice.pl\/2021\/wp-content\/gallery\/vii-spotkanie-integracyjne-domow-pomocy-spolecznej\/dsc01324.jpg\"\n             data-thumbnail=\"https:\/\/dpsniemojowice.pl\/2021\/wp-content\/gallery\/vii-spotkanie-integracyjne-domow-pomocy-spolecznej\/thumbs\/thumbs_dsc01324.jpg\"\n             data-image-id=\"744\"\n             data-title=\"dsc01324\"\n             data-description=\"\"\n             target='_self'\n             class=\"shutterset_4053d34a28b43e855317933bc8ab6e2e\">\n            <img class=\"ngg-singlepic\"\n             src=\"https:\/\/dpsniemojowice.pl\/2021\/nextgen-image\/744\/0x0x100\/1cfdb09b9a4e795f85da606ea439f74e\"\n             alt=\"dsc01324\"\n             title=\"dsc01324\"\n                           \/>\n    \t<\/a>\n\t\t      <\/div>\n        \n            \n\t\t<div class=\"ngg-gallery-singlepic-image \" style=\"\">\n\t\t\t    \t<a href=\"https:\/\/dpsniemojowice.pl\/2021\/wp-content\/gallery\/vii-spotkanie-integracyjne-domow-pomocy-spolecznej\/dsc01330.jpg\"\n\t\t     title=\"\"\n             data-src=\"https:\/\/dpsniemojowice.pl\/2021\/wp-content\/gallery\/vii-spotkanie-integracyjne-domow-pomocy-spolecznej\/dsc01330.jpg\"\n             data-thumbnail=\"https:\/\/dpsniemojowice.pl\/2021\/wp-content\/gallery\/vii-spotkanie-integracyjne-domow-pomocy-spolecznej\/thumbs\/thumbs_dsc01330.jpg\"\n             data-image-id=\"745\"\n             data-title=\"dsc01330\"\n             data-description=\"\"\n             target='_self'\n             class=\"shutterset_0d974729536788dc8c0c65d4fc278e1a\">\n            <img class=\"ngg-singlepic\"\n             src=\"https:\/\/dpsniemojowice.pl\/2021\/nextgen-image\/745\/0x0x100\/7845257863a49a869a2beb5ec228ac0a\"\n             alt=\"dsc01330\"\n             title=\"dsc01330\"\n                           \/>\n    \t<\/a>\n\t\t      <\/div>\n        \n            \n\t\t<div class=\"ngg-gallery-singlepic-image \" style=\"\">\n\t\t\t    \t<a href=\"https:\/\/dpsniemojowice.pl\/2021\/wp-content\/gallery\/vii-spotkanie-integracyjne-domow-pomocy-spolecznej\/dsc01345.jpg\"\n\t\t     title=\"\"\n             data-src=\"https:\/\/dpsniemojowice.pl\/2021\/wp-content\/gallery\/vii-spotkanie-integracyjne-domow-pomocy-spolecznej\/dsc01345.jpg\"\n             data-thumbnail=\"https:\/\/dpsniemojowice.pl\/2021\/wp-content\/gallery\/vii-spotkanie-integracyjne-domow-pomocy-spolecznej\/thumbs\/thumbs_dsc01345.jpg\"\n             data-image-id=\"746\"\n             data-title=\"dsc01345\"\n             data-description=\"\"\n             target='_self'\n             class=\"shutterset_62e62d3e17f5bcb354eacf1408683757\">\n            <img class=\"ngg-singlepic\"\n             src=\"https:\/\/dpsniemojowice.pl\/2021\/nextgen-image\/746\/0x0x100\/e14f1e82c3bbf480db411dda931d56a2\"\n             alt=\"dsc01345\"\n             title=\"dsc01345\"\n                           \/>\n    \t<\/a>\n\t\t      <\/div>\n        \n            \n\t\t<div class=\"ngg-gallery-singlepic-image \" style=\"\">\n\t\t\t    \t<a href=\"https:\/\/dpsniemojowice.pl\/2021\/wp-content\/gallery\/vii-spotkanie-integracyjne-domow-pomocy-spolecznej\/dsc01363.jpg\"\n\t\t     title=\"\"\n             data-src=\"https:\/\/dpsniemojowice.pl\/2021\/wp-content\/gallery\/vii-spotkanie-integracyjne-domow-pomocy-spolecznej\/dsc01363.jpg\"\n             data-thumbnail=\"https:\/\/dpsniemojowice.pl\/2021\/wp-content\/gallery\/vii-spotkanie-integracyjne-domow-pomocy-spolecznej\/thumbs\/thumbs_dsc01363.jpg\"\n             data-image-id=\"747\"\n             data-title=\"dsc01363\"\n             data-description=\"\"\n             target='_self'\n             class=\"shutterset_a8334e1232b4c599d74c08e78d4fbac7\">\n            <img class=\"ngg-singlepic\"\n             src=\"https:\/\/dpsniemojowice.pl\/2021\/nextgen-image\/747\/0x0x100\/c3777b941c829521f5ecbb491d51e8be\"\n             alt=\"dsc01363\"\n             title=\"dsc01363\"\n                           \/>\n    \t<\/a>\n\t\t      <\/div>\n        \n            \n\t\t<div class=\"ngg-gallery-singlepic-image \" style=\"\">\n\t\t\t    \t<a href=\"https:\/\/dpsniemojowice.pl\/2021\/wp-content\/gallery\/vii-spotkanie-integracyjne-domow-pomocy-spolecznej\/dsc01375.jpg\"\n\t\t     title=\"\"\n             data-src=\"https:\/\/dpsniemojowice.pl\/2021\/wp-content\/gallery\/vii-spotkanie-integracyjne-domow-pomocy-spolecznej\/dsc01375.jpg\"\n             data-thumbnail=\"https:\/\/dpsniemojowice.pl\/2021\/wp-content\/gallery\/vii-spotkanie-integracyjne-domow-pomocy-spolecznej\/thumbs\/thumbs_dsc01375.jpg\"\n             data-image-id=\"748\"\n             data-title=\"dsc01375\"\n             data-description=\"\"\n             target='_self'\n             class=\"shutterset_18be4740163d9bf5374db5af78c04255\">\n            <img class=\"ngg-singlepic\"\n             src=\"https:\/\/dpsniemojowice.pl\/2021\/nextgen-image\/748\/0x0x100\/4b650d519637870d8efe09be9cc99bde\"\n             alt=\"dsc01375\"\n             title=\"dsc01375\"\n                           \/>\n    \t<\/a>\n\t\t      <\/div>\n        \n            \n\t\t<div class=\"ngg-gallery-singlepic-image \" style=\"\">\n\t\t\t    \t<a href=\"https:\/\/dpsniemojowice.pl\/2021\/wp-content\/gallery\/vii-spotkanie-integracyjne-domow-pomocy-spolecznej\/dsc01382.jpg\"\n\t\t     title=\"\"\n             data-src=\"https:\/\/dpsniemojowice.pl\/2021\/wp-content\/gallery\/vii-spotkanie-integracyjne-domow-pomocy-spolecznej\/dsc01382.jpg\"\n             data-thumbnail=\"https:\/\/dpsniemojowice.pl\/2021\/wp-content\/gallery\/vii-spotkanie-integracyjne-domow-pomocy-spolecznej\/thumbs\/thumbs_dsc01382.jpg\"\n             data-image-id=\"749\"\n             data-title=\"dsc01382\"\n             data-description=\"\"\n             target='_self'\n             class=\"shutterset_4f5b149edfdfb280cffa87a300f037d4\">\n            <img class=\"ngg-singlepic\"\n             src=\"https:\/\/dpsniemojowice.pl\/2021\/nextgen-image\/749\/0x0x100\/47ae7bc4841047836d7df85e35f335f3\"\n             alt=\"dsc01382\"\n             title=\"dsc01382\"\n                           \/>\n    \t<\/a>\n\t\t      <\/div>\n        \n            \n\t\t<div class=\"ngg-gallery-singlepic-image \" style=\"\">\n\t\t\t    \t<a href=\"https:\/\/dpsniemojowice.pl\/2021\/wp-content\/gallery\/vii-spotkanie-integracyjne-domow-pomocy-spolecznej\/dsc01442.jpg\"\n\t\t     title=\"\"\n             data-src=\"https:\/\/dpsniemojowice.pl\/2021\/wp-content\/gallery\/vii-spotkanie-integracyjne-domow-pomocy-spolecznej\/dsc01442.jpg\"\n             data-thumbnail=\"https:\/\/dpsniemojowice.pl\/2021\/wp-content\/gallery\/vii-spotkanie-integracyjne-domow-pomocy-spolecznej\/thumbs\/thumbs_dsc01442.jpg\"\n             data-image-id=\"750\"\n             data-title=\"dsc01442\"\n             data-description=\"\"\n             target='_self'\n             class=\"shutterset_46ff0a3e5ddd8326f53a58a26daba8f0\">\n            <img class=\"ngg-singlepic\"\n             src=\"https:\/\/dpsniemojowice.pl\/2021\/nextgen-image\/750\/0x0x100\/34d7820c84173451c9b26353a4751e98\"\n             alt=\"dsc01442\"\n             title=\"dsc01442\"\n                           \/>\n    \t<\/a>\n\t\t      <\/div>\n        \n            \n\t\t<div class=\"ngg-gallery-singlepic-image \" style=\"\">\n\t\t\t    \t<a href=\"https:\/\/dpsniemojowice.pl\/2021\/wp-content\/gallery\/vii-spotkanie-integracyjne-domow-pomocy-spolecznej\/dsc01463.jpg\"\n\t\t     title=\"\"\n             data-src=\"https:\/\/dpsniemojowice.pl\/2021\/wp-content\/gallery\/vii-spotkanie-integracyjne-domow-pomocy-spolecznej\/dsc01463.jpg\"\n             data-thumbnail=\"https:\/\/dpsniemojowice.pl\/2021\/wp-content\/gallery\/vii-spotkanie-integracyjne-domow-pomocy-spolecznej\/thumbs\/thumbs_dsc01463.jpg\"\n             data-image-id=\"751\"\n             data-title=\"dsc01463\"\n             data-description=\"\"\n             target='_self'\n             class=\"shutterset_44df5d6917722009c03e47945ea0ab62\">\n            <img class=\"ngg-singlepic\"\n             src=\"https:\/\/dpsniemojowice.pl\/2021\/nextgen-image\/751\/0x0x100\/ddee15f94f0ea3e61852810c3dc339b6\"\n             alt=\"dsc01463\"\n             title=\"dsc01463\"\n                           \/>\n    \t<\/a>\n\t\t      <\/div>\n        \n","protected":false},"excerpt":{"rendered":"<p>Jak co roku, zgodnie z przyj\u0119t\u0105 tradycj\u0105, w tym roku w dniu 21.06.2018r. w naszym Domu odby\u0142o si\u0119 ju\u017c VII spotkanie integracyjne z zaprzyja\u017anionymi domami pomocy spo\u0142ecznej: Domem Pomocy Spo\u0142ecznej w Drzewicy, \u0141ochy\u0144ska i Ko\u0144skich.<\/p>\n","protected":false},"author":1,"featured_media":1825,"comment_status":"open","ping_status":"open","sticky":false,"template":"","format":"standard","meta":{"ngg_post_thumbnail":0},"categories":[1],"tags":[],"_links":{"self":[{"href":"https:\/\/dpsniemojowice.pl\/2021\/wp-json\/wp\/v2\/posts\/1809"}],"collection":[{"href":"https:\/\/dpsniemojowice.pl\/2021\/wp-json\/wp\/v2\/posts"}],"about":[{"href":"https:\/\/dpsniemojowice.pl\/2021\/wp-json\/wp\/v2\/types\/post"}],"author":[{"embeddable":true,"href":"https:\/\/dpsniemojowice.pl\/2021\/wp-json\/wp\/v2\/users\/1"}],"replies":[{"embeddable":true,"href":"https:\/\/dpsniemojowice.pl\/2021\/wp-json\/wp\/v2\/comments?post=1809"}],"version-history":[{"count":2,"href":"https:\/\/dpsniemojowice.pl\/2021\/wp-json\/wp\/v2\/posts\/1809\/revisions"}],"predecessor-version":[{"id":1826,"href":"https:\/\/dpsniemojowice.pl\/2021\/wp-json\/wp\/v2\/posts\/1809\/revisions\/1826"}],"wp:featuredmedia":[{"embeddable":true,"href":"https:\/\/dpsniemojowice.pl\/2021\/wp-json\/wp\/v2\/media\/1825"}],"wp:attachment":[{"href":"https:\/\/dpsniemojowice.pl\/2021\/wp-json\/wp\/v2\/media?parent=1809"}],"wp:term":[{"taxonomy":"category","embeddable":true,"href":"https:\/\/dpsniemojowice.pl\/2021\/wp-json\/wp\/v2\/categories?post=1809"},{"taxonomy":"post_tag","embeddable":true,"href":"https:\/\/dpsniemojowice.pl\/2021\/wp-json\/wp\/v2\/tags?post=1809"}],"curies":[{"name":"wp","href":"https:\/\/api.w.org\/{rel}","templated":true}]}}