{"id":1862,"date":"2018-09-03T12:20:03","date_gmt":"2018-09-03T12:20:03","guid":{"rendered":"http:\/\/dpsniemojowice.pl\/2021\/?p=1862"},"modified":"2018-09-09T12:23:08","modified_gmt":"2018-09-09T12:23:08","slug":"dozynki-gminne-w-zarnowie","status":"publish","type":"post","link":"https:\/\/dpsniemojowice.pl\/2021\/aktualnosci\/dozynki-gminne-w-zarnowie\/","title":{"rendered":"DO\u017bYNKI GMINNE W \u017bARNOWIE"},"content":{"rendered":"<p>W dniu 02.09.2018 r. ju\u017c po raz czwarty grupa teatralna \u201eCzarno to widz\u0119\u201d dzia\u0142aj\u0105ca na terenie naszego Domu, mog\u0142a zaprezentowa\u0107 sw\u00f3j dorobek artystyczny\u00a0 na scenie podczas Do\u017cynek Gminnych w \u017barnowie. <!--more-->Pogoda dopisa\u0142a, dzi\u0119ki czemu\u00a0 impreza wypad\u0142a bardzo dobrze. Mieszka\u0144cy przedstawili skecz o kapitanie i starym majtku oraz za\u015bpiewali specjalnie na t\u0105 okazj\u0119 przygotowany utw\u00f3r pt. \u201eStara \u0142ajba\u201d. Po d\u0142ugim okresie \u0107wicze\u0144 i pr\u00f3b, wyst\u0119p wypad\u0142 bardzo dobrze, a\u00a0 owacje publiczno\u015bci, by\u0142y najlepsz\u0105 nagrod\u0105 dla wyst\u0119puj\u0105cych. Mieszka\u0144cy, kt\u00f3rzy wraz z opiekunami przybyli na t\u0105 uroczysto\u015b\u0107 \u015bwietnie bawili si\u0119\u00a0 podczas wyst\u0119p\u00f3w innych grup i z u\u015bmiechem i \u015bpiewem na ustach wr\u00f3cili wieczorem do Domu.<\/p>\n            \n\t\t<div class=\"ngg-gallery-singlepic-image \" style=\"\">\n\t\t\t    \t<a href=\"https:\/\/dpsniemojowice.pl\/2021\/wp-content\/gallery\/dozynki-gminne-w-zarnowie\/dsc01547.jpg\"\n\t\t     title=\"\"\n             data-src=\"https:\/\/dpsniemojowice.pl\/2021\/wp-content\/gallery\/dozynki-gminne-w-zarnowie\/dsc01547.jpg\"\n             data-thumbnail=\"https:\/\/dpsniemojowice.pl\/2021\/wp-content\/gallery\/dozynki-gminne-w-zarnowie\/thumbs\/thumbs_dsc01547.jpg\"\n             data-image-id=\"756\"\n             data-title=\"dsc01547\"\n             data-description=\"\"\n             target='_self'\n             class=\"shutterset_e7cb63f8006dd86f4eb3b5cde56a5dd9\">\n            <img class=\"ngg-singlepic\"\n             src=\"https:\/\/dpsniemojowice.pl\/2021\/nextgen-image\/756\/0x0x100\/b807b44ecefab477804d646dd08b1e58\"\n             alt=\"dsc01547\"\n             title=\"dsc01547\"\n                           \/>\n    \t<\/a>\n\t\t      <\/div>\n        \n            \n\t\t<div class=\"ngg-gallery-singlepic-image \" style=\"\">\n\t\t\t    \t<a href=\"https:\/\/dpsniemojowice.pl\/2021\/wp-content\/gallery\/dozynki-gminne-w-zarnowie\/dsc01549.jpg\"\n\t\t     title=\"\"\n             data-src=\"https:\/\/dpsniemojowice.pl\/2021\/wp-content\/gallery\/dozynki-gminne-w-zarnowie\/dsc01549.jpg\"\n             data-thumbnail=\"https:\/\/dpsniemojowice.pl\/2021\/wp-content\/gallery\/dozynki-gminne-w-zarnowie\/thumbs\/thumbs_dsc01549.jpg\"\n             data-image-id=\"757\"\n             data-title=\"dsc01549\"\n             data-description=\"\"\n             target='_self'\n             class=\"shutterset_7172cff247d3ec8e5dff896ab6ad9dd3\">\n            <img class=\"ngg-singlepic\"\n             src=\"https:\/\/dpsniemojowice.pl\/2021\/nextgen-image\/757\/0x0x100\/89d4d0981c23aef5c9b3510626dcba69\"\n             alt=\"dsc01549\"\n             title=\"dsc01549\"\n                           \/>\n    \t<\/a>\n\t\t      <\/div>\n        \n            \n\t\t<div class=\"ngg-gallery-singlepic-image \" style=\"\">\n\t\t\t    \t<a href=\"https:\/\/dpsniemojowice.pl\/2021\/wp-content\/gallery\/dozynki-gminne-w-zarnowie\/img_20180902_182135.jpg\"\n\t\t     title=\"????????????????\"\n             data-src=\"https:\/\/dpsniemojowice.pl\/2021\/wp-content\/gallery\/dozynki-gminne-w-zarnowie\/img_20180902_182135.jpg\"\n             data-thumbnail=\"https:\/\/dpsniemojowice.pl\/2021\/wp-content\/gallery\/dozynki-gminne-w-zarnowie\/thumbs\/thumbs_img_20180902_182135.jpg\"\n             data-image-id=\"758\"\n             data-title=\"img_20180902_182135\"\n             data-description=\"????????????????\"\n             target='_self'\n             class=\"shutterset_6da2df108f514482dc3bf88032f5ed17\">\n            <img class=\"ngg-singlepic\"\n             src=\"https:\/\/dpsniemojowice.pl\/2021\/nextgen-image\/758\/0x0x100\/d6f65eba8064729d668ba9774064d851\"\n             alt=\"img_20180902_182135\"\n             title=\"img_20180902_182135\"\n                           \/>\n    \t<\/a>\n\t\t      <\/div>\n        \n","protected":false},"excerpt":{"rendered":"<p>W dniu 02.09.2018 r. ju\u017c po raz czwarty grupa teatralna \u201eCzarno to widz\u0119\u201d dzia\u0142aj\u0105ca na terenie naszego Domu, mog\u0142a zaprezentowa\u0107 sw\u00f3j dorobek artystyczny\u00a0 na scenie podczas Do\u017cynek Gminnych w \u017barnowie.<\/p>\n","protected":false},"author":1,"featured_media":1868,"comment_status":"open","ping_status":"open","sticky":false,"template":"","format":"standard","meta":{"ngg_post_thumbnail":0},"categories":[1],"tags":[],"_links":{"self":[{"href":"https:\/\/dpsniemojowice.pl\/2021\/wp-json\/wp\/v2\/posts\/1862"}],"collection":[{"href":"https:\/\/dpsniemojowice.pl\/2021\/wp-json\/wp\/v2\/posts"}],"about":[{"href":"https:\/\/dpsniemojowice.pl\/2021\/wp-json\/wp\/v2\/types\/post"}],"author":[{"embeddable":true,"href":"https:\/\/dpsniemojowice.pl\/2021\/wp-json\/wp\/v2\/users\/1"}],"replies":[{"embeddable":true,"href":"https:\/\/dpsniemojowice.pl\/2021\/wp-json\/wp\/v2\/comments?post=1862"}],"version-history":[{"count":2,"href":"https:\/\/dpsniemojowice.pl\/2021\/wp-json\/wp\/v2\/posts\/1862\/revisions"}],"predecessor-version":[{"id":1869,"href":"https:\/\/dpsniemojowice.pl\/2021\/wp-json\/wp\/v2\/posts\/1862\/revisions\/1869"}],"wp:featuredmedia":[{"embeddable":true,"href":"https:\/\/dpsniemojowice.pl\/2021\/wp-json\/wp\/v2\/media\/1868"}],"wp:attachment":[{"href":"https:\/\/dpsniemojowice.pl\/2021\/wp-json\/wp\/v2\/media?parent=1862"}],"wp:term":[{"taxonomy":"category","embeddable":true,"href":"https:\/\/dpsniemojowice.pl\/2021\/wp-json\/wp\/v2\/categories?post=1862"},{"taxonomy":"post_tag","embeddable":true,"href":"https:\/\/dpsniemojowice.pl\/2021\/wp-json\/wp\/v2\/tags?post=1862"}],"curies":[{"name":"wp","href":"https:\/\/api.w.org\/{rel}","templated":true}]}}