{"id":1876,"date":"2018-09-07T12:31:44","date_gmt":"2018-09-07T12:31:44","guid":{"rendered":"http:\/\/dpsniemojowice.pl\/2021\/?p=1876"},"modified":"2018-09-09T12:37:13","modified_gmt":"2018-09-09T12:37:13","slug":"spotkanie-integracyjne-w-lochynsku","status":"publish","type":"post","link":"https:\/\/dpsniemojowice.pl\/2021\/aktualnosci\/spotkanie-integracyjne-w-lochynsku\/","title":{"rendered":"SPOTKANIE INTEGRACYJNE W \u0141OCHY\u0143SKU"},"content":{"rendered":"<p>,,W zdrowym ciele zdrowy duch\u201d-Powiedzia\u0142 kiedy\u015b rzymski poeta Juwenalis.<\/p>\n<p>Pod tym has\u0142em 06.09.2018r.na zaproszenie zaprzyja\u017anionego Domu Pomocy Spo\u0142ecznej w \u0141ochy\u0144sku wzi\u0119li\u015bmy udzia\u0142 w imprezie integracyjnej. <!--more-->Dzi\u0119ki temu, \u017ce pogoda sprzyja\u0142a, spotkanie odby\u0142o si\u0119 na \u015bwie\u017cym powietrzu. Po przywitaniu przyby\u0142ych go\u015bci przez Pani\u0105 Dyrektor DPS w \u0141ochy\u0144sku odby\u0142 si\u0119 quiz dotycz\u0105cy zdrowego od\u017cywiania si\u0119. Nast\u0119pnie zosta\u0142y zaprezentowane przedstawienia przygotowane przez mieszka\u0144c\u00f3w zaproszonych Dom\u00f3w i naszej grupy muzyczno-teatralnej ,,Czarno to widz\u0119\u201d. Uczestnicy spotkania wzi\u0119li r\u00f3wnie\u017c udzia\u0142 w r\u00f3\u017cnych konkursach, gdzie mogli wykaza\u0107 si\u0119 swoj\u0105 sprawno\u015bci\u0105, zdolno\u015bciami kulinarnymi oraz wiedz\u0105 dotycz\u0105c\u0105 zdrowego stylu \u017cycia. Ka\u017cdy, kto wzi\u0105\u0142 udzia\u0142 w konkursie nagrodzony zosta\u0142 upominkiem, wi\u0119c ch\u0119tnych nie brakowa\u0142o. Pyszny pocz\u0119stunek i syty obiad dope\u0142ni\u0142y ca\u0142o\u015bci. Zm\u0119czeni, pe\u0142ni wra\u017ce\u0144 wr\u00f3cili\u015bmy do Domu.<\/p>\n<p>Dzi\u0119kujemy za zaproszenie i liczymy na kolejne spotkanie!!!<\/p>\n            \n\t\t<div class=\"ngg-gallery-singlepic-image \" style=\"\">\n\t\t\t    \t<a href=\"https:\/\/dpsniemojowice.pl\/2021\/wp-content\/gallery\/spotkanie-integracyjne-w-lochynsku\/dsc01566.jpg\"\n\t\t     title=\"\"\n             data-src=\"https:\/\/dpsniemojowice.pl\/2021\/wp-content\/gallery\/spotkanie-integracyjne-w-lochynsku\/dsc01566.jpg\"\n             data-thumbnail=\"https:\/\/dpsniemojowice.pl\/2021\/wp-content\/gallery\/spotkanie-integracyjne-w-lochynsku\/thumbs\/thumbs_dsc01566.jpg\"\n             data-image-id=\"760\"\n             data-title=\"dsc01566\"\n             data-description=\"\"\n             target='_self'\n             class=\"shutterset_7ff3321b5d9e7e88146a7318dc2b0e31\">\n            <img class=\"ngg-singlepic\"\n             src=\"https:\/\/dpsniemojowice.pl\/2021\/nextgen-image\/760\/0x0x100\/702f060f56293d310a52251ebeda1b42\"\n             alt=\"dsc01566\"\n             title=\"dsc01566\"\n                           \/>\n    \t<\/a>\n\t\t      <\/div>\n        \n            \n\t\t<div class=\"ngg-gallery-singlepic-image \" style=\"\">\n\t\t\t    \t<a href=\"https:\/\/dpsniemojowice.pl\/2021\/wp-content\/gallery\/spotkanie-integracyjne-w-lochynsku\/dsc01572.jpg\"\n\t\t     title=\"\"\n             data-src=\"https:\/\/dpsniemojowice.pl\/2021\/wp-content\/gallery\/spotkanie-integracyjne-w-lochynsku\/dsc01572.jpg\"\n             data-thumbnail=\"https:\/\/dpsniemojowice.pl\/2021\/wp-content\/gallery\/spotkanie-integracyjne-w-lochynsku\/thumbs\/thumbs_dsc01572.jpg\"\n             data-image-id=\"761\"\n             data-title=\"dsc01572\"\n             data-description=\"\"\n             target='_self'\n             class=\"shutterset_b5e65f5a69643a87b40d99a41ad56844\">\n            <img class=\"ngg-singlepic\"\n             src=\"https:\/\/dpsniemojowice.pl\/2021\/nextgen-image\/761\/0x0x100\/007a240a89e3f519056f24fc30ee6235\"\n             alt=\"dsc01572\"\n             title=\"dsc01572\"\n                           \/>\n    \t<\/a>\n\t\t      <\/div>\n        \n","protected":false},"excerpt":{"rendered":"<p>,,W zdrowym ciele zdrowy duch\u201d-Powiedzia\u0142 kiedy\u015b rzymski poeta Juwenalis. Pod tym has\u0142em 06.09.2018r.na zaproszenie zaprzyja\u017anionego Domu Pomocy Spo\u0142ecznej w \u0141ochy\u0144sku wzi\u0119li\u015bmy udzia\u0142 w imprezie integracyjnej.<\/p>\n","protected":false},"author":1,"featured_media":1881,"comment_status":"open","ping_status":"open","sticky":false,"template":"","format":"standard","meta":{"ngg_post_thumbnail":0},"categories":[1],"tags":[],"_links":{"self":[{"href":"https:\/\/dpsniemojowice.pl\/2021\/wp-json\/wp\/v2\/posts\/1876"}],"collection":[{"href":"https:\/\/dpsniemojowice.pl\/2021\/wp-json\/wp\/v2\/posts"}],"about":[{"href":"https:\/\/dpsniemojowice.pl\/2021\/wp-json\/wp\/v2\/types\/post"}],"author":[{"embeddable":true,"href":"https:\/\/dpsniemojowice.pl\/2021\/wp-json\/wp\/v2\/users\/1"}],"replies":[{"embeddable":true,"href":"https:\/\/dpsniemojowice.pl\/2021\/wp-json\/wp\/v2\/comments?post=1876"}],"version-history":[{"count":1,"href":"https:\/\/dpsniemojowice.pl\/2021\/wp-json\/wp\/v2\/posts\/1876\/revisions"}],"predecessor-version":[{"id":1880,"href":"https:\/\/dpsniemojowice.pl\/2021\/wp-json\/wp\/v2\/posts\/1876\/revisions\/1880"}],"wp:featuredmedia":[{"embeddable":true,"href":"https:\/\/dpsniemojowice.pl\/2021\/wp-json\/wp\/v2\/media\/1881"}],"wp:attachment":[{"href":"https:\/\/dpsniemojowice.pl\/2021\/wp-json\/wp\/v2\/media?parent=1876"}],"wp:term":[{"taxonomy":"category","embeddable":true,"href":"https:\/\/dpsniemojowice.pl\/2021\/wp-json\/wp\/v2\/categories?post=1876"},{"taxonomy":"post_tag","embeddable":true,"href":"https:\/\/dpsniemojowice.pl\/2021\/wp-json\/wp\/v2\/tags?post=1876"}],"curies":[{"name":"wp","href":"https:\/\/api.w.org\/{rel}","templated":true}]}}