{"id":1896,"date":"2018-10-03T20:15:30","date_gmt":"2018-10-03T20:15:30","guid":{"rendered":"http:\/\/dpsniemojowice.pl\/2021\/?p=1896"},"modified":"2018-10-07T20:17:49","modified_gmt":"2018-10-07T20:17:49","slug":"regionalny-festiwal-skrytych-talentow-drzewica-2018","status":"publish","type":"post","link":"https:\/\/dpsniemojowice.pl\/2021\/aktualnosci\/regionalny-festiwal-skrytych-talentow-drzewica-2018\/","title":{"rendered":"Regionalny Festiwal Skrytych Talent\u00f3w Drzewica 2018"},"content":{"rendered":"<p>W dniu 03.10.2018r. nasi Mieszka\u0144cy wzi\u0119li udzia\u0142 w Regionalnym Festiwalu Skrytych Talent\u00f3w w Drzewicy, gdzie mogli przed szersz\u0105 publiczno\u015bci\u0105 pokaza\u0107 jeden z wielu wy\u0107wiczonych, podczas spotka\u0144 grupy teatralnej skecz pt. \u201eStara \u0142ajba\u201d.<!--more--> \u00a0Organizatorem Regionalnego Festiwalu Skrytych Talent\u00f3w by\u0142o Drzewickie Centrum Wolontariatu \u201eOfiarna d\u0142o\u0144\u201d przy wsp\u00f3\u0142pracy Warsztatu Terapii Zaj\u0119ciowej w Drzewicy oraz Regionalnego Centrum Kultury w Drzewicy. W spotkaniu wzi\u0119li\u00a0 udzia\u0142 przedstawiciele z Domu Pomocy Spo\u0142ecznej ze Skrzynna, Warsztat\u00f3w Terapii Zaj\u0119ciowej z Drzewicy, \u017barnowa, Tomaszowa Mazowieckiego, Lipin, Wolborza, Opoczna, Be\u0142chatowa a tak\u017ce \u015arodowiskowych Dom\u00f3w Samopomocy z Opoczna, Olszowca, Zdu\u0144skiej Woli, My\u015blakowic i Radomia. Wyst\u0119py by\u0142y bardzo zr\u00f3\u017cnicowane i przygotowane w r\u00f3\u017cnych formach. Ka\u017cda z jednostek bior\u0105cych udzia\u0142 w spotkaniu dosta\u0142a nagrod\u0119 rzeczow\u0105 i podzi\u0119kowania. Po festiwalu i wsp\u00f3lnych rozmowach przy ciep\u0142ym posi\u0142ku, zadowoleni z udanego wyjazdu wr\u00f3cili\u015bmy do Domu.<\/p>\n            \n\t\t<div class=\"ngg-gallery-singlepic-image \" style=\"\">\n\t\t\t    \t<a href=\"https:\/\/dpsniemojowice.pl\/2021\/wp-content\/gallery\/regionalny-festiwal-skrytych-talentow-drzewica-2018\/dsc01646.jpg\"\n\t\t     title=\"\"\n             data-src=\"https:\/\/dpsniemojowice.pl\/2021\/wp-content\/gallery\/regionalny-festiwal-skrytych-talentow-drzewica-2018\/dsc01646.jpg\"\n             data-thumbnail=\"https:\/\/dpsniemojowice.pl\/2021\/wp-content\/gallery\/regionalny-festiwal-skrytych-talentow-drzewica-2018\/thumbs\/thumbs_dsc01646.jpg\"\n             data-image-id=\"766\"\n             data-title=\"dsc01646\"\n             data-description=\"\"\n             target='_self'\n             class=\"shutterset_b23fb95a5264ab511600a8d1d3a03f8b\">\n            <img class=\"ngg-singlepic\"\n             src=\"https:\/\/dpsniemojowice.pl\/2021\/nextgen-image\/766\/0x0x100\/d55e9a3a99479c78d27827a7f01c422a\"\n             alt=\"dsc01646\"\n             title=\"dsc01646\"\n                           \/>\n    \t<\/a>\n\t\t      <\/div>\n        \n","protected":false},"excerpt":{"rendered":"<p>W dniu 03.10.2018r. nasi Mieszka\u0144cy wzi\u0119li udzia\u0142 w Regionalnym Festiwalu Skrytych Talent\u00f3w w Drzewicy, gdzie mogli przed szersz\u0105 publiczno\u015bci\u0105 pokaza\u0107 jeden z wielu wy\u0107wiczonych, podczas spotka\u0144 grupy teatralnej skecz pt. \u201eStara \u0142ajba\u201d.<\/p>\n","protected":false},"author":1,"featured_media":1899,"comment_status":"open","ping_status":"open","sticky":false,"template":"","format":"standard","meta":{"ngg_post_thumbnail":0},"categories":[1],"tags":[],"_links":{"self":[{"href":"https:\/\/dpsniemojowice.pl\/2021\/wp-json\/wp\/v2\/posts\/1896"}],"collection":[{"href":"https:\/\/dpsniemojowice.pl\/2021\/wp-json\/wp\/v2\/posts"}],"about":[{"href":"https:\/\/dpsniemojowice.pl\/2021\/wp-json\/wp\/v2\/types\/post"}],"author":[{"embeddable":true,"href":"https:\/\/dpsniemojowice.pl\/2021\/wp-json\/wp\/v2\/users\/1"}],"replies":[{"embeddable":true,"href":"https:\/\/dpsniemojowice.pl\/2021\/wp-json\/wp\/v2\/comments?post=1896"}],"version-history":[{"count":1,"href":"https:\/\/dpsniemojowice.pl\/2021\/wp-json\/wp\/v2\/posts\/1896\/revisions"}],"predecessor-version":[{"id":1900,"href":"https:\/\/dpsniemojowice.pl\/2021\/wp-json\/wp\/v2\/posts\/1896\/revisions\/1900"}],"wp:featuredmedia":[{"embeddable":true,"href":"https:\/\/dpsniemojowice.pl\/2021\/wp-json\/wp\/v2\/media\/1899"}],"wp:attachment":[{"href":"https:\/\/dpsniemojowice.pl\/2021\/wp-json\/wp\/v2\/media?parent=1896"}],"wp:term":[{"taxonomy":"category","embeddable":true,"href":"https:\/\/dpsniemojowice.pl\/2021\/wp-json\/wp\/v2\/categories?post=1896"},{"taxonomy":"post_tag","embeddable":true,"href":"https:\/\/dpsniemojowice.pl\/2021\/wp-json\/wp\/v2\/tags?post=1896"}],"curies":[{"name":"wp","href":"https:\/\/api.w.org\/{rel}","templated":true}]}}