{"id":1916,"date":"2018-10-16T18:56:51","date_gmt":"2018-10-16T18:56:51","guid":{"rendered":"http:\/\/dpsniemojowice.pl\/2021\/?p=1916"},"modified":"2018-10-24T19:03:31","modified_gmt":"2018-10-24T19:03:31","slug":"czterdziesta-rocznica-pontyfikatu-jana-pawla-ii","status":"publish","type":"post","link":"https:\/\/dpsniemojowice.pl\/2021\/aktualnosci\/czterdziesta-rocznica-pontyfikatu-jana-pawla-ii\/","title":{"rendered":"CZTERDZIESTA ROCZNICA PONTYFIKATU JANA PAW\u0141A II"},"content":{"rendered":"<p>\u201ePan kiedy\u015b stan\u0105\u0142 nad brzegiem<\/p>\n<p>Szuka\u0142 ludzi gotowych p\u00f3j\u015b\u0107 za Nim\u2026.\u201d<!--more--><\/p>\n<p>Dzi\u015b, w tym szczeg\u00f3lnym dniu &#8211; 16 pa\u017adziernika 2018r. pod has\u0142em \u201eOtw\u00f3rzcie Drzwi Chrystusowi\u201d, obchodzili\u015bmy w naszym Domu 40 Rocznic\u0119 Pontyfikatu Jana Paw\u0142a II. Cz\u0142owiek, Papie\u017c, \u015awi\u0119ty\u2026.Na zawsze pozostanie w naszych sercach, nigdy Go nie zapomnimy\u2026<\/p>\n<p>Grupa teatralna, dzia\u0142aj\u0105ca na terenie Domu przygotowa\u0142a dla wszystkich Mieszka\u0144c\u00f3w monta\u017c s\u0142owno- muzyczny upami\u0119tniaj\u0105cy Papie\u017ca Polaka. Przy wierszach, wspomnieniach, s\u0142owach Jana Paw\u0142a II oraz jego zdj\u0119ciach\u00a0 ka\u017cdy z nas m\u00f3g\u0142\u00a0 od\u015bwie\u017cy\u0107 w pami\u0119ci t\u0105 wspania\u0142\u0105 posta\u0107. \u0141zy w oczach ogl\u0105daj\u0105cych udowodni\u0142y, \u017ce nigdy nie pozostanie oboj\u0119tny, zawsze b\u0119dzie dla nas bardzo wa\u017cny. Na zako\u0144czenie spotkania wszyscy za\u015bpiewali ulubion\u0105 przez \u015awi\u0119tego Jana Paw\u0142a II pie\u015b\u0144 pt.\u201eBarka\u201d.<\/p>\n            \n\t\t<div class=\"ngg-gallery-singlepic-image \" style=\"\">\n\t\t\t    \t<a href=\"https:\/\/dpsniemojowice.pl\/2021\/wp-content\/gallery\/czterdziesta-rocznica-pontyfikatu-jana-pawla-ii\/dsc01701.jpg\"\n\t\t     title=\"\"\n             data-src=\"https:\/\/dpsniemojowice.pl\/2021\/wp-content\/gallery\/czterdziesta-rocznica-pontyfikatu-jana-pawla-ii\/dsc01701.jpg\"\n             data-thumbnail=\"https:\/\/dpsniemojowice.pl\/2021\/wp-content\/gallery\/czterdziesta-rocznica-pontyfikatu-jana-pawla-ii\/thumbs\/thumbs_dsc01701.jpg\"\n             data-image-id=\"769\"\n             data-title=\"dsc01701\"\n             data-description=\"\"\n             target='_self'\n             class=\"shutterset_a8edfb23b295bcdc043fc32251458676\">\n            <img class=\"ngg-singlepic\"\n             src=\"https:\/\/dpsniemojowice.pl\/2021\/nextgen-image\/769\/0x0x100\/c9e1b9c59b0ae340efee5f33b091347f\"\n             alt=\"dsc01701\"\n             title=\"dsc01701\"\n                           \/>\n    \t<\/a>\n\t\t      <\/div>\n        \n            \n\t\t<div class=\"ngg-gallery-singlepic-image \" style=\"\">\n\t\t\t    \t<a href=\"https:\/\/dpsniemojowice.pl\/2021\/wp-content\/gallery\/czterdziesta-rocznica-pontyfikatu-jana-pawla-ii\/dsc01705.jpg\"\n\t\t     title=\"\"\n             data-src=\"https:\/\/dpsniemojowice.pl\/2021\/wp-content\/gallery\/czterdziesta-rocznica-pontyfikatu-jana-pawla-ii\/dsc01705.jpg\"\n             data-thumbnail=\"https:\/\/dpsniemojowice.pl\/2021\/wp-content\/gallery\/czterdziesta-rocznica-pontyfikatu-jana-pawla-ii\/thumbs\/thumbs_dsc01705.jpg\"\n             data-image-id=\"770\"\n             data-title=\"dsc01705\"\n             data-description=\"\"\n             target='_self'\n             class=\"shutterset_bad4a487419e5868bf14ba419c24a6f0\">\n            <img class=\"ngg-singlepic\"\n             src=\"https:\/\/dpsniemojowice.pl\/2021\/nextgen-image\/770\/0x0x100\/b2eb640093b800d9c7e5aa87c6eb78cf\"\n             alt=\"dsc01705\"\n             title=\"dsc01705\"\n                           \/>\n    \t<\/a>\n\t\t      <\/div>\n        \n            \n\t\t<div class=\"ngg-gallery-singlepic-image \" style=\"\">\n\t\t\t    \t<a href=\"https:\/\/dpsniemojowice.pl\/2021\/wp-content\/gallery\/czterdziesta-rocznica-pontyfikatu-jana-pawla-ii\/dsc01710.jpg\"\n\t\t     title=\"\"\n             data-src=\"https:\/\/dpsniemojowice.pl\/2021\/wp-content\/gallery\/czterdziesta-rocznica-pontyfikatu-jana-pawla-ii\/dsc01710.jpg\"\n             data-thumbnail=\"https:\/\/dpsniemojowice.pl\/2021\/wp-content\/gallery\/czterdziesta-rocznica-pontyfikatu-jana-pawla-ii\/thumbs\/thumbs_dsc01710.jpg\"\n             data-image-id=\"771\"\n             data-title=\"dsc01710\"\n             data-description=\"\"\n             target='_self'\n             class=\"shutterset_7818167037293041626129c810aede2b\">\n            <img class=\"ngg-singlepic\"\n             src=\"https:\/\/dpsniemojowice.pl\/2021\/nextgen-image\/771\/0x0x100\/ed6869b02d4cb0b2c3eecbfa94e12357\"\n             alt=\"dsc01710\"\n             title=\"dsc01710\"\n                           \/>\n    \t<\/a>\n\t\t      <\/div>\n        \n","protected":false},"excerpt":{"rendered":"<p>\u201ePan kiedy\u015b stan\u0105\u0142 nad brzegiem Szuka\u0142 ludzi gotowych p\u00f3j\u015b\u0107 za Nim\u2026.\u201d<\/p>\n","protected":false},"author":1,"featured_media":1921,"comment_status":"open","ping_status":"open","sticky":false,"template":"","format":"standard","meta":{"ngg_post_thumbnail":0},"categories":[1],"tags":[],"_links":{"self":[{"href":"https:\/\/dpsniemojowice.pl\/2021\/wp-json\/wp\/v2\/posts\/1916"}],"collection":[{"href":"https:\/\/dpsniemojowice.pl\/2021\/wp-json\/wp\/v2\/posts"}],"about":[{"href":"https:\/\/dpsniemojowice.pl\/2021\/wp-json\/wp\/v2\/types\/post"}],"author":[{"embeddable":true,"href":"https:\/\/dpsniemojowice.pl\/2021\/wp-json\/wp\/v2\/users\/1"}],"replies":[{"embeddable":true,"href":"https:\/\/dpsniemojowice.pl\/2021\/wp-json\/wp\/v2\/comments?post=1916"}],"version-history":[{"count":2,"href":"https:\/\/dpsniemojowice.pl\/2021\/wp-json\/wp\/v2\/posts\/1916\/revisions"}],"predecessor-version":[{"id":1923,"href":"https:\/\/dpsniemojowice.pl\/2021\/wp-json\/wp\/v2\/posts\/1916\/revisions\/1923"}],"wp:featuredmedia":[{"embeddable":true,"href":"https:\/\/dpsniemojowice.pl\/2021\/wp-json\/wp\/v2\/media\/1921"}],"wp:attachment":[{"href":"https:\/\/dpsniemojowice.pl\/2021\/wp-json\/wp\/v2\/media?parent=1916"}],"wp:term":[{"taxonomy":"category","embeddable":true,"href":"https:\/\/dpsniemojowice.pl\/2021\/wp-json\/wp\/v2\/categories?post=1916"},{"taxonomy":"post_tag","embeddable":true,"href":"https:\/\/dpsniemojowice.pl\/2021\/wp-json\/wp\/v2\/tags?post=1916"}],"curies":[{"name":"wp","href":"https:\/\/api.w.org\/{rel}","templated":true}]}}