{"id":1932,"date":"2018-11-11T21:08:44","date_gmt":"2018-11-11T21:08:44","guid":{"rendered":"http:\/\/dpsniemojowice.pl\/2021\/?p=1932"},"modified":"2018-11-14T21:15:38","modified_gmt":"2018-11-14T21:15:38","slug":"obchody-setnej-rocznicy-odzyskania-niepodleglosci-przez-polske-w-naszym-domu","status":"publish","type":"post","link":"https:\/\/dpsniemojowice.pl\/2021\/aktualnosci\/obchody-setnej-rocznicy-odzyskania-niepodleglosci-przez-polske-w-naszym-domu\/","title":{"rendered":"Obchody Setnej Rocznicy Odzyskania Niepodleg\u0142o\u015bci przez Polsk\u0119 w naszym Domu"},"content":{"rendered":"<p>W celu uczczenia setnej rocznicy odzyskania niepodleg\u0142o\u015bci przez Polsk\u0119, grupa teatralna \u201eCzarno to widz\u0119\u201d dzia\u0142aj\u0105ca na terenie Domu, przygotowa\u0142a program artystyczny upami\u0119tniaj\u0105cy dzie\u0144 11 listopada.<!--more--> Stwarzaj\u0105c nastr\u00f3j powagi i zadumy, w od\u015bwi\u0119tnych strojach, wyst\u0119puj\u0105cy przybli\u017cyli istotne fakty i osoby maj\u0105ce zwi\u0105zek z tym wa\u017cnym dla naszego kraju wydarzeniem. Przygotowany monta\u017c s\u0142owno- muzyczny rozpocz\u0105\u0142 hymn Polski za\u015bpiewany przez wszystkich zebranych, nast\u0119pnie\u00a0 arty\u015bci recytowali wiersze i za\u015bpiewali m.in. takie utwory jak: \u201eU\u0142ani\u201d, \u201eRozszumia\u0142y si\u0119 wierzby p\u0142acz\u0105ce\u201d, \u201eRozkwita\u0142y p\u0105ki bia\u0142ych r\u00f3\u017c\u201d. Wyst\u0119p bardzo podoba\u0142 si\u0119 zebranym i dostarczy\u0142 wiele refleksji ogl\u0105daj\u0105cym oraz wzbudzi\u0142 w\u015br\u00f3d nich uczucia patriotyczne.<\/p>\n            \n\t\t<div class=\"ngg-gallery-singlepic-image \" style=\"\">\n\t\t\t    \t<a href=\"https:\/\/dpsniemojowice.pl\/2021\/wp-content\/gallery\/obchody-setnej-rocznicy-odzyskania-niepodleglosci-przez-polske-w-naszym-domu\/dsc01747.jpg\"\n\t\t     title=\"\"\n             data-src=\"https:\/\/dpsniemojowice.pl\/2021\/wp-content\/gallery\/obchody-setnej-rocznicy-odzyskania-niepodleglosci-przez-polske-w-naszym-domu\/dsc01747.jpg\"\n             data-thumbnail=\"https:\/\/dpsniemojowice.pl\/2021\/wp-content\/gallery\/obchody-setnej-rocznicy-odzyskania-niepodleglosci-przez-polske-w-naszym-domu\/thumbs\/thumbs_dsc01747.jpg\"\n             data-image-id=\"775\"\n             data-title=\"dsc01747\"\n             data-description=\"\"\n             target='_self'\n             class=\"shutterset_8f0a5c4f2f2cdf40cbad2bb9495ad354\">\n            <img class=\"ngg-singlepic\"\n             src=\"https:\/\/dpsniemojowice.pl\/2021\/nextgen-image\/775\/0x0x100\/c5fe963be68e1841c793c861a46d1b04\"\n             alt=\"dsc01747\"\n             title=\"dsc01747\"\n                           \/>\n    \t<\/a>\n\t\t      <\/div>\n        \n            \n\t\t<div class=\"ngg-gallery-singlepic-image \" style=\"\">\n\t\t\t    \t<a href=\"https:\/\/dpsniemojowice.pl\/2021\/wp-content\/gallery\/obchody-setnej-rocznicy-odzyskania-niepodleglosci-przez-polske-w-naszym-domu\/dsc01749.jpg\"\n\t\t     title=\"\"\n             data-src=\"https:\/\/dpsniemojowice.pl\/2021\/wp-content\/gallery\/obchody-setnej-rocznicy-odzyskania-niepodleglosci-przez-polske-w-naszym-domu\/dsc01749.jpg\"\n             data-thumbnail=\"https:\/\/dpsniemojowice.pl\/2021\/wp-content\/gallery\/obchody-setnej-rocznicy-odzyskania-niepodleglosci-przez-polske-w-naszym-domu\/thumbs\/thumbs_dsc01749.jpg\"\n             data-image-id=\"776\"\n             data-title=\"dsc01749\"\n             data-description=\"\"\n             target='_self'\n             class=\"shutterset_99262eae91429911ea61a821494275e0\">\n            <img class=\"ngg-singlepic\"\n             src=\"https:\/\/dpsniemojowice.pl\/2021\/nextgen-image\/776\/0x0x100\/d28921b6a9e355b672026f7581d95223\"\n             alt=\"dsc01749\"\n             title=\"dsc01749\"\n                           \/>\n    \t<\/a>\n\t\t      <\/div>\n        \n","protected":false},"excerpt":{"rendered":"<p>W celu uczczenia setnej rocznicy odzyskania niepodleg\u0142o\u015bci przez Polsk\u0119, grupa teatralna \u201eCzarno to widz\u0119\u201d dzia\u0142aj\u0105ca na terenie Domu, przygotowa\u0142a program artystyczny upami\u0119tniaj\u0105cy dzie\u0144 11 listopada.<\/p>\n","protected":false},"author":1,"featured_media":1937,"comment_status":"open","ping_status":"open","sticky":false,"template":"","format":"standard","meta":{"ngg_post_thumbnail":0},"categories":[1],"tags":[],"_links":{"self":[{"href":"https:\/\/dpsniemojowice.pl\/2021\/wp-json\/wp\/v2\/posts\/1932"}],"collection":[{"href":"https:\/\/dpsniemojowice.pl\/2021\/wp-json\/wp\/v2\/posts"}],"about":[{"href":"https:\/\/dpsniemojowice.pl\/2021\/wp-json\/wp\/v2\/types\/post"}],"author":[{"embeddable":true,"href":"https:\/\/dpsniemojowice.pl\/2021\/wp-json\/wp\/v2\/users\/1"}],"replies":[{"embeddable":true,"href":"https:\/\/dpsniemojowice.pl\/2021\/wp-json\/wp\/v2\/comments?post=1932"}],"version-history":[{"count":1,"href":"https:\/\/dpsniemojowice.pl\/2021\/wp-json\/wp\/v2\/posts\/1932\/revisions"}],"predecessor-version":[{"id":1936,"href":"https:\/\/dpsniemojowice.pl\/2021\/wp-json\/wp\/v2\/posts\/1932\/revisions\/1936"}],"wp:featuredmedia":[{"embeddable":true,"href":"https:\/\/dpsniemojowice.pl\/2021\/wp-json\/wp\/v2\/media\/1937"}],"wp:attachment":[{"href":"https:\/\/dpsniemojowice.pl\/2021\/wp-json\/wp\/v2\/media?parent=1932"}],"wp:term":[{"taxonomy":"category","embeddable":true,"href":"https:\/\/dpsniemojowice.pl\/2021\/wp-json\/wp\/v2\/categories?post=1932"},{"taxonomy":"post_tag","embeddable":true,"href":"https:\/\/dpsniemojowice.pl\/2021\/wp-json\/wp\/v2\/tags?post=1932"}],"curies":[{"name":"wp","href":"https:\/\/api.w.org\/{rel}","templated":true}]}}