{"id":1938,"date":"2018-11-07T21:19:11","date_gmt":"2018-11-07T21:19:11","guid":{"rendered":"http:\/\/dpsniemojowice.pl\/2021\/?p=1938"},"modified":"2018-11-14T21:24:00","modified_gmt":"2018-11-14T21:24:00","slug":"dla-niepodleglej","status":"publish","type":"post","link":"https:\/\/dpsniemojowice.pl\/2021\/aktualnosci\/dla-niepodleglej\/","title":{"rendered":"\u201eDLA NIEPODLEG\u0141EJ\u201d"},"content":{"rendered":"<p>Pod takim tytu\u0142em w dniu 07.11.2018r. odby\u0142 si\u0119 w naszym Domu wyst\u0119p ch\u00f3ru m\u0142odzie\u017cy \u201eJak orl\u0119ta\u201d ze Szko\u0142y Podstawowej i Gimnazjum w Bia\u0142aczowie. <!--more-->M\u0142odzie\u017c ju\u017c kilkakrotnie go\u015bci\u0142a u nas, daj\u0105c zawsze pi\u0119kny wyst\u0119p i umilaj\u0105c czas Mieszka\u0144com. Tym razem by\u0142o podobnie. W zwi\u0105zku z setn\u0105 rocznic\u0105 odzyskania przez Polsk\u0119 niepodleg\u0142o\u015bci ch\u00f3r za\u015bpiewa\u0142 wiele patriotycznych pie\u015bni m.in. \u201eMarsz Polonia\u201d, \u201ePiechota\u201d, \u201eU\u0142ani\u201d, \u201eLegiony\u201d, \u201eHymn Sybirak\u00f3w\u201d oraz utw\u00f3r pt. \u201dOrl\u0119ta\u201d\u00a0 z autorsk\u0105 interpretacj\u0105. Ka\u017cdy, kto m\u00f3g\u0142 w\u0142\u0105cza\u0142 si\u0119 do wsp\u00f3lnego \u015bpiewu, a brawa na zako\u0144czenie wyst\u0119pu pokaza\u0142y, \u017ce program bardzo podoba\u0142 si\u0119 wszystkim. Tradycyjnie zosta\u0142o zrobione wsp\u00f3lne pami\u0105tkowe zdj\u0119cie. Po wyst\u0119pie m\u0142odzie\u017c odwiedzi\u0142a w pokojach te osoby, kt\u00f3re ze wzgl\u0119du na stan zdrowia nie mog\u0142y uczestniczy\u0107 w wyst\u0119pie.<\/p>\n<p>Dzi\u0119kujemy i zapraszamy ponownie!<\/p>\n            \n\t\t<div class=\"ngg-gallery-singlepic-image \" style=\"\">\n\t\t\t    \t<a href=\"https:\/\/dpsniemojowice.pl\/2021\/wp-content\/gallery\/dla-niepodleglej\/dsc01735.jpg\"\n\t\t     title=\"\"\n             data-src=\"https:\/\/dpsniemojowice.pl\/2021\/wp-content\/gallery\/dla-niepodleglej\/dsc01735.jpg\"\n             data-thumbnail=\"https:\/\/dpsniemojowice.pl\/2021\/wp-content\/gallery\/dla-niepodleglej\/thumbs\/thumbs_dsc01735.jpg\"\n             data-image-id=\"777\"\n             data-title=\"dsc01735\"\n             data-description=\"\"\n             target='_self'\n             class=\"shutterset_1838173614d139bf0de0b6b92dfbc7d9\">\n            <img class=\"ngg-singlepic\"\n             src=\"https:\/\/dpsniemojowice.pl\/2021\/nextgen-image\/777\/0x0x100\/877a35dd9ecd240bca66edd945bdb147\"\n             alt=\"dsc01735\"\n             title=\"dsc01735\"\n                           \/>\n    \t<\/a>\n\t\t      <\/div>\n        \n","protected":false},"excerpt":{"rendered":"<p>Pod takim tytu\u0142em w dniu 07.11.2018r. odby\u0142 si\u0119 w naszym Domu wyst\u0119p ch\u00f3ru m\u0142odzie\u017cy \u201eJak orl\u0119ta\u201d ze Szko\u0142y Podstawowej i Gimnazjum w Bia\u0142aczowie.<\/p>\n","protected":false},"author":1,"featured_media":1942,"comment_status":"open","ping_status":"open","sticky":false,"template":"","format":"standard","meta":{"ngg_post_thumbnail":0},"categories":[1],"tags":[],"_links":{"self":[{"href":"https:\/\/dpsniemojowice.pl\/2021\/wp-json\/wp\/v2\/posts\/1938"}],"collection":[{"href":"https:\/\/dpsniemojowice.pl\/2021\/wp-json\/wp\/v2\/posts"}],"about":[{"href":"https:\/\/dpsniemojowice.pl\/2021\/wp-json\/wp\/v2\/types\/post"}],"author":[{"embeddable":true,"href":"https:\/\/dpsniemojowice.pl\/2021\/wp-json\/wp\/v2\/users\/1"}],"replies":[{"embeddable":true,"href":"https:\/\/dpsniemojowice.pl\/2021\/wp-json\/wp\/v2\/comments?post=1938"}],"version-history":[{"count":1,"href":"https:\/\/dpsniemojowice.pl\/2021\/wp-json\/wp\/v2\/posts\/1938\/revisions"}],"predecessor-version":[{"id":1941,"href":"https:\/\/dpsniemojowice.pl\/2021\/wp-json\/wp\/v2\/posts\/1938\/revisions\/1941"}],"wp:featuredmedia":[{"embeddable":true,"href":"https:\/\/dpsniemojowice.pl\/2021\/wp-json\/wp\/v2\/media\/1942"}],"wp:attachment":[{"href":"https:\/\/dpsniemojowice.pl\/2021\/wp-json\/wp\/v2\/media?parent=1938"}],"wp:term":[{"taxonomy":"category","embeddable":true,"href":"https:\/\/dpsniemojowice.pl\/2021\/wp-json\/wp\/v2\/categories?post=1938"},{"taxonomy":"post_tag","embeddable":true,"href":"https:\/\/dpsniemojowice.pl\/2021\/wp-json\/wp\/v2\/tags?post=1938"}],"curies":[{"name":"wp","href":"https:\/\/api.w.org\/{rel}","templated":true}]}}