{"id":1997,"date":"2019-01-16T12:08:15","date_gmt":"2019-01-16T12:08:15","guid":{"rendered":"http:\/\/dpsniemojowice.pl\/2021\/?p=1997"},"modified":"2019-01-22T12:19:10","modified_gmt":"2019-01-22T12:19:10","slug":"spotkanie-swiateczno-noworoczne-w-gminie-zarnow","status":"publish","type":"post","link":"https:\/\/dpsniemojowice.pl\/2021\/aktualnosci\/spotkanie-swiateczno-noworoczne-w-gminie-zarnow\/","title":{"rendered":"SPOTKANIE \u015aWI\u0104TECZNO &#8211;  NOWOROCZNE W GMINIE \u017bARN\u00d3W"},"content":{"rendered":"<p>Korzystaj\u0105c z zaproszenia W\u00f3jta Gminy \u017barn\u00f3w pana Krzysztofa Nawrockiego i podleg\u0142ych mu jednostek, w dniu 16.01.2019r. grupa Mieszka\u0144c\u00f3w naszego domu wzi\u0119\u0142a udzia\u0142 w organizowanym corocznie spotkaniu noworocznym. <!--more-->Przygotowywane jest ono m.in. dla cz\u0142onk\u00f3w organizacji i stowarzysze\u0144, so\u0142tys\u00f3w, nauczycieli funkcjonuj\u0105cych w Gminie \u017barn\u00f3w. Tradycyjnie spotkanie rozpocz\u0105\u0142 pan w\u00f3jt witaj\u0105c zebranych, po czym nast\u0105pi\u0142a cz\u0119\u015b\u0107 artystyczna w wykonaniu uczni\u00f3w Szko\u0142y Podstawowej w \u017barnowie i Uczestnik\u00f3w Domu Dziennego Pobytu \u201eSenior \u2013 Wigor\u201d w Niemojowicach.\u00a0 Nast\u0119pnie Pra\u0142at Jan Kruk przekaza\u0142 b\u0142ogos\u0142awie\u0144stwo narodzonego Chrystusa, z\u0142o\u017cy\u0142 \u017cyczenia noworoczne i wszyscy zebrani udali si\u0119 na degustacj\u0119 potraw regionalnych. Spotkanie mia\u0142o charakter integracyjny ,w zwi\u0105zku z czym po cz\u0119\u015bci oficjalnej na sali a\u017c wrza\u0142o od rozm\u00f3w i radosnej wymiany zda\u0144 na\u00a0 rozmaite tematy. Mieszka\u0144cy wr\u00f3cili ze spotkania bardzo zadowoleni i ch\u0119tni skorzysta\u0107 z zaproszenia za rok.<\/p>\n            \n\t\t<div class=\"ngg-gallery-singlepic-image \" style=\"\">\n\t\t\t    \t<a href=\"https:\/\/dpsniemojowice.pl\/2021\/wp-content\/gallery\/spotkanie-swiateczno-noworoczne-w-gminie-zarnow\/dsc02004.jpg\"\n\t\t     title=\"\"\n             data-src=\"https:\/\/dpsniemojowice.pl\/2021\/wp-content\/gallery\/spotkanie-swiateczno-noworoczne-w-gminie-zarnow\/dsc02004.jpg\"\n             data-thumbnail=\"https:\/\/dpsniemojowice.pl\/2021\/wp-content\/gallery\/spotkanie-swiateczno-noworoczne-w-gminie-zarnow\/thumbs\/thumbs_dsc02004.jpg\"\n             data-image-id=\"801\"\n             data-title=\"dsc02004\"\n             data-description=\"\"\n             target='_self'\n             class=\"shutterset_62a26342ccb5a1d66cfc636633090f6d\">\n            <img class=\"ngg-singlepic\"\n             src=\"https:\/\/dpsniemojowice.pl\/2021\/nextgen-image\/801\/0x0x100\/bd9becd946ed5d5c183a91277a8b84c8\"\n             alt=\"dsc02004\"\n             title=\"dsc02004\"\n                           \/>\n    \t<\/a>\n\t\t      <\/div>\n        \n","protected":false},"excerpt":{"rendered":"<p>Korzystaj\u0105c z zaproszenia W\u00f3jta Gminy \u017barn\u00f3w pana Krzysztofa Nawrockiego i podleg\u0142ych mu jednostek, w dniu 16.01.2019r. grupa Mieszka\u0144c\u00f3w naszego domu wzi\u0119\u0142a udzia\u0142 w organizowanym corocznie spotkaniu noworocznym.<\/p>\n","protected":false},"author":1,"featured_media":2002,"comment_status":"open","ping_status":"open","sticky":false,"template":"","format":"standard","meta":{"ngg_post_thumbnail":0},"categories":[1],"tags":[],"_links":{"self":[{"href":"https:\/\/dpsniemojowice.pl\/2021\/wp-json\/wp\/v2\/posts\/1997"}],"collection":[{"href":"https:\/\/dpsniemojowice.pl\/2021\/wp-json\/wp\/v2\/posts"}],"about":[{"href":"https:\/\/dpsniemojowice.pl\/2021\/wp-json\/wp\/v2\/types\/post"}],"author":[{"embeddable":true,"href":"https:\/\/dpsniemojowice.pl\/2021\/wp-json\/wp\/v2\/users\/1"}],"replies":[{"embeddable":true,"href":"https:\/\/dpsniemojowice.pl\/2021\/wp-json\/wp\/v2\/comments?post=1997"}],"version-history":[{"count":1,"href":"https:\/\/dpsniemojowice.pl\/2021\/wp-json\/wp\/v2\/posts\/1997\/revisions"}],"predecessor-version":[{"id":2001,"href":"https:\/\/dpsniemojowice.pl\/2021\/wp-json\/wp\/v2\/posts\/1997\/revisions\/2001"}],"wp:featuredmedia":[{"embeddable":true,"href":"https:\/\/dpsniemojowice.pl\/2021\/wp-json\/wp\/v2\/media\/2002"}],"wp:attachment":[{"href":"https:\/\/dpsniemojowice.pl\/2021\/wp-json\/wp\/v2\/media?parent=1997"}],"wp:term":[{"taxonomy":"category","embeddable":true,"href":"https:\/\/dpsniemojowice.pl\/2021\/wp-json\/wp\/v2\/categories?post=1997"},{"taxonomy":"post_tag","embeddable":true,"href":"https:\/\/dpsniemojowice.pl\/2021\/wp-json\/wp\/v2\/tags?post=1997"}],"curies":[{"name":"wp","href":"https:\/\/api.w.org\/{rel}","templated":true}]}}