{"id":2008,"date":"2019-01-22T20:34:31","date_gmt":"2019-01-22T20:34:31","guid":{"rendered":"http:\/\/dpsniemojowice.pl\/2021\/?p=2008"},"modified":"2019-01-23T20:36:42","modified_gmt":"2019-01-23T20:36:42","slug":"koledujmy-wszyscy-wraz","status":"publish","type":"post","link":"https:\/\/dpsniemojowice.pl\/2021\/aktualnosci\/koledujmy-wszyscy-wraz\/","title":{"rendered":"\u201eKOL\u0118DUJMY WSZYSCY WRAZ\u201d"},"content":{"rendered":"<p>W dniu 22.01.2019r.\u00a0 ju\u017c po raz kolejny na zaproszenie Domu Pomocy Spo\u0142ecznej \u201eCichy zak\u0105tek\u201d w Ko\u0144skich Mieszka\u0144cy naszego Domu wzi\u0119li udzia\u0142 w organizowanym spotkaniu \u201eKol\u0119dujmy wszyscy wraz\u201d.\u00a0 <!--more-->\u00a0W imprezie tej wzi\u0119li udzia\u0142 przedstawiciele r\u00f3\u017cnych jednostek, kt\u00f3rzy mogli zaprezentowa\u0107 przygotowane programy Bo\u017conarodzeniowe, a tym samym podzieli\u0107 si\u0119 z innymi grupami pomys\u0142ami na aran\u017cacj\u0119 jase\u0142ek. W bardzo ciep\u0142ej i rodzinnej atmosferze Mieszka\u0144cy mi\u0142o sp\u0119dzili czas, nawi\u0105zuj\u0105c nowe kontakty z przedstawicielami innych dom\u00f3w pomocy spo\u0142ecznej, plac\u00f3wek wsparcia dziennego, czy o\u015brodka szkolno- wychowawczego. Po cz\u0119\u015bci artystycznej i ciep\u0142ym posi\u0142ku uczestnicy zostali zaproszeni do zabawy tanecznej. Po wyje\u017adzie mieszka\u0144cy bardzo mi\u0142o wspominali spotkanie, poniewa\u017c wnios\u0142o wiele pozytywnych emocji i pozostawi\u0142o \u00a0du\u017co temat\u00f3w do dyskusji we w\u0142asnym gronie.<\/p>\n            \n\t\t<div class=\"ngg-gallery-singlepic-image \" style=\"\">\n\t\t\t    \t<a href=\"https:\/\/dpsniemojowice.pl\/2021\/wp-content\/gallery\/koledujmy-wszyscy-wraz\/dsc02065.jpg\"\n\t\t     title=\"\"\n             data-src=\"https:\/\/dpsniemojowice.pl\/2021\/wp-content\/gallery\/koledujmy-wszyscy-wraz\/dsc02065.jpg\"\n             data-thumbnail=\"https:\/\/dpsniemojowice.pl\/2021\/wp-content\/gallery\/koledujmy-wszyscy-wraz\/thumbs\/thumbs_dsc02065.jpg\"\n             data-image-id=\"802\"\n             data-title=\"dsc02065\"\n             data-description=\"\"\n             target='_self'\n             class=\"shutterset_4ab10f438840ba895be1f1479ab7b0df\">\n            <img class=\"ngg-singlepic\"\n             src=\"https:\/\/dpsniemojowice.pl\/2021\/nextgen-image\/802\/0x0x100\/cef529ebb71151b040632bb281750869\"\n             alt=\"dsc02065\"\n             title=\"dsc02065\"\n                           \/>\n    \t<\/a>\n\t\t      <\/div>\n        \n            \n\t\t<div class=\"ngg-gallery-singlepic-image \" style=\"\">\n\t\t\t    \t<a href=\"https:\/\/dpsniemojowice.pl\/2021\/wp-content\/gallery\/koledujmy-wszyscy-wraz\/dsc02082.jpg\"\n\t\t     title=\"\"\n             data-src=\"https:\/\/dpsniemojowice.pl\/2021\/wp-content\/gallery\/koledujmy-wszyscy-wraz\/dsc02082.jpg\"\n             data-thumbnail=\"https:\/\/dpsniemojowice.pl\/2021\/wp-content\/gallery\/koledujmy-wszyscy-wraz\/thumbs\/thumbs_dsc02082.jpg\"\n             data-image-id=\"803\"\n             data-title=\"dsc02082\"\n             data-description=\"\"\n             target='_self'\n             class=\"shutterset_ffe73c80d46e5276d6d3e0d5b73a9389\">\n            <img class=\"ngg-singlepic\"\n             src=\"https:\/\/dpsniemojowice.pl\/2021\/nextgen-image\/803\/0x0x100\/bb51f638859456d99273385c202cae01\"\n             alt=\"dsc02082\"\n             title=\"dsc02082\"\n                           \/>\n    \t<\/a>\n\t\t      <\/div>\n        \n","protected":false},"excerpt":{"rendered":"<p>W dniu 22.01.2019r.\u00a0 ju\u017c po raz kolejny na zaproszenie Domu Pomocy Spo\u0142ecznej \u201eCichy zak\u0105tek\u201d w Ko\u0144skich Mieszka\u0144cy naszego Domu wzi\u0119li udzia\u0142 w organizowanym spotkaniu \u201eKol\u0119dujmy wszyscy wraz\u201d.\u00a0<\/p>\n","protected":false},"author":1,"featured_media":2013,"comment_status":"open","ping_status":"open","sticky":false,"template":"","format":"standard","meta":{"ngg_post_thumbnail":0},"categories":[1],"tags":[],"_links":{"self":[{"href":"https:\/\/dpsniemojowice.pl\/2021\/wp-json\/wp\/v2\/posts\/2008"}],"collection":[{"href":"https:\/\/dpsniemojowice.pl\/2021\/wp-json\/wp\/v2\/posts"}],"about":[{"href":"https:\/\/dpsniemojowice.pl\/2021\/wp-json\/wp\/v2\/types\/post"}],"author":[{"embeddable":true,"href":"https:\/\/dpsniemojowice.pl\/2021\/wp-json\/wp\/v2\/users\/1"}],"replies":[{"embeddable":true,"href":"https:\/\/dpsniemojowice.pl\/2021\/wp-json\/wp\/v2\/comments?post=2008"}],"version-history":[{"count":1,"href":"https:\/\/dpsniemojowice.pl\/2021\/wp-json\/wp\/v2\/posts\/2008\/revisions"}],"predecessor-version":[{"id":2012,"href":"https:\/\/dpsniemojowice.pl\/2021\/wp-json\/wp\/v2\/posts\/2008\/revisions\/2012"}],"wp:featuredmedia":[{"embeddable":true,"href":"https:\/\/dpsniemojowice.pl\/2021\/wp-json\/wp\/v2\/media\/2013"}],"wp:attachment":[{"href":"https:\/\/dpsniemojowice.pl\/2021\/wp-json\/wp\/v2\/media?parent=2008"}],"wp:term":[{"taxonomy":"category","embeddable":true,"href":"https:\/\/dpsniemojowice.pl\/2021\/wp-json\/wp\/v2\/categories?post=2008"},{"taxonomy":"post_tag","embeddable":true,"href":"https:\/\/dpsniemojowice.pl\/2021\/wp-json\/wp\/v2\/tags?post=2008"}],"curies":[{"name":"wp","href":"https:\/\/api.w.org\/{rel}","templated":true}]}}