{"id":205,"date":"2013-05-28T21:14:21","date_gmt":"2013-05-28T21:14:21","guid":{"rendered":"http:\/\/dpsniemojowice.pl\/2021\/?p=205"},"modified":"2013-06-05T21:17:23","modified_gmt":"2013-06-05T21:17:23","slug":"205","status":"publish","type":"post","link":"https:\/\/dpsniemojowice.pl\/2021\/aktualnosci\/205\/","title":{"rendered":"Dzie\u0144 Matki"},"content":{"rendered":"<p>Dnia 27.05.2013r. pomimo deszczowej pogody odby\u0142 si\u0119 zaplanowany wcze\u015bniej grill z okazji Dnia Matki. By\u0142o to spotkanie integracyjne, w kt\u00f3rym bra\u0142a udzia\u0142 m\u0142odzie\u017c z gimnazjum w \u017barnowie oraz panie fryzjerki z zaprzyja\u017anionego salonu fryzjerskiego.<!--more--><\/p>\n<p>Po uroczystym przywitaniu przez Pani\u0105 Dyrektor os\u00f3b bior\u0105cych udzia\u0142 w spotkaniu, nast\u0105pi\u0142a cz\u0119\u015b\u0107 artystyczna przygotowana przez m\u0142odzie\u017c. Nast\u0119pnie wszyscy zasiedli do wsp\u00f3lnego biesiadowania. Nie oby\u0142o si\u0119 r\u00f3wnie\u017c bez hucznej zabawy tanecznej i \u015bpiew\u00f3w przy akompaniamencie gitar.<\/p>\n<p style=\"text-align: center;\"><!-- index.php -->\n<div\n\tclass=\"ngg-galleryoverview ngg-ajax-pagination-none\"\n\tid=\"ngg-gallery-082bb4cd61f9cb13350e40d06638512c-1\">\n\n    \t<div class=\"slideshowlink\">\n        <a href='https:\/\/dpsniemojowice.pl\/2021\/aktualnosci\/205\/nggallery\/slideshow'>Pokaz slajd\u00f3w<\/a>\n\t\t\n\t<\/div>\n\t\t\t<!-- Thumbnails -->\n\t\t\t\t<div id=\"ngg-image-0\" class=\"ngg-gallery-thumbnail-box\" >\n\t\t\t\t        <div class=\"ngg-gallery-thumbnail\">\n            <a href=\"https:\/\/dpsniemojowice.pl\/2021\/wp-content\/gallery\/dzien-matki\/img_6905.jpg\"\n               title=\"\"\n               data-src=\"https:\/\/dpsniemojowice.pl\/2021\/wp-content\/gallery\/dzien-matki\/img_6905.jpg\"\n               data-thumbnail=\"https:\/\/dpsniemojowice.pl\/2021\/wp-content\/gallery\/dzien-matki\/thumbs\/thumbs_img_6905.jpg\"\n               data-image-id=\"92\"\n               data-title=\"img_6905\"\n               data-description=\"\"\n               data-image-slug=\"img_6905\"\n               class=\"shutterset_082bb4cd61f9cb13350e40d06638512c\">\n                <img\n                    title=\"img_6905\"\n                    alt=\"img_6905\"\n                    src=\"https:\/\/dpsniemojowice.pl\/2021\/wp-content\/gallery\/dzien-matki\/thumbs\/thumbs_img_6905.jpg\"\n                    width=\"100\"\n                    height=\"75\"\n                    style=\"max-width:100%;\"\n                \/>\n            <\/a>\n        <\/div>\n\t\t\t\t\t\t\t<\/div> \n\t\t\t\n        \n\t\t\t\t<div id=\"ngg-image-1\" class=\"ngg-gallery-thumbnail-box\" >\n\t\t\t\t        <div class=\"ngg-gallery-thumbnail\">\n            <a href=\"https:\/\/dpsniemojowice.pl\/2021\/wp-content\/gallery\/dzien-matki\/img_7036.jpg\"\n               title=\"\"\n               data-src=\"https:\/\/dpsniemojowice.pl\/2021\/wp-content\/gallery\/dzien-matki\/img_7036.jpg\"\n               data-thumbnail=\"https:\/\/dpsniemojowice.pl\/2021\/wp-content\/gallery\/dzien-matki\/thumbs\/thumbs_img_7036.jpg\"\n               data-image-id=\"93\"\n               data-title=\"img_7036\"\n               data-description=\"\"\n               data-image-slug=\"img_7036\"\n               class=\"shutterset_082bb4cd61f9cb13350e40d06638512c\">\n                <img\n                    title=\"img_7036\"\n                    alt=\"img_7036\"\n                    src=\"https:\/\/dpsniemojowice.pl\/2021\/wp-content\/gallery\/dzien-matki\/thumbs\/thumbs_img_7036.jpg\"\n                    width=\"100\"\n                    height=\"75\"\n                    style=\"max-width:100%;\"\n                \/>\n            <\/a>\n        <\/div>\n\t\t\t\t\t\t\t<\/div> \n\t\t\t\n        \n\t\t\t\t<div id=\"ngg-image-2\" class=\"ngg-gallery-thumbnail-box\" >\n\t\t\t\t        <div class=\"ngg-gallery-thumbnail\">\n            <a href=\"https:\/\/dpsniemojowice.pl\/2021\/wp-content\/gallery\/dzien-matki\/img_7042.jpg\"\n               title=\"\"\n               data-src=\"https:\/\/dpsniemojowice.pl\/2021\/wp-content\/gallery\/dzien-matki\/img_7042.jpg\"\n               data-thumbnail=\"https:\/\/dpsniemojowice.pl\/2021\/wp-content\/gallery\/dzien-matki\/thumbs\/thumbs_img_7042.jpg\"\n               data-image-id=\"94\"\n               data-title=\"img_7042\"\n               data-description=\"\"\n               data-image-slug=\"img_7042\"\n               class=\"shutterset_082bb4cd61f9cb13350e40d06638512c\">\n                <img\n                    title=\"img_7042\"\n                    alt=\"img_7042\"\n                    src=\"https:\/\/dpsniemojowice.pl\/2021\/wp-content\/gallery\/dzien-matki\/thumbs\/thumbs_img_7042.jpg\"\n                    width=\"100\"\n                    height=\"75\"\n                    style=\"max-width:100%;\"\n                \/>\n            <\/a>\n        <\/div>\n\t\t\t\t\t\t\t<\/div> \n\t\t\t\n        \n\t\t\t\t<div id=\"ngg-image-3\" class=\"ngg-gallery-thumbnail-box\" >\n\t\t\t\t        <div class=\"ngg-gallery-thumbnail\">\n            <a href=\"https:\/\/dpsniemojowice.pl\/2021\/wp-content\/gallery\/dzien-matki\/img_7082.jpg\"\n               title=\"\"\n               data-src=\"https:\/\/dpsniemojowice.pl\/2021\/wp-content\/gallery\/dzien-matki\/img_7082.jpg\"\n               data-thumbnail=\"https:\/\/dpsniemojowice.pl\/2021\/wp-content\/gallery\/dzien-matki\/thumbs\/thumbs_img_7082.jpg\"\n               data-image-id=\"95\"\n               data-title=\"img_7082\"\n               data-description=\"\"\n               data-image-slug=\"img_7082\"\n               class=\"shutterset_082bb4cd61f9cb13350e40d06638512c\">\n                <img\n                    title=\"img_7082\"\n                    alt=\"img_7082\"\n                    src=\"https:\/\/dpsniemojowice.pl\/2021\/wp-content\/gallery\/dzien-matki\/thumbs\/thumbs_img_7082.jpg\"\n                    width=\"100\"\n                    height=\"75\"\n                    style=\"max-width:100%;\"\n                \/>\n            <\/a>\n        <\/div>\n\t\t\t\t\t\t\t<\/div> \n\t\t\t\n        \n\t\t\n\t\t<!-- Pagination -->\n\t<div class='ngg-clear'><\/div>\t<\/div>\n<\/p>\n<p>&nbsp;<\/p>\n","protected":false},"excerpt":{"rendered":"<p>Dnia 27.05.2013r. pomimo deszczowej pogody odby\u0142 si\u0119 zaplanowany wcze\u015bniej grill z okazji Dnia Matki. By\u0142o to spotkanie integracyjne, w kt\u00f3rym bra\u0142a udzia\u0142 m\u0142odzie\u017c z gimnazjum w \u017barnowie oraz panie fryzjerki z zaprzyja\u017anionego salonu fryzjerskiego.<\/p>\n","protected":false},"author":1,"featured_media":206,"comment_status":"open","ping_status":"open","sticky":false,"template":"","format":"standard","meta":{"ngg_post_thumbnail":0},"categories":[1],"tags":[],"_links":{"self":[{"href":"https:\/\/dpsniemojowice.pl\/2021\/wp-json\/wp\/v2\/posts\/205"}],"collection":[{"href":"https:\/\/dpsniemojowice.pl\/2021\/wp-json\/wp\/v2\/posts"}],"about":[{"href":"https:\/\/dpsniemojowice.pl\/2021\/wp-json\/wp\/v2\/types\/post"}],"author":[{"embeddable":true,"href":"https:\/\/dpsniemojowice.pl\/2021\/wp-json\/wp\/v2\/users\/1"}],"replies":[{"embeddable":true,"href":"https:\/\/dpsniemojowice.pl\/2021\/wp-json\/wp\/v2\/comments?post=205"}],"version-history":[{"count":3,"href":"https:\/\/dpsniemojowice.pl\/2021\/wp-json\/wp\/v2\/posts\/205\/revisions"}],"predecessor-version":[{"id":209,"href":"https:\/\/dpsniemojowice.pl\/2021\/wp-json\/wp\/v2\/posts\/205\/revisions\/209"}],"wp:featuredmedia":[{"embeddable":true,"href":"https:\/\/dpsniemojowice.pl\/2021\/wp-json\/wp\/v2\/media\/206"}],"wp:attachment":[{"href":"https:\/\/dpsniemojowice.pl\/2021\/wp-json\/wp\/v2\/media?parent=205"}],"wp:term":[{"taxonomy":"category","embeddable":true,"href":"https:\/\/dpsniemojowice.pl\/2021\/wp-json\/wp\/v2\/categories?post=205"},{"taxonomy":"post_tag","embeddable":true,"href":"https:\/\/dpsniemojowice.pl\/2021\/wp-json\/wp\/v2\/tags?post=205"}],"curies":[{"name":"wp","href":"https:\/\/api.w.org\/{rel}","templated":true}]}}