{"id":2065,"date":"2019-03-05T22:59:53","date_gmt":"2019-03-05T22:59:53","guid":{"rendered":"http:\/\/dpsniemojowice.pl\/2021\/?p=2065"},"modified":"2019-03-10T23:02:43","modified_gmt":"2019-03-10T23:02:43","slug":"dzien-kobiet-5","status":"publish","type":"post","link":"https:\/\/dpsniemojowice.pl\/2021\/aktualnosci\/dzien-kobiet-5\/","title":{"rendered":"DZIE\u0143 KOBIET"},"content":{"rendered":"<p>W dniu 05.03.2019r. w naszym Domu odby\u0142y si\u0119 obchody Dnia Kobiet, po\u0142\u0105czone z zabaw\u0105 ostatkow\u0105. W spotkaniu tym udzia\u0142 wzi\u0119\u0142a Dyrektor Domu Pomocy Spo\u0142ecznej w Drzewicy pani Agnieszka Brola, wraz z kierownikiem Dzia\u0142u Terapeutyczno \u2013 Opieku\u0144czego.<!--more--> Obchody rozpocz\u0105\u0142 wyst\u0119p m\u0119skiej cz\u0119\u015bci grupy teatralnej \u201eCzarno to widz\u0119\u201d, kt\u00f3ry zosta\u0142 przygotowany specjalnie dla wszystkich pa\u0144, zar\u00f3wno Mieszkanek jak i pracownic Domu. Cz\u0119\u015b\u0107 artystyczna zawiera\u0142a humorystyczne akcenty, kt\u00f3re w zabawnym \u015bwietle przedstawi\u0142y kobiety i ich natur\u0119. Specjalnie u\u0142o\u017cone na t\u0105 okazj\u0119 przy\u015bpiewki, zabawne piosenki i dowcipy dotycz\u0105ce pa\u0144 wprowadzi\u0142y w \u015bwietny nastr\u00f3j zar\u00f3wno m\u0119sk\u0105 jak i \u017ce\u0144sk\u0105 cz\u0119\u015b\u0107 publiczno\u015bci. Po udanym wyst\u0119pie wszystkim Mieszkankom zosta\u0142y wr\u0119czone r\u0119cznie wykonane upominki w postaci ramek na zdj\u0119cia, do wykonania kt\u00f3rych przy\u0142o\u017cyli si\u0119 panowie. Nast\u0119pnie po s\u0142odkim pocz\u0119stunku rozpocz\u0119\u0142a si\u0119 huczna zabawa taneczna, kt\u00f3ra zako\u0144czy\u0142a okres karnawa\u0142u.<\/p>\n            \n\t\t<div class=\"ngg-gallery-singlepic-image \" style=\"\">\n\t\t\t    \t<a href=\"https:\/\/dpsniemojowice.pl\/2021\/wp-content\/gallery\/dzien-kobiet-5\/dsc02257.jpg\"\n\t\t     title=\"\"\n             data-src=\"https:\/\/dpsniemojowice.pl\/2021\/wp-content\/gallery\/dzien-kobiet-5\/dsc02257.jpg\"\n             data-thumbnail=\"https:\/\/dpsniemojowice.pl\/2021\/wp-content\/gallery\/dzien-kobiet-5\/thumbs\/thumbs_dsc02257.jpg\"\n             data-image-id=\"822\"\n             data-title=\"dsc02257\"\n             data-description=\"\"\n             target='_self'\n             class=\"shutterset_b79a622d1e2652de8996f8615606486a\">\n            <img class=\"ngg-singlepic\"\n             src=\"https:\/\/dpsniemojowice.pl\/2021\/nextgen-image\/822\/0x0x100\/a539a38b024d7ba54eaff8d4718b12f8\"\n             alt=\"dsc02257\"\n             title=\"dsc02257\"\n                           \/>\n    \t<\/a>\n\t\t      <\/div>\n        \n            \n\t\t<div class=\"ngg-gallery-singlepic-image \" style=\"\">\n\t\t\t    \t<a href=\"https:\/\/dpsniemojowice.pl\/2021\/wp-content\/gallery\/dzien-kobiet-5\/dsc02262.jpg\"\n\t\t     title=\"\"\n             data-src=\"https:\/\/dpsniemojowice.pl\/2021\/wp-content\/gallery\/dzien-kobiet-5\/dsc02262.jpg\"\n             data-thumbnail=\"https:\/\/dpsniemojowice.pl\/2021\/wp-content\/gallery\/dzien-kobiet-5\/thumbs\/thumbs_dsc02262.jpg\"\n             data-image-id=\"823\"\n             data-title=\"dsc02262\"\n             data-description=\"\"\n             target='_self'\n             class=\"shutterset_fa75aa3bb847536c71fc7b73424c6da0\">\n            <img class=\"ngg-singlepic\"\n             src=\"https:\/\/dpsniemojowice.pl\/2021\/nextgen-image\/823\/0x0x100\/b9d0a8daa22cb7cb08aaed71810864eb\"\n             alt=\"dsc02262\"\n             title=\"dsc02262\"\n                           \/>\n    \t<\/a>\n\t\t      <\/div>\n        \n            \n\t\t<div class=\"ngg-gallery-singlepic-image \" style=\"\">\n\t\t\t    \t<a href=\"https:\/\/dpsniemojowice.pl\/2021\/wp-content\/gallery\/dzien-kobiet-5\/dsc02275.jpg\"\n\t\t     title=\"\"\n             data-src=\"https:\/\/dpsniemojowice.pl\/2021\/wp-content\/gallery\/dzien-kobiet-5\/dsc02275.jpg\"\n             data-thumbnail=\"https:\/\/dpsniemojowice.pl\/2021\/wp-content\/gallery\/dzien-kobiet-5\/thumbs\/thumbs_dsc02275.jpg\"\n             data-image-id=\"824\"\n             data-title=\"dsc02275\"\n             data-description=\"\"\n             target='_self'\n             class=\"shutterset_f8d06f5c8afb4256d3ec48c39ea6e6dd\">\n            <img class=\"ngg-singlepic\"\n             src=\"https:\/\/dpsniemojowice.pl\/2021\/nextgen-image\/824\/0x0x100\/250dfb9e9cd082b0f04bcf1205159424\"\n             alt=\"dsc02275\"\n             title=\"dsc02275\"\n                           \/>\n    \t<\/a>\n\t\t      <\/div>\n        \n","protected":false},"excerpt":{"rendered":"<p>W dniu 05.03.2019r. w naszym Domu odby\u0142y si\u0119 obchody Dnia Kobiet, po\u0142\u0105czone z zabaw\u0105 ostatkow\u0105. W spotkaniu tym udzia\u0142 wzi\u0119\u0142a Dyrektor Domu Pomocy Spo\u0142ecznej w Drzewicy pani Agnieszka Brola, wraz z kierownikiem Dzia\u0142u Terapeutyczno \u2013 Opieku\u0144czego.<\/p>\n","protected":false},"author":1,"featured_media":2071,"comment_status":"open","ping_status":"open","sticky":false,"template":"","format":"standard","meta":{"ngg_post_thumbnail":0},"categories":[1],"tags":[],"_links":{"self":[{"href":"https:\/\/dpsniemojowice.pl\/2021\/wp-json\/wp\/v2\/posts\/2065"}],"collection":[{"href":"https:\/\/dpsniemojowice.pl\/2021\/wp-json\/wp\/v2\/posts"}],"about":[{"href":"https:\/\/dpsniemojowice.pl\/2021\/wp-json\/wp\/v2\/types\/post"}],"author":[{"embeddable":true,"href":"https:\/\/dpsniemojowice.pl\/2021\/wp-json\/wp\/v2\/users\/1"}],"replies":[{"embeddable":true,"href":"https:\/\/dpsniemojowice.pl\/2021\/wp-json\/wp\/v2\/comments?post=2065"}],"version-history":[{"count":1,"href":"https:\/\/dpsniemojowice.pl\/2021\/wp-json\/wp\/v2\/posts\/2065\/revisions"}],"predecessor-version":[{"id":2070,"href":"https:\/\/dpsniemojowice.pl\/2021\/wp-json\/wp\/v2\/posts\/2065\/revisions\/2070"}],"wp:featuredmedia":[{"embeddable":true,"href":"https:\/\/dpsniemojowice.pl\/2021\/wp-json\/wp\/v2\/media\/2071"}],"wp:attachment":[{"href":"https:\/\/dpsniemojowice.pl\/2021\/wp-json\/wp\/v2\/media?parent=2065"}],"wp:term":[{"taxonomy":"category","embeddable":true,"href":"https:\/\/dpsniemojowice.pl\/2021\/wp-json\/wp\/v2\/categories?post=2065"},{"taxonomy":"post_tag","embeddable":true,"href":"https:\/\/dpsniemojowice.pl\/2021\/wp-json\/wp\/v2\/tags?post=2065"}],"curies":[{"name":"wp","href":"https:\/\/api.w.org\/{rel}","templated":true}]}}