{"id":210,"date":"2013-06-11T09:06:45","date_gmt":"2013-06-11T09:06:45","guid":{"rendered":"http:\/\/dpsniemojowice.pl\/2021\/?p=210"},"modified":"2013-06-12T09:21:49","modified_gmt":"2013-06-12T09:21:49","slug":"poswiecenie-figury-matki-bozej","status":"publish","type":"post","link":"https:\/\/dpsniemojowice.pl\/2021\/aktualnosci\/poswiecenie-figury-matki-bozej\/","title":{"rendered":"Po\u015bwi\u0119cenie figury Matki Bo\u017cej"},"content":{"rendered":"<p>Dnia 10.06.2013r. odby\u0142a si\u0119 uroczysto\u015b\u0107 po\u015bwi\u0119cenia Figury Matki Bo\u017cej, kt\u00f3ra zosta\u0142a wykonana nieodp\u0142atnie przez rze\u017abiarza Pana Wojciecha Grz\u0119dowskiego z miejscowo\u015bci Petrykozy. Surowiec na jej wykonanie pobrano z wiatro\u0142omu drzewa pochodz\u0105cego z parku otaczaj\u0105cego Pa\u0142ac Ma\u0142achowskich w Bia\u0142aczowie, po nawa\u0142nicy z 14 lipca 2011r.<!--more--> Postument Matki Bo\u017cej b\u0119dzie miejscem czci Matki Bo\u017cej oraz sentymentaln\u0105 pami\u0105tk\u0105, jaka\u00a0 pozosta\u0142a po Domu Pomocy Spo\u0142ecznej w Bia\u0142aczowie.<\/p>\n<p>Go\u015bciem honorowym tej uroczysto\u015bci by\u0142a <strong>Pani Pose\u0142 na Sejm RP El\u017cbieta Radziszewska<\/strong>. Swoj\u0105 obecno\u015bci\u0105 zaszczycili nas r\u00f3wnie\u017c:<\/p>\n<p>\u2022 Starosta Powiatu Opoczy\u0144skiego \u2013 <strong>Pan Marek Ksyta<\/strong><\/p>\n<p>\u2022 Przewodnicz\u0105cy Rady Powiatu w Opocznie \u2013 <strong>Pan Andrzej Kopania<\/strong><\/p>\n<p>\u2022 Wiceprzewodnicz\u0105cy Rady Powiatu w Opocznie \u2013 <strong>Pan Pawe\u0142 Kosno<\/strong><\/p>\n<p>\u2022 W\u00f3jt Gminy Bia\u0142acz\u00f3w \u2013 <strong>Pan Jan J\u00f3\u017awik<\/strong><\/p>\n<p>\u2022 W\u00f3jt Gminy \u017barn\u00f3w \u2013 <strong>Pan Krzysztof Nawrocki<\/strong><\/p>\n<p>\u2022 Sekretarz Powiatu Opoczy\u0144skiego \u2013 <strong>Pani Gra\u017cyna Wielgus<\/strong><\/p>\n<p>\u2022 Wice w\u00f3jt Gminy Bia\u0142acz\u00f3w \u2013 <strong>Pani Barbara Goworek<\/strong><\/p>\n<p>\u2022 Sekretarz Gminy \u017barn\u00f3w \u2013 <strong>Pan Bogdan Kubiszewski<\/strong><\/p>\n<p>\u2022 Dyrektor Powiatowego Centrum Pomocy Rodzinie w Opocznie \u2013 <strong>Pani Wies\u0142awa Kurowska<\/strong><\/p>\n<p>\u2022 Duszpasterz naszego Domu \u2013 <strong>Ks. Jan Dere\u0144<\/strong><\/p>\n<p>Zaproszeni go\u015bcie, mieszka\u0144cy i pracownicy Domu Pomocy Spo\u0142ecznej zgromadzili si\u0119 wok\u00f3\u0142 Figury Matki Bo\u017cej, kt\u00f3ra zosta\u0142a po\u015bwi\u0119cona przez naszego duszpasterza Ks. Jana Derenia. Po uroczysto\u015bci odby\u0142a si\u0119 cz\u0119\u015b\u0107 artystyczna przygotowana przez naszych mieszka\u0144c\u00f3w, kt\u00f3ra zosta\u0142a poprzedzona powitaniem go\u015bci przez Pani\u0105 Dyrektor Domu Renat\u0119 Koneck\u0105. W swoim wyst\u0105pieniu podzi\u0119kowa\u0142a mi\u0119dzy innymi W\u00f3jtowi Gminy Bia\u0142acz\u00f3w za wsparcie, pomoc i opiek\u0119 oraz W\u00f3jtowi Gminy \u017barn\u00f3w za aktualn\u0105 wsp\u00f3\u0142prac\u0119.<\/p>\n<p>Przedstawiciele mieszka\u0144c\u00f3w Domu powitali go\u015bci i wr\u0119czyli Pani Pose\u0142 El\u017cbiecie Radziszewskiej kwiaty i drobny upominek za pomoc w pozyskiwaniu \u015brodk\u00f3w finansowych na budow\u0119 Domu.<\/p>\n<p>Kolejnym punktem spotkania by\u0142o zwiedzanie obiektu, kt\u00f3re wyzwoli\u0142o wiele pozytywnych emocji w\u015br\u00f3d zaproszonych go\u015bci.<\/p>\n<p style=\"text-align: center;\">\u00a0<!-- index.php -->\n<div\n\tclass=\"ngg-galleryoverview ngg-ajax-pagination-none\"\n\tid=\"ngg-gallery-761295e5b7e52e83d9fd2f38f2b9dcb2-1\">\n\n    \t<div class=\"slideshowlink\">\n        <a href='https:\/\/dpsniemojowice.pl\/2021\/aktualnosci\/poswiecenie-figury-matki-bozej\/nggallery\/slideshow'>Pokaz slajd\u00f3w<\/a>\n\t\t\n\t<\/div>\n\t\t\t<!-- Thumbnails -->\n\t\t\t\t<div id=\"ngg-image-0\" class=\"ngg-gallery-thumbnail-box\" >\n\t\t\t\t        <div class=\"ngg-gallery-thumbnail\">\n            <a href=\"https:\/\/dpsniemojowice.pl\/2021\/wp-content\/gallery\/poswiecenie-figury-matki-bozej\/img_3242.jpg\"\n               title=\"\"\n               data-src=\"https:\/\/dpsniemojowice.pl\/2021\/wp-content\/gallery\/poswiecenie-figury-matki-bozej\/img_3242.jpg\"\n               data-thumbnail=\"https:\/\/dpsniemojowice.pl\/2021\/wp-content\/gallery\/poswiecenie-figury-matki-bozej\/thumbs\/thumbs_img_3242.jpg\"\n               data-image-id=\"96\"\n               data-title=\"img_3242\"\n               data-description=\"\"\n               data-image-slug=\"img_3242\"\n               class=\"shutterset_761295e5b7e52e83d9fd2f38f2b9dcb2\">\n                <img\n                    title=\"img_3242\"\n                    alt=\"img_3242\"\n                    src=\"https:\/\/dpsniemojowice.pl\/2021\/wp-content\/gallery\/poswiecenie-figury-matki-bozej\/thumbs\/thumbs_img_3242.jpg\"\n                    width=\"100\"\n                    height=\"75\"\n                    style=\"max-width:100%;\"\n                \/>\n            <\/a>\n        <\/div>\n\t\t\t\t\t\t\t<\/div> \n\t\t\t\n        \n\t\t\t\t<div id=\"ngg-image-1\" class=\"ngg-gallery-thumbnail-box\" >\n\t\t\t\t        <div class=\"ngg-gallery-thumbnail\">\n            <a href=\"https:\/\/dpsniemojowice.pl\/2021\/wp-content\/gallery\/poswiecenie-figury-matki-bozej\/img_3258.jpg\"\n               title=\"\"\n               data-src=\"https:\/\/dpsniemojowice.pl\/2021\/wp-content\/gallery\/poswiecenie-figury-matki-bozej\/img_3258.jpg\"\n               data-thumbnail=\"https:\/\/dpsniemojowice.pl\/2021\/wp-content\/gallery\/poswiecenie-figury-matki-bozej\/thumbs\/thumbs_img_3258.jpg\"\n               data-image-id=\"97\"\n               data-title=\"img_3258\"\n               data-description=\"\"\n               data-image-slug=\"img_3258\"\n               class=\"shutterset_761295e5b7e52e83d9fd2f38f2b9dcb2\">\n                <img\n                    title=\"img_3258\"\n                    alt=\"img_3258\"\n                    src=\"https:\/\/dpsniemojowice.pl\/2021\/wp-content\/gallery\/poswiecenie-figury-matki-bozej\/thumbs\/thumbs_img_3258.jpg\"\n                    width=\"100\"\n                    height=\"75\"\n                    style=\"max-width:100%;\"\n                \/>\n            <\/a>\n        <\/div>\n\t\t\t\t\t\t\t<\/div> \n\t\t\t\n        \n\t\t\t\t<div id=\"ngg-image-2\" class=\"ngg-gallery-thumbnail-box\" >\n\t\t\t\t        <div class=\"ngg-gallery-thumbnail\">\n            <a href=\"https:\/\/dpsniemojowice.pl\/2021\/wp-content\/gallery\/poswiecenie-figury-matki-bozej\/img_3265.jpg\"\n               title=\"\"\n               data-src=\"https:\/\/dpsniemojowice.pl\/2021\/wp-content\/gallery\/poswiecenie-figury-matki-bozej\/img_3265.jpg\"\n               data-thumbnail=\"https:\/\/dpsniemojowice.pl\/2021\/wp-content\/gallery\/poswiecenie-figury-matki-bozej\/thumbs\/thumbs_img_3265.jpg\"\n               data-image-id=\"98\"\n               data-title=\"img_3265\"\n               data-description=\"\"\n               data-image-slug=\"img_3265\"\n               class=\"shutterset_761295e5b7e52e83d9fd2f38f2b9dcb2\">\n                <img\n                    title=\"img_3265\"\n                    alt=\"img_3265\"\n                    src=\"https:\/\/dpsniemojowice.pl\/2021\/wp-content\/gallery\/poswiecenie-figury-matki-bozej\/thumbs\/thumbs_img_3265.jpg\"\n                    width=\"100\"\n                    height=\"75\"\n                    style=\"max-width:100%;\"\n                \/>\n            <\/a>\n        <\/div>\n\t\t\t\t\t\t\t<\/div> \n\t\t\t\n        \n\t\t\t\t<div id=\"ngg-image-3\" class=\"ngg-gallery-thumbnail-box\" >\n\t\t\t\t        <div class=\"ngg-gallery-thumbnail\">\n            <a href=\"https:\/\/dpsniemojowice.pl\/2021\/wp-content\/gallery\/poswiecenie-figury-matki-bozej\/img_7578.jpg\"\n               title=\"\"\n               data-src=\"https:\/\/dpsniemojowice.pl\/2021\/wp-content\/gallery\/poswiecenie-figury-matki-bozej\/img_7578.jpg\"\n               data-thumbnail=\"https:\/\/dpsniemojowice.pl\/2021\/wp-content\/gallery\/poswiecenie-figury-matki-bozej\/thumbs\/thumbs_img_7578.jpg\"\n               data-image-id=\"99\"\n               data-title=\"img_7578\"\n               data-description=\"\"\n               data-image-slug=\"img_7578\"\n               class=\"shutterset_761295e5b7e52e83d9fd2f38f2b9dcb2\">\n                <img\n                    title=\"img_7578\"\n                    alt=\"img_7578\"\n                    src=\"https:\/\/dpsniemojowice.pl\/2021\/wp-content\/gallery\/poswiecenie-figury-matki-bozej\/thumbs\/thumbs_img_7578.jpg\"\n                    width=\"100\"\n                    height=\"75\"\n                    style=\"max-width:100%;\"\n                \/>\n            <\/a>\n        <\/div>\n\t\t\t\t\t\t\t<\/div> \n\t\t\t\n        \n\t\t\t\t<div id=\"ngg-image-4\" class=\"ngg-gallery-thumbnail-box\" >\n\t\t\t\t        <div class=\"ngg-gallery-thumbnail\">\n            <a href=\"https:\/\/dpsniemojowice.pl\/2021\/wp-content\/gallery\/poswiecenie-figury-matki-bozej\/img_7583.jpg\"\n               title=\"\"\n               data-src=\"https:\/\/dpsniemojowice.pl\/2021\/wp-content\/gallery\/poswiecenie-figury-matki-bozej\/img_7583.jpg\"\n               data-thumbnail=\"https:\/\/dpsniemojowice.pl\/2021\/wp-content\/gallery\/poswiecenie-figury-matki-bozej\/thumbs\/thumbs_img_7583.jpg\"\n               data-image-id=\"100\"\n               data-title=\"img_7583\"\n               data-description=\"\"\n               data-image-slug=\"img_7583\"\n               class=\"shutterset_761295e5b7e52e83d9fd2f38f2b9dcb2\">\n                <img\n                    title=\"img_7583\"\n                    alt=\"img_7583\"\n                    src=\"https:\/\/dpsniemojowice.pl\/2021\/wp-content\/gallery\/poswiecenie-figury-matki-bozej\/thumbs\/thumbs_img_7583.jpg\"\n                    width=\"100\"\n                    height=\"75\"\n                    style=\"max-width:100%;\"\n                \/>\n            <\/a>\n        <\/div>\n\t\t\t\t\t\t\t<\/div> \n\t\t\t\n        \n\t\t\t\t<div id=\"ngg-image-5\" class=\"ngg-gallery-thumbnail-box\" >\n\t\t\t\t        <div class=\"ngg-gallery-thumbnail\">\n            <a href=\"https:\/\/dpsniemojowice.pl\/2021\/wp-content\/gallery\/poswiecenie-figury-matki-bozej\/img_7639.jpg\"\n               title=\"\"\n               data-src=\"https:\/\/dpsniemojowice.pl\/2021\/wp-content\/gallery\/poswiecenie-figury-matki-bozej\/img_7639.jpg\"\n               data-thumbnail=\"https:\/\/dpsniemojowice.pl\/2021\/wp-content\/gallery\/poswiecenie-figury-matki-bozej\/thumbs\/thumbs_img_7639.jpg\"\n               data-image-id=\"101\"\n               data-title=\"img_7639\"\n               data-description=\"\"\n               data-image-slug=\"img_7639\"\n               class=\"shutterset_761295e5b7e52e83d9fd2f38f2b9dcb2\">\n                <img\n                    title=\"img_7639\"\n                    alt=\"img_7639\"\n                    src=\"https:\/\/dpsniemojowice.pl\/2021\/wp-content\/gallery\/poswiecenie-figury-matki-bozej\/thumbs\/thumbs_img_7639.jpg\"\n                    width=\"100\"\n                    height=\"75\"\n                    style=\"max-width:100%;\"\n                \/>\n            <\/a>\n        <\/div>\n\t\t\t\t\t\t\t<\/div> \n\t\t\t\n        \n\t\t\t\t<div id=\"ngg-image-6\" class=\"ngg-gallery-thumbnail-box\" >\n\t\t\t\t        <div class=\"ngg-gallery-thumbnail\">\n            <a href=\"https:\/\/dpsniemojowice.pl\/2021\/wp-content\/gallery\/poswiecenie-figury-matki-bozej\/img_7732.jpg\"\n               title=\"\"\n               data-src=\"https:\/\/dpsniemojowice.pl\/2021\/wp-content\/gallery\/poswiecenie-figury-matki-bozej\/img_7732.jpg\"\n               data-thumbnail=\"https:\/\/dpsniemojowice.pl\/2021\/wp-content\/gallery\/poswiecenie-figury-matki-bozej\/thumbs\/thumbs_img_7732.jpg\"\n               data-image-id=\"102\"\n               data-title=\"img_7732\"\n               data-description=\"\"\n               data-image-slug=\"img_7732\"\n               class=\"shutterset_761295e5b7e52e83d9fd2f38f2b9dcb2\">\n                <img\n                    title=\"img_7732\"\n                    alt=\"img_7732\"\n                    src=\"https:\/\/dpsniemojowice.pl\/2021\/wp-content\/gallery\/poswiecenie-figury-matki-bozej\/thumbs\/thumbs_img_7732.jpg\"\n                    width=\"100\"\n                    height=\"75\"\n                    style=\"max-width:100%;\"\n                \/>\n            <\/a>\n        <\/div>\n\t\t\t\t\t\t\t<\/div> \n\t\t\t\n        \n\t\t\n\t\t<!-- Pagination -->\n\t<div class='ngg-clear'><\/div>\t<\/div>\n<\/p>\n","protected":false},"excerpt":{"rendered":"<p>Dnia 10.06.2013r. odby\u0142a si\u0119 uroczysto\u015b\u0107 po\u015bwi\u0119cenia Figury Matki Bo\u017cej, kt\u00f3ra zosta\u0142a wykonana nieodp\u0142atnie przez rze\u017abiarza Pana Wojciecha Grz\u0119dowskiego z miejscowo\u015bci Petrykozy. Surowiec na jej wykonanie pobrano z wiatro\u0142omu drzewa pochodz\u0105cego z parku otaczaj\u0105cego Pa\u0142ac Ma\u0142achowskich w Bia\u0142aczowie, po nawa\u0142nicy z 14 lipca 2011r.<\/p>\n","protected":false},"author":1,"featured_media":211,"comment_status":"open","ping_status":"open","sticky":false,"template":"","format":"standard","meta":{"ngg_post_thumbnail":0},"categories":[1],"tags":[],"_links":{"self":[{"href":"https:\/\/dpsniemojowice.pl\/2021\/wp-json\/wp\/v2\/posts\/210"}],"collection":[{"href":"https:\/\/dpsniemojowice.pl\/2021\/wp-json\/wp\/v2\/posts"}],"about":[{"href":"https:\/\/dpsniemojowice.pl\/2021\/wp-json\/wp\/v2\/types\/post"}],"author":[{"embeddable":true,"href":"https:\/\/dpsniemojowice.pl\/2021\/wp-json\/wp\/v2\/users\/1"}],"replies":[{"embeddable":true,"href":"https:\/\/dpsniemojowice.pl\/2021\/wp-json\/wp\/v2\/comments?post=210"}],"version-history":[{"count":3,"href":"https:\/\/dpsniemojowice.pl\/2021\/wp-json\/wp\/v2\/posts\/210\/revisions"}],"predecessor-version":[{"id":214,"href":"https:\/\/dpsniemojowice.pl\/2021\/wp-json\/wp\/v2\/posts\/210\/revisions\/214"}],"wp:featuredmedia":[{"embeddable":true,"href":"https:\/\/dpsniemojowice.pl\/2021\/wp-json\/wp\/v2\/media\/211"}],"wp:attachment":[{"href":"https:\/\/dpsniemojowice.pl\/2021\/wp-json\/wp\/v2\/media?parent=210"}],"wp:term":[{"taxonomy":"category","embeddable":true,"href":"https:\/\/dpsniemojowice.pl\/2021\/wp-json\/wp\/v2\/categories?post=210"},{"taxonomy":"post_tag","embeddable":true,"href":"https:\/\/dpsniemojowice.pl\/2021\/wp-json\/wp\/v2\/tags?post=210"}],"curies":[{"name":"wp","href":"https:\/\/api.w.org\/{rel}","templated":true}]}}