{"id":2117,"date":"2019-05-29T19:57:36","date_gmt":"2019-05-29T19:57:36","guid":{"rendered":"http:\/\/dpsniemojowice.pl\/2021\/?p=2117"},"modified":"2019-06-03T20:00:48","modified_gmt":"2019-06-03T20:00:48","slug":"wycieczka-krajoznawcza","status":"publish","type":"post","link":"https:\/\/dpsniemojowice.pl\/2021\/aktualnosci\/wycieczka-krajoznawcza\/","title":{"rendered":"WYCIECZKA KRAJOZNAWCZA"},"content":{"rendered":"<p style=\"text-align: justify;\">Grupa Mieszka\u0144c\u00f3w naszego Domu wraz z opiekunami w dniu 29.05.2019r. wzi\u0119\u0142a udzia\u0142 w wycieczce krajoznawczej. Tym razem udali\u015bmy si\u0119 na kielecczyzn\u0119. Pierwszym punktem wycieczki by\u0142 Sabat Krajno \u2013 Park Rozrywki i Miniatur.<!--more--> Jest to jedyny park w Europie usytuowany na wzg\u00f3rzu, gdzie w Alei Miniatur \u201eWonderful World\u201d mo\u017cna podziwia\u0107 najwspanialsze miniatury budowli i dzie\u0142 stworzonych przez natur\u0119. Mieszka\u0144cy \u00a0dzielnie wchodzili pod g\u00f3r\u0119, chc\u0105c obejrze\u0107 wszystkie zabytki i z uwag\u0105\u00a0 s\u0142uchali pani przewodnik, kt\u00f3ra ciekawie opowiada\u0142a o ka\u017cdym eksponacie.<\/p>\n<p style=\"text-align: justify;\">Kolejnym punktem naszej wycieczki by\u0142y warsztaty\u00a0 w Manufakturze S\u0142odyczy \u201eMagia Karmelu\u201d w Kielcach. Po pokazie, dzi\u0119ki kt\u00f3remu zobaczyli\u015bmy jak powstaj\u0105 kolorowe karmelki, ka\u017cdy uczestnik m\u00f3g\u0142 samodzielnie wykona\u0107 wielobarwny lizak. By\u0142o to bardzo ciekawe do\u015bwiadczenie, r\u00f3wnie\u017c dla opiekun\u00f3w.<\/p>\n<p style=\"text-align: justify;\">Na zako\u0144czenie naszego pobytu na ziemi kieleckiej zjedli\u015bmy pyszny obiad i wyruszyli\u015bmy w drog\u0119 powrotn\u0105, kt\u00f3r\u0105 umila\u0142y nam wsp\u00f3lne, weso\u0142e \u015bpiewy.<\/p>\n<p style=\"text-align: justify;\">            \n\t\t<div class=\"ngg-gallery-singlepic-image \" style=\"\">\n\t\t\t    \t<a href=\"https:\/\/dpsniemojowice.pl\/2021\/wp-content\/gallery\/wycieczka-krajoznawcza\/dsc02425.jpg\"\n\t\t     title=\"\"\n             data-src=\"https:\/\/dpsniemojowice.pl\/2021\/wp-content\/gallery\/wycieczka-krajoznawcza\/dsc02425.jpg\"\n             data-thumbnail=\"https:\/\/dpsniemojowice.pl\/2021\/wp-content\/gallery\/wycieczka-krajoznawcza\/thumbs\/thumbs_dsc02425.jpg\"\n             data-image-id=\"840\"\n             data-title=\"dsc02425\"\n             data-description=\"\"\n             target='_self'\n             class=\"shutterset_629c3888f75f842645e0de89aa3be6c2\">\n            <img class=\"ngg-singlepic\"\n             src=\"https:\/\/dpsniemojowice.pl\/2021\/nextgen-image\/840\/0x0x100\/1aa7d5e648239ba07c04dc81a9bc34d3\"\n             alt=\"dsc02425\"\n             title=\"dsc02425\"\n                           \/>\n    \t<\/a>\n\t\t      <\/div>\n        <\/p>\n<p style=\"text-align: justify;\">            \n\t\t<div class=\"ngg-gallery-singlepic-image \" style=\"\">\n\t\t\t    \t<a href=\"https:\/\/dpsniemojowice.pl\/2021\/wp-content\/gallery\/wycieczka-krajoznawcza\/dsc02438.jpg\"\n\t\t     title=\"\"\n             data-src=\"https:\/\/dpsniemojowice.pl\/2021\/wp-content\/gallery\/wycieczka-krajoznawcza\/dsc02438.jpg\"\n             data-thumbnail=\"https:\/\/dpsniemojowice.pl\/2021\/wp-content\/gallery\/wycieczka-krajoznawcza\/thumbs\/thumbs_dsc02438.jpg\"\n             data-image-id=\"841\"\n             data-title=\"dsc02438\"\n             data-description=\"\"\n             target='_self'\n             class=\"shutterset_4a9dab15823b2c3011a6a3b9d4ef4570\">\n            <img class=\"ngg-singlepic\"\n             src=\"https:\/\/dpsniemojowice.pl\/2021\/nextgen-image\/841\/0x0x100\/1311dfaf7bfe0c4030f975d26e80184c\"\n             alt=\"dsc02438\"\n             title=\"dsc02438\"\n                           \/>\n    \t<\/a>\n\t\t      <\/div>\n        <\/p>\n<p style=\"text-align: justify;\">            \n\t\t<div class=\"ngg-gallery-singlepic-image \" style=\"\">\n\t\t\t    \t<a href=\"https:\/\/dpsniemojowice.pl\/2021\/wp-content\/gallery\/wycieczka-krajoznawcza\/dsc02445.jpg\"\n\t\t     title=\"\"\n             data-src=\"https:\/\/dpsniemojowice.pl\/2021\/wp-content\/gallery\/wycieczka-krajoznawcza\/dsc02445.jpg\"\n             data-thumbnail=\"https:\/\/dpsniemojowice.pl\/2021\/wp-content\/gallery\/wycieczka-krajoznawcza\/thumbs\/thumbs_dsc02445.jpg\"\n             data-image-id=\"842\"\n             data-title=\"dsc02445\"\n             data-description=\"\"\n             target='_self'\n             class=\"shutterset_8b77bad0f0979554d32ebe48cc83e304\">\n            <img class=\"ngg-singlepic\"\n             src=\"https:\/\/dpsniemojowice.pl\/2021\/nextgen-image\/842\/0x0x100\/54a80a4e2625f05d43963f805a84688a\"\n             alt=\"dsc02445\"\n             title=\"dsc02445\"\n                           \/>\n    \t<\/a>\n\t\t      <\/div>\n        <\/p>\n<p style=\"text-align: justify;\">            \n\t\t<div class=\"ngg-gallery-singlepic-image \" style=\"\">\n\t\t\t    \t<a href=\"https:\/\/dpsniemojowice.pl\/2021\/wp-content\/gallery\/wycieczka-krajoznawcza\/dsc02450.jpg\"\n\t\t     title=\"\"\n             data-src=\"https:\/\/dpsniemojowice.pl\/2021\/wp-content\/gallery\/wycieczka-krajoznawcza\/dsc02450.jpg\"\n             data-thumbnail=\"https:\/\/dpsniemojowice.pl\/2021\/wp-content\/gallery\/wycieczka-krajoznawcza\/thumbs\/thumbs_dsc02450.jpg\"\n             data-image-id=\"843\"\n             data-title=\"dsc02450\"\n             data-description=\"\"\n             target='_self'\n             class=\"shutterset_9e513b9ff32fa337a55b52df338a7565\">\n            <img class=\"ngg-singlepic\"\n             src=\"https:\/\/dpsniemojowice.pl\/2021\/nextgen-image\/843\/0x0x100\/f33c3a1cbb3e07c504f29d2dc666de7d\"\n             alt=\"dsc02450\"\n             title=\"dsc02450\"\n                           \/>\n    \t<\/a>\n\t\t      <\/div>\n        <\/p>\n","protected":false},"excerpt":{"rendered":"<p>Grupa Mieszka\u0144c\u00f3w naszego Domu wraz z opiekunami w dniu 29.05.2019r. wzi\u0119\u0142a udzia\u0142 w wycieczce krajoznawczej. Tym razem udali\u015bmy si\u0119 na kielecczyzn\u0119. Pierwszym punktem wycieczki by\u0142 Sabat Krajno \u2013 Park Rozrywki i Miniatur.<\/p>\n","protected":false},"author":1,"featured_media":2124,"comment_status":"open","ping_status":"open","sticky":false,"template":"","format":"standard","meta":{"ngg_post_thumbnail":0},"categories":[1],"tags":[],"_links":{"self":[{"href":"https:\/\/dpsniemojowice.pl\/2021\/wp-json\/wp\/v2\/posts\/2117"}],"collection":[{"href":"https:\/\/dpsniemojowice.pl\/2021\/wp-json\/wp\/v2\/posts"}],"about":[{"href":"https:\/\/dpsniemojowice.pl\/2021\/wp-json\/wp\/v2\/types\/post"}],"author":[{"embeddable":true,"href":"https:\/\/dpsniemojowice.pl\/2021\/wp-json\/wp\/v2\/users\/1"}],"replies":[{"embeddable":true,"href":"https:\/\/dpsniemojowice.pl\/2021\/wp-json\/wp\/v2\/comments?post=2117"}],"version-history":[{"count":3,"href":"https:\/\/dpsniemojowice.pl\/2021\/wp-json\/wp\/v2\/posts\/2117\/revisions"}],"predecessor-version":[{"id":2126,"href":"https:\/\/dpsniemojowice.pl\/2021\/wp-json\/wp\/v2\/posts\/2117\/revisions\/2126"}],"wp:featuredmedia":[{"embeddable":true,"href":"https:\/\/dpsniemojowice.pl\/2021\/wp-json\/wp\/v2\/media\/2124"}],"wp:attachment":[{"href":"https:\/\/dpsniemojowice.pl\/2021\/wp-json\/wp\/v2\/media?parent=2117"}],"wp:term":[{"taxonomy":"category","embeddable":true,"href":"https:\/\/dpsniemojowice.pl\/2021\/wp-json\/wp\/v2\/categories?post=2117"},{"taxonomy":"post_tag","embeddable":true,"href":"https:\/\/dpsniemojowice.pl\/2021\/wp-json\/wp\/v2\/tags?post=2117"}],"curies":[{"name":"wp","href":"https:\/\/api.w.org\/{rel}","templated":true}]}}