{"id":2127,"date":"2019-05-22T20:01:39","date_gmt":"2019-05-22T20:01:39","guid":{"rendered":"http:\/\/dpsniemojowice.pl\/2021\/?p=2127"},"modified":"2019-06-03T20:04:21","modified_gmt":"2019-06-03T20:04:21","slug":"xi-powiatowe-obchody-dnia-godnosci-osob-niepelnosprawnych","status":"publish","type":"post","link":"https:\/\/dpsniemojowice.pl\/2021\/aktualnosci\/xi-powiatowe-obchody-dnia-godnosci-osob-niepelnosprawnych\/","title":{"rendered":"XI Powiatowe Obchody Dnia Godno\u015bci Os\u00f3b Niepe\u0142nosprawnych"},"content":{"rendered":"<p style=\"text-align: justify;\">W dniu 22.05.2019r. w\u0142adze Powiatu Opoczy\u0144skiego ju\u017c po raz jedenasty zorganizowa\u0142y Dzie\u0144 Godno\u015bci Os\u00f3b Niepe\u0142nosprawnych, w kt\u00f3rym uczestniczyli tak\u017ce mieszka\u0144cy naszego Domu.<!--more--> Uroczysto\u015b\u0107, zgodnie z dotychczasow\u0105 tradycj\u0105 rozpocz\u0119\u0142a\u00a0 Msza \u015awi\u0119ta w Ko\u015bciele pw. Podwy\u017cszenia Krzy\u017ca \u015awi\u0119tego w Opocznie, po kt\u00f3rej odby\u0142 si\u0119 przemarsz, z wcze\u015bniej przygotowanymi kwiatami do Zespo\u0142u Szk\u00f3\u0142 Ponadgimnazjalnych nr 1 w Opocznie na dalszy przebieg uroczysto\u015bci.<\/p>\n<p style=\"text-align: justify;\">W cz\u0119\u015bci oficjalnej spotkania, podczas pokazu slajd\u00f3w ze zdj\u0119ciami instytucji i stowarzysze\u0144 dzia\u0142aj\u0105cych na terenie Powiatu Opoczy\u0144skiego, przedstawiciele Starostwa Powiatowego z\u0142o\u017cyli podzi\u0119kowania na r\u0119ce reprezentant\u00f3w \u00a0instytucji wspieraj\u0105cych swoj\u0105 dzia\u0142alno\u015bci\u0105 osoby potrzebuj\u0105ce pomocy.<\/p>\n<p style=\"text-align: justify;\">Pod koniec uroczysto\u015bci wszyscy zostali zaproszeni na ciep\u0142y posi\u0142ek, po kt\u00f3rym weseli, pe\u0142ni energii wzi\u0119li udzia\u0142 w zabawie tanecznej.<\/p>\n<p style=\"text-align: justify;\">            \n\t\t<div class=\"ngg-gallery-singlepic-image \" style=\"\">\n\t\t\t    \t<a href=\"https:\/\/dpsniemojowice.pl\/2021\/wp-content\/gallery\/xi-powiatowe-obchody-dnia-godnosci-osob-niepelnosprawnych\/dsc02395.jpg\"\n\t\t     title=\"\"\n             data-src=\"https:\/\/dpsniemojowice.pl\/2021\/wp-content\/gallery\/xi-powiatowe-obchody-dnia-godnosci-osob-niepelnosprawnych\/dsc02395.jpg\"\n             data-thumbnail=\"https:\/\/dpsniemojowice.pl\/2021\/wp-content\/gallery\/xi-powiatowe-obchody-dnia-godnosci-osob-niepelnosprawnych\/thumbs\/thumbs_dsc02395.jpg\"\n             data-image-id=\"844\"\n             data-title=\"dsc02395\"\n             data-description=\"\"\n             target='_self'\n             class=\"shutterset_13bc2b929a29362defa0aa5f4eb05945\">\n            <img class=\"ngg-singlepic\"\n             src=\"https:\/\/dpsniemojowice.pl\/2021\/nextgen-image\/844\/0x0x100\/7bb9528819d8b530f836cdd5f4b5639d\"\n             alt=\"dsc02395\"\n             title=\"dsc02395\"\n                           \/>\n    \t<\/a>\n\t\t      <\/div>\n        <\/p>\n<p style=\"text-align: justify;\">            \n\t\t<div class=\"ngg-gallery-singlepic-image \" style=\"\">\n\t\t\t    \t<a href=\"https:\/\/dpsniemojowice.pl\/2021\/wp-content\/gallery\/xi-powiatowe-obchody-dnia-godnosci-osob-niepelnosprawnych\/dsc02398.jpg\"\n\t\t     title=\"\"\n             data-src=\"https:\/\/dpsniemojowice.pl\/2021\/wp-content\/gallery\/xi-powiatowe-obchody-dnia-godnosci-osob-niepelnosprawnych\/dsc02398.jpg\"\n             data-thumbnail=\"https:\/\/dpsniemojowice.pl\/2021\/wp-content\/gallery\/xi-powiatowe-obchody-dnia-godnosci-osob-niepelnosprawnych\/thumbs\/thumbs_dsc02398.jpg\"\n             data-image-id=\"845\"\n             data-title=\"dsc02398\"\n             data-description=\"\"\n             target='_self'\n             class=\"shutterset_6d5b34dd702088bd55b85467d160975c\">\n            <img class=\"ngg-singlepic\"\n             src=\"https:\/\/dpsniemojowice.pl\/2021\/nextgen-image\/845\/0x0x100\/0d8f23faf654ebd7e24228fdcd9ad1dc\"\n             alt=\"dsc02398\"\n             title=\"dsc02398\"\n                           \/>\n    \t<\/a>\n\t\t      <\/div>\n        <\/p>\n<p style=\"text-align: justify;\">            \n\t\t<div class=\"ngg-gallery-singlepic-image \" style=\"\">\n\t\t\t    \t<a href=\"https:\/\/dpsniemojowice.pl\/2021\/wp-content\/gallery\/xi-powiatowe-obchody-dnia-godnosci-osob-niepelnosprawnych\/dsc02409.jpg\"\n\t\t     title=\"\"\n             data-src=\"https:\/\/dpsniemojowice.pl\/2021\/wp-content\/gallery\/xi-powiatowe-obchody-dnia-godnosci-osob-niepelnosprawnych\/dsc02409.jpg\"\n             data-thumbnail=\"https:\/\/dpsniemojowice.pl\/2021\/wp-content\/gallery\/xi-powiatowe-obchody-dnia-godnosci-osob-niepelnosprawnych\/thumbs\/thumbs_dsc02409.jpg\"\n             data-image-id=\"846\"\n             data-title=\"dsc02409\"\n             data-description=\"\"\n             target='_self'\n             class=\"shutterset_714ec377af0bfdc41a3c380e4947b02c\">\n            <img class=\"ngg-singlepic\"\n             src=\"https:\/\/dpsniemojowice.pl\/2021\/nextgen-image\/846\/0x0x100\/ef2a6379d80833021e52b9013dad7449\"\n             alt=\"dsc02409\"\n             title=\"dsc02409\"\n                           \/>\n    \t<\/a>\n\t\t      <\/div>\n        <\/p>\n","protected":false},"excerpt":{"rendered":"<p>W dniu 22.05.2019r. w\u0142adze Powiatu Opoczy\u0144skiego ju\u017c po raz jedenasty zorganizowa\u0142y Dzie\u0144 Godno\u015bci Os\u00f3b Niepe\u0142nosprawnych, w kt\u00f3rym uczestniczyli tak\u017ce mieszka\u0144cy naszego Domu.<\/p>\n","protected":false},"author":1,"featured_media":2132,"comment_status":"open","ping_status":"open","sticky":false,"template":"","format":"standard","meta":{"ngg_post_thumbnail":0},"categories":[1],"tags":[],"_links":{"self":[{"href":"https:\/\/dpsniemojowice.pl\/2021\/wp-json\/wp\/v2\/posts\/2127"}],"collection":[{"href":"https:\/\/dpsniemojowice.pl\/2021\/wp-json\/wp\/v2\/posts"}],"about":[{"href":"https:\/\/dpsniemojowice.pl\/2021\/wp-json\/wp\/v2\/types\/post"}],"author":[{"embeddable":true,"href":"https:\/\/dpsniemojowice.pl\/2021\/wp-json\/wp\/v2\/users\/1"}],"replies":[{"embeddable":true,"href":"https:\/\/dpsniemojowice.pl\/2021\/wp-json\/wp\/v2\/comments?post=2127"}],"version-history":[{"count":2,"href":"https:\/\/dpsniemojowice.pl\/2021\/wp-json\/wp\/v2\/posts\/2127\/revisions"}],"predecessor-version":[{"id":2134,"href":"https:\/\/dpsniemojowice.pl\/2021\/wp-json\/wp\/v2\/posts\/2127\/revisions\/2134"}],"wp:featuredmedia":[{"embeddable":true,"href":"https:\/\/dpsniemojowice.pl\/2021\/wp-json\/wp\/v2\/media\/2132"}],"wp:attachment":[{"href":"https:\/\/dpsniemojowice.pl\/2021\/wp-json\/wp\/v2\/media?parent=2127"}],"wp:term":[{"taxonomy":"category","embeddable":true,"href":"https:\/\/dpsniemojowice.pl\/2021\/wp-json\/wp\/v2\/categories?post=2127"},{"taxonomy":"post_tag","embeddable":true,"href":"https:\/\/dpsniemojowice.pl\/2021\/wp-json\/wp\/v2\/tags?post=2127"}],"curies":[{"name":"wp","href":"https:\/\/api.w.org\/{rel}","templated":true}]}}