{"id":2136,"date":"2019-06-05T06:16:32","date_gmt":"2019-06-05T06:16:32","guid":{"rendered":"http:\/\/dpsniemojowice.pl\/2021\/?p=2136"},"modified":"2019-06-13T06:21:58","modified_gmt":"2019-06-13T06:21:58","slug":"dzien-matki-i-ojca-3","status":"publish","type":"post","link":"https:\/\/dpsniemojowice.pl\/2021\/aktualnosci\/dzien-matki-i-ojca-3\/","title":{"rendered":"Dzie\u0144 Matki i Ojca"},"content":{"rendered":"<p style=\"text-align: justify;\">26 maja i 23 czerwca to daty znane wszystkim. W tych dniach mamy szczeg\u00f3ln\u0105 okazj\u0119 do wyra\u017cania swoich uczu\u0107 rodzicom jak r\u00f3wnie\u017c do wspomnie\u0144 zwi\u0105zanych z nimi. Pami\u0119taj\u0105c, jak wa\u017cn\u0105 rol\u0119 w \u017cyciu ka\u017cdego cz\u0142owieka pe\u0142ni\u0105 rodzice, w dniu 05.06.19r.\u00a0<!--more--> dla Mieszka\u0144c\u00f3w naszego Domu zosta\u0142 przygotowany piknik. Rozpocz\u0105\u0142 go wyst\u0119p grupy teatralnej dzia\u0142aj\u0105cej na terenie Domu, kt\u00f3ry w ca\u0142o\u015bci po\u015bwi\u0119cony by\u0142 tematyce zwi\u0105zanej z rodzicami. Nast\u0119pnie, po obiedzie w postaci grilla rozpocz\u0119\u0142a si\u0119 zabawa taneczna przeplatana ta\u0144cami integracyjnymi. Kolejnym punktem spotkania by\u0142 udzia\u0142 w\u00a0 zabawach sportowych, dostosowanych specjalnie do mo\u017cliwo\u015bci Mieszka\u0144c\u00f3w. Rzut pi\u0142k\u0105 lekarsk\u0105 czy te\u017c bieg przez tor przeszk\u00f3d pozwoli\u0142y na wykazanie si\u0119 sprytem i kondycj\u0105 a dla najlepszych jury przyzna\u0142o s\u0142odkie upominki. Podczas tegorocznego pikniku nie mog\u0142o zabrakn\u0105\u0107 wsp\u00f3lnego \u015bpiewu znanych i lubianych piosenek biesiadnych a dzi\u0119ki temu, \u017ce wszystkim dopisywa\u0142 humor i pogoda nas nie zawiod\u0142a, spotkanie przebiega\u0142o w radosnej i rodzinnej atmosferze.<\/p>\n<p style=\"text-align: justify;\">            \n\t\t<div class=\"ngg-gallery-singlepic-image \" style=\"\">\n\t\t\t    \t<a href=\"https:\/\/dpsniemojowice.pl\/2021\/wp-content\/gallery\/dzien-matki-i-ojca-3\/dsc02455.jpg\"\n\t\t     title=\"\"\n             data-src=\"https:\/\/dpsniemojowice.pl\/2021\/wp-content\/gallery\/dzien-matki-i-ojca-3\/dsc02455.jpg\"\n             data-thumbnail=\"https:\/\/dpsniemojowice.pl\/2021\/wp-content\/gallery\/dzien-matki-i-ojca-3\/thumbs\/thumbs_dsc02455.jpg\"\n             data-image-id=\"847\"\n             data-title=\"dsc02455\"\n             data-description=\"\"\n             target='_self'\n             class=\"shutterset_ce9d90daf407b258119406905b9c8aff\">\n            <img class=\"ngg-singlepic\"\n             src=\"https:\/\/dpsniemojowice.pl\/2021\/nextgen-image\/847\/0x0x100\/4096a7d746d499bc57fc90e0523ce88f\"\n             alt=\"dsc02455\"\n             title=\"dsc02455\"\n                           \/>\n    \t<\/a>\n\t\t      <\/div>\n        <\/p>\n<p style=\"text-align: justify;\">            \n\t\t<div class=\"ngg-gallery-singlepic-image \" style=\"\">\n\t\t\t    \t<a href=\"https:\/\/dpsniemojowice.pl\/2021\/wp-content\/gallery\/dzien-matki-i-ojca-3\/dsc02462.jpg\"\n\t\t     title=\"\"\n             data-src=\"https:\/\/dpsniemojowice.pl\/2021\/wp-content\/gallery\/dzien-matki-i-ojca-3\/dsc02462.jpg\"\n             data-thumbnail=\"https:\/\/dpsniemojowice.pl\/2021\/wp-content\/gallery\/dzien-matki-i-ojca-3\/thumbs\/thumbs_dsc02462.jpg\"\n             data-image-id=\"848\"\n             data-title=\"dsc02462\"\n             data-description=\"\"\n             target='_self'\n             class=\"shutterset_3bf242d989cf4c7008bfa84b4b0494e6\">\n            <img class=\"ngg-singlepic\"\n             src=\"https:\/\/dpsniemojowice.pl\/2021\/nextgen-image\/848\/0x0x100\/6c41d05b1756051f5bddf01cedc5f9c3\"\n             alt=\"dsc02462\"\n             title=\"dsc02462\"\n                           \/>\n    \t<\/a>\n\t\t      <\/div>\n        <\/p>\n<p style=\"text-align: justify;\">            \n\t\t<div class=\"ngg-gallery-singlepic-image \" style=\"\">\n\t\t\t    \t<a href=\"https:\/\/dpsniemojowice.pl\/2021\/wp-content\/gallery\/dzien-matki-i-ojca-3\/dsc02474.jpg\"\n\t\t     title=\"\"\n             data-src=\"https:\/\/dpsniemojowice.pl\/2021\/wp-content\/gallery\/dzien-matki-i-ojca-3\/dsc02474.jpg\"\n             data-thumbnail=\"https:\/\/dpsniemojowice.pl\/2021\/wp-content\/gallery\/dzien-matki-i-ojca-3\/thumbs\/thumbs_dsc02474.jpg\"\n             data-image-id=\"849\"\n             data-title=\"dsc02474\"\n             data-description=\"\"\n             target='_self'\n             class=\"shutterset_1643fff0d6d9eb6a599c677d392e4fa0\">\n            <img class=\"ngg-singlepic\"\n             src=\"https:\/\/dpsniemojowice.pl\/2021\/nextgen-image\/849\/0x0x100\/745de45066e5fba97e2c49f0f3595ae3\"\n             alt=\"dsc02474\"\n             title=\"dsc02474\"\n                           \/>\n    \t<\/a>\n\t\t      <\/div>\n        <\/p>\n<p style=\"text-align: justify;\">            \n\t\t<div class=\"ngg-gallery-singlepic-image \" style=\"\">\n\t\t\t    \t<a href=\"https:\/\/dpsniemojowice.pl\/2021\/wp-content\/gallery\/dzien-matki-i-ojca-3\/dsc02481.jpg\"\n\t\t     title=\"\"\n             data-src=\"https:\/\/dpsniemojowice.pl\/2021\/wp-content\/gallery\/dzien-matki-i-ojca-3\/dsc02481.jpg\"\n             data-thumbnail=\"https:\/\/dpsniemojowice.pl\/2021\/wp-content\/gallery\/dzien-matki-i-ojca-3\/thumbs\/thumbs_dsc02481.jpg\"\n             data-image-id=\"850\"\n             data-title=\"dsc02481\"\n             data-description=\"\"\n             target='_self'\n             class=\"shutterset_ef513e010c56cd5bf2b2b521feaeabce\">\n            <img class=\"ngg-singlepic\"\n             src=\"https:\/\/dpsniemojowice.pl\/2021\/nextgen-image\/850\/0x0x100\/17cdb34eab1d91f44124fa1e02d5ac25\"\n             alt=\"dsc02481\"\n             title=\"dsc02481\"\n                           \/>\n    \t<\/a>\n\t\t      <\/div>\n        <\/p>\n<p style=\"text-align: justify;\">            \n\t\t<div class=\"ngg-gallery-singlepic-image \" style=\"\">\n\t\t\t    \t<a href=\"https:\/\/dpsniemojowice.pl\/2021\/wp-content\/gallery\/dzien-matki-i-ojca-3\/dsc02489.jpg\"\n\t\t     title=\"\"\n             data-src=\"https:\/\/dpsniemojowice.pl\/2021\/wp-content\/gallery\/dzien-matki-i-ojca-3\/dsc02489.jpg\"\n             data-thumbnail=\"https:\/\/dpsniemojowice.pl\/2021\/wp-content\/gallery\/dzien-matki-i-ojca-3\/thumbs\/thumbs_dsc02489.jpg\"\n             data-image-id=\"851\"\n             data-title=\"dsc02489\"\n             data-description=\"\"\n             target='_self'\n             class=\"shutterset_268a23cdd1f63b32f1db89aacb26405c\">\n            <img class=\"ngg-singlepic\"\n             src=\"https:\/\/dpsniemojowice.pl\/2021\/nextgen-image\/851\/0x0x100\/7cc3e6d19127b3c9a3b82038c5974ecb\"\n             alt=\"dsc02489\"\n             title=\"dsc02489\"\n                           \/>\n    \t<\/a>\n\t\t      <\/div>\n        <\/p>\n<p style=\"text-align: justify;\">            \n\t\t<div class=\"ngg-gallery-singlepic-image \" style=\"\">\n\t\t\t    \t<a href=\"https:\/\/dpsniemojowice.pl\/2021\/wp-content\/gallery\/dzien-matki-i-ojca-3\/dsc02498.jpg\"\n\t\t     title=\"\"\n             data-src=\"https:\/\/dpsniemojowice.pl\/2021\/wp-content\/gallery\/dzien-matki-i-ojca-3\/dsc02498.jpg\"\n             data-thumbnail=\"https:\/\/dpsniemojowice.pl\/2021\/wp-content\/gallery\/dzien-matki-i-ojca-3\/thumbs\/thumbs_dsc02498.jpg\"\n             data-image-id=\"852\"\n             data-title=\"dsc02498\"\n             data-description=\"\"\n             target='_self'\n             class=\"shutterset_0e78706329f06c740410174ebd0d7fe1\">\n            <img class=\"ngg-singlepic\"\n             src=\"https:\/\/dpsniemojowice.pl\/2021\/nextgen-image\/852\/0x0x100\/eea5b6e0c30032e364384be603d059c9\"\n             alt=\"dsc02498\"\n             title=\"dsc02498\"\n                           \/>\n    \t<\/a>\n\t\t      <\/div>\n        <\/p>\n","protected":false},"excerpt":{"rendered":"<p>26 maja i 23 czerwca to daty znane wszystkim. W tych dniach mamy szczeg\u00f3ln\u0105 okazj\u0119 do wyra\u017cania swoich uczu\u0107 rodzicom jak r\u00f3wnie\u017c do wspomnie\u0144 zwi\u0105zanych z nimi. Pami\u0119taj\u0105c, jak wa\u017cn\u0105 rol\u0119 w \u017cyciu ka\u017cdego cz\u0142owieka pe\u0142ni\u0105 rodzice, w dniu 05.06.19r.\u00a0<\/p>\n","protected":false},"author":1,"featured_media":2144,"comment_status":"open","ping_status":"open","sticky":false,"template":"","format":"standard","meta":{"ngg_post_thumbnail":0},"categories":[1],"tags":[],"_links":{"self":[{"href":"https:\/\/dpsniemojowice.pl\/2021\/wp-json\/wp\/v2\/posts\/2136"}],"collection":[{"href":"https:\/\/dpsniemojowice.pl\/2021\/wp-json\/wp\/v2\/posts"}],"about":[{"href":"https:\/\/dpsniemojowice.pl\/2021\/wp-json\/wp\/v2\/types\/post"}],"author":[{"embeddable":true,"href":"https:\/\/dpsniemojowice.pl\/2021\/wp-json\/wp\/v2\/users\/1"}],"replies":[{"embeddable":true,"href":"https:\/\/dpsniemojowice.pl\/2021\/wp-json\/wp\/v2\/comments?post=2136"}],"version-history":[{"count":1,"href":"https:\/\/dpsniemojowice.pl\/2021\/wp-json\/wp\/v2\/posts\/2136\/revisions"}],"predecessor-version":[{"id":2145,"href":"https:\/\/dpsniemojowice.pl\/2021\/wp-json\/wp\/v2\/posts\/2136\/revisions\/2145"}],"wp:featuredmedia":[{"embeddable":true,"href":"https:\/\/dpsniemojowice.pl\/2021\/wp-json\/wp\/v2\/media\/2144"}],"wp:attachment":[{"href":"https:\/\/dpsniemojowice.pl\/2021\/wp-json\/wp\/v2\/media?parent=2136"}],"wp:term":[{"taxonomy":"category","embeddable":true,"href":"https:\/\/dpsniemojowice.pl\/2021\/wp-json\/wp\/v2\/categories?post=2136"},{"taxonomy":"post_tag","embeddable":true,"href":"https:\/\/dpsniemojowice.pl\/2021\/wp-json\/wp\/v2\/tags?post=2136"}],"curies":[{"name":"wp","href":"https:\/\/api.w.org\/{rel}","templated":true}]}}