{"id":2146,"date":"2019-06-12T22:02:32","date_gmt":"2019-06-12T22:02:32","guid":{"rendered":"http:\/\/dpsniemojowice.pl\/2021\/?p=2146"},"modified":"2019-06-17T22:08:01","modified_gmt":"2019-06-17T22:08:01","slug":"podkasana-muza","status":"publish","type":"post","link":"https:\/\/dpsniemojowice.pl\/2021\/aktualnosci\/podkasana-muza\/","title":{"rendered":"Podkasana Muza"},"content":{"rendered":"<p>W dniu 12 czerwca 2019r. w Drzewicy odby\u0142 si\u0119 II Przegl\u0105d Tw\u00f3rczo\u015bci Artystycznej Os\u00f3b z Niepe\u0142nosprawno\u015bci\u0105 pod nazw\u0105 \u201ePodkasana Muza\u201d. <!--more-->Wydarzenie to odby\u0142o si\u0119 w Regionalnym Centrum Kultury w Drzewicy. Organizatorem tego przedsi\u0119wzi\u0119cia by\u0142y Warsztaty Terapii Zaj\u0119ciowej w Drzewicy.<\/p>\n<p>Uroczysto\u015b\u0107 rozpocz\u0119\u0142a si\u0119 przywitaniem przyby\u0142ych go\u015bci a nast\u0119pnie ka\u017cdy o\u015brodek prezentowa\u0142 swoj\u0105 cz\u0119\u015b\u0107 artystyczn\u0105. Nasza grupa teatralna \u201eCzarno to widz\u0119\u201d przedstawi\u0142a monta\u017c\u00a0 s\u0142owno- muzyczny po\u0142\u0105czony z uk\u0142adem tanecznym pt. \u201dKlub seniora\u201d.<\/p>\n<p>Podczas wyst\u0119p\u00f3w niekt\u00f3rych uczestnik\u00f3w przegl\u0105du nie zabrak\u0142o ta\u0144c\u00f3w integracyjnych na scenie, przez co\u00a0 wszyscy zostali wprowadzeni w radosny nastr\u00f3j .<\/p>\n<p>Aby upami\u0119tni\u0107 ten wyj\u0105tkowy dla wszystkich dzie\u0144, po wr\u0119czeniu upomink\u00f3w, uczestnicy zrobili sobie pami\u0105tkowe zdj\u0119cie. Nast\u0119pnie \u00a0ka\u017cdy zosta\u0142 zaproszony na gor\u0105cy posi\u0142ek, po kt\u00f3rym pe\u0142ni wra\u017ce\u0144 i dumni z udanego wyst\u0119pu wr\u00f3cili\u015bmy do Domu.<\/p>\n            \n\t\t<div class=\"ngg-gallery-singlepic-image \" style=\"\">\n\t\t\t    \t<a href=\"https:\/\/dpsniemojowice.pl\/2021\/wp-content\/gallery\/podkasana-muza\/dsc02507.jpg\"\n\t\t     title=\"\"\n             data-src=\"https:\/\/dpsniemojowice.pl\/2021\/wp-content\/gallery\/podkasana-muza\/dsc02507.jpg\"\n             data-thumbnail=\"https:\/\/dpsniemojowice.pl\/2021\/wp-content\/gallery\/podkasana-muza\/thumbs\/thumbs_dsc02507.jpg\"\n             data-image-id=\"853\"\n             data-title=\"dsc02507\"\n             data-description=\"\"\n             target='_self'\n             class=\"shutterset_b554f27be5f3cfda587a8ff3676e0805\">\n            <img class=\"ngg-singlepic\"\n             src=\"https:\/\/dpsniemojowice.pl\/2021\/nextgen-image\/853\/0x0x100\/c55aa7be09a417441ea7b0cfaba6e302\"\n             alt=\"dsc02507\"\n             title=\"dsc02507\"\n                           \/>\n    \t<\/a>\n\t\t      <\/div>\n        \n            \n\t\t<div class=\"ngg-gallery-singlepic-image \" style=\"\">\n\t\t\t    \t<a href=\"https:\/\/dpsniemojowice.pl\/2021\/wp-content\/gallery\/podkasana-muza\/dsc02517.jpg\"\n\t\t     title=\"\"\n             data-src=\"https:\/\/dpsniemojowice.pl\/2021\/wp-content\/gallery\/podkasana-muza\/dsc02517.jpg\"\n             data-thumbnail=\"https:\/\/dpsniemojowice.pl\/2021\/wp-content\/gallery\/podkasana-muza\/thumbs\/thumbs_dsc02517.jpg\"\n             data-image-id=\"854\"\n             data-title=\"dsc02517\"\n             data-description=\"\"\n             target='_self'\n             class=\"shutterset_749cf9799fa811e5b59e2fd3eedb5e05\">\n            <img class=\"ngg-singlepic\"\n             src=\"https:\/\/dpsniemojowice.pl\/2021\/nextgen-image\/854\/0x0x100\/8f017bc14286b689a10d25a96596b734\"\n             alt=\"dsc02517\"\n             title=\"dsc02517\"\n                           \/>\n    \t<\/a>\n\t\t      <\/div>\n        \n","protected":false},"excerpt":{"rendered":"<p>W dniu 12 czerwca 2019r. w Drzewicy odby\u0142 si\u0119 II Przegl\u0105d Tw\u00f3rczo\u015bci Artystycznej Os\u00f3b z Niepe\u0142nosprawno\u015bci\u0105 pod nazw\u0105 \u201ePodkasana Muza\u201d.<\/p>\n","protected":false},"author":1,"featured_media":2151,"comment_status":"open","ping_status":"open","sticky":false,"template":"","format":"standard","meta":{"ngg_post_thumbnail":0},"categories":[1],"tags":[],"_links":{"self":[{"href":"https:\/\/dpsniemojowice.pl\/2021\/wp-json\/wp\/v2\/posts\/2146"}],"collection":[{"href":"https:\/\/dpsniemojowice.pl\/2021\/wp-json\/wp\/v2\/posts"}],"about":[{"href":"https:\/\/dpsniemojowice.pl\/2021\/wp-json\/wp\/v2\/types\/post"}],"author":[{"embeddable":true,"href":"https:\/\/dpsniemojowice.pl\/2021\/wp-json\/wp\/v2\/users\/1"}],"replies":[{"embeddable":true,"href":"https:\/\/dpsniemojowice.pl\/2021\/wp-json\/wp\/v2\/comments?post=2146"}],"version-history":[{"count":1,"href":"https:\/\/dpsniemojowice.pl\/2021\/wp-json\/wp\/v2\/posts\/2146\/revisions"}],"predecessor-version":[{"id":2150,"href":"https:\/\/dpsniemojowice.pl\/2021\/wp-json\/wp\/v2\/posts\/2146\/revisions\/2150"}],"wp:featuredmedia":[{"embeddable":true,"href":"https:\/\/dpsniemojowice.pl\/2021\/wp-json\/wp\/v2\/media\/2151"}],"wp:attachment":[{"href":"https:\/\/dpsniemojowice.pl\/2021\/wp-json\/wp\/v2\/media?parent=2146"}],"wp:term":[{"taxonomy":"category","embeddable":true,"href":"https:\/\/dpsniemojowice.pl\/2021\/wp-json\/wp\/v2\/categories?post=2146"},{"taxonomy":"post_tag","embeddable":true,"href":"https:\/\/dpsniemojowice.pl\/2021\/wp-json\/wp\/v2\/tags?post=2146"}],"curies":[{"name":"wp","href":"https:\/\/api.w.org\/{rel}","templated":true}]}}