{"id":2205,"date":"2019-09-02T08:01:58","date_gmt":"2019-09-02T08:01:58","guid":{"rendered":"http:\/\/dpsniemojowice.pl\/2021\/?p=2205"},"modified":"2019-09-05T08:05:17","modified_gmt":"2019-09-05T08:05:17","slug":"dni-zarnowa-2019r","status":"publish","type":"post","link":"https:\/\/dpsniemojowice.pl\/2021\/aktualnosci\/dni-zarnowa-2019r\/","title":{"rendered":"DNI \u017bARNOWA 2019r"},"content":{"rendered":"<p>W dniu 31.08.2019r. nasi mieszka\u0144cy ju\u017c po raz kolejny wzi\u0119li udzia\u0142 w XV Dniach \u017barnowa. Wszystkich przyby\u0142ych powita\u0142 W\u00f3jt Gminy \u017barn\u00f3w pan Krzysztof Nawrocki \u017cycz\u0105c udanej zabawy.<!--more--> Pomimo upalnej pogody nasi pensjonariusze wytrwa\u0142e, z niecierpliwo\u015bci\u0105 czekali na swoj\u0105 kolej, aby przedstawi\u0107 monta\u017c s\u0142owno-muzyczny w swoim wykonaniu. Po obejrzeniu kilku wyst\u0119p\u00f3w w wykonaniu uczni\u00f3w z terenu gminy \u017barn\u00f3w nasza grupa ,,Czarno to widz\u0119\u2019\u2019 zaprezentowa\u0142a przygotowany wyst\u0119p.<\/p>\n<p>Za odwag\u0119 pensjonariusze zostali nagrodzeni gromkimi brawami. Zm\u0119czeni, pe\u0142ni wra\u017ce\u0144 mieszka\u0144cy wraz z opiekunami wr\u00f3cili do Domu.<\/p>\n            \n\t\t<div class=\"ngg-gallery-singlepic-image \" style=\"\">\n\t\t\t    \t<a href=\"https:\/\/dpsniemojowice.pl\/2021\/wp-content\/gallery\/dni-zarnowa-2019r\/dsc02718.jpg\"\n\t\t     title=\"\"\n             data-src=\"https:\/\/dpsniemojowice.pl\/2021\/wp-content\/gallery\/dni-zarnowa-2019r\/dsc02718.jpg\"\n             data-thumbnail=\"https:\/\/dpsniemojowice.pl\/2021\/wp-content\/gallery\/dni-zarnowa-2019r\/thumbs\/thumbs_dsc02718.jpg\"\n             data-image-id=\"877\"\n             data-title=\"dsc02718\"\n             data-description=\"\"\n             target='_self'\n             class=\"shutterset_8cf203a74325483b05553f6d037ffda3\">\n            <img class=\"ngg-singlepic\"\n             src=\"https:\/\/dpsniemojowice.pl\/2021\/nextgen-image\/877\/0x0x100\/61b1ebd3fc6be07d1123f06f26db9917\"\n             alt=\"dsc02718\"\n             title=\"dsc02718\"\n                           \/>\n    \t<\/a>\n\t\t      <\/div>\n        \n            \n\t\t<div class=\"ngg-gallery-singlepic-image \" style=\"\">\n\t\t\t    \t<a href=\"https:\/\/dpsniemojowice.pl\/2021\/wp-content\/gallery\/dni-zarnowa-2019r\/dsc02720.jpg\"\n\t\t     title=\"\"\n             data-src=\"https:\/\/dpsniemojowice.pl\/2021\/wp-content\/gallery\/dni-zarnowa-2019r\/dsc02720.jpg\"\n             data-thumbnail=\"https:\/\/dpsniemojowice.pl\/2021\/wp-content\/gallery\/dni-zarnowa-2019r\/thumbs\/thumbs_dsc02720.jpg\"\n             data-image-id=\"878\"\n             data-title=\"dsc02720\"\n             data-description=\"\"\n             target='_self'\n             class=\"shutterset_9a82de40e663b3e383840b37e74d4d11\">\n            <img class=\"ngg-singlepic\"\n             src=\"https:\/\/dpsniemojowice.pl\/2021\/nextgen-image\/878\/0x0x100\/b96870f4f990988c711c6c4cc2aea7a6\"\n             alt=\"dsc02720\"\n             title=\"dsc02720\"\n                           \/>\n    \t<\/a>\n\t\t      <\/div>\n        \n<p>&nbsp;<\/p>\n<p>&nbsp;<\/p>\n","protected":false},"excerpt":{"rendered":"<p>W dniu 31.08.2019r. nasi mieszka\u0144cy ju\u017c po raz kolejny wzi\u0119li udzia\u0142 w XV Dniach \u017barnowa. Wszystkich przyby\u0142ych powita\u0142 W\u00f3jt Gminy \u017barn\u00f3w pan Krzysztof Nawrocki \u017cycz\u0105c udanej zabawy.<\/p>\n","protected":false},"author":1,"featured_media":2210,"comment_status":"open","ping_status":"open","sticky":false,"template":"","format":"standard","meta":{"ngg_post_thumbnail":0},"categories":[1],"tags":[],"_links":{"self":[{"href":"https:\/\/dpsniemojowice.pl\/2021\/wp-json\/wp\/v2\/posts\/2205"}],"collection":[{"href":"https:\/\/dpsniemojowice.pl\/2021\/wp-json\/wp\/v2\/posts"}],"about":[{"href":"https:\/\/dpsniemojowice.pl\/2021\/wp-json\/wp\/v2\/types\/post"}],"author":[{"embeddable":true,"href":"https:\/\/dpsniemojowice.pl\/2021\/wp-json\/wp\/v2\/users\/1"}],"replies":[{"embeddable":true,"href":"https:\/\/dpsniemojowice.pl\/2021\/wp-json\/wp\/v2\/comments?post=2205"}],"version-history":[{"count":1,"href":"https:\/\/dpsniemojowice.pl\/2021\/wp-json\/wp\/v2\/posts\/2205\/revisions"}],"predecessor-version":[{"id":2209,"href":"https:\/\/dpsniemojowice.pl\/2021\/wp-json\/wp\/v2\/posts\/2205\/revisions\/2209"}],"wp:featuredmedia":[{"embeddable":true,"href":"https:\/\/dpsniemojowice.pl\/2021\/wp-json\/wp\/v2\/media\/2210"}],"wp:attachment":[{"href":"https:\/\/dpsniemojowice.pl\/2021\/wp-json\/wp\/v2\/media?parent=2205"}],"wp:term":[{"taxonomy":"category","embeddable":true,"href":"https:\/\/dpsniemojowice.pl\/2021\/wp-json\/wp\/v2\/categories?post=2205"},{"taxonomy":"post_tag","embeddable":true,"href":"https:\/\/dpsniemojowice.pl\/2021\/wp-json\/wp\/v2\/tags?post=2205"}],"curies":[{"name":"wp","href":"https:\/\/api.w.org\/{rel}","templated":true}]}}