{"id":2220,"date":"2019-09-05T06:38:58","date_gmt":"2019-09-05T06:38:58","guid":{"rendered":"http:\/\/dpsniemojowice.pl\/2021\/?p=2220"},"modified":"2019-09-16T06:42:32","modified_gmt":"2019-09-16T06:42:32","slug":"spotkanie-integracyjne-w-lochynsku-2","status":"publish","type":"post","link":"https:\/\/dpsniemojowice.pl\/2021\/aktualnosci\/spotkanie-integracyjne-w-lochynsku-2\/","title":{"rendered":"SPOTKANIE INTEGRACYJNE W \u0141OCHY\u0143SKU"},"content":{"rendered":"<p>W dniu 05.09.2019r. na zaproszenie zaprzyja\u017anionego Domu Pomocy Spo\u0142ecznej w \u0141ochy\u0144sku wzi\u0119li\u015bmy udzia\u0142 w imprezie integracyjnej. <!--more-->Po powitaniu przyby\u0142ych go\u015bci przez pani\u0105 Dyrektor w \u0141ochy\u0144sku odby\u0142a si\u0119 konkurencja sportowa, w kt\u00f3rej wzi\u0119li udzia\u0142 r\u00f3wnie\u017c zaproszeni go\u015bcie. Nast\u0119pnie zosta\u0142y zaprezentowane przedstawienia przygotowane przez Mieszka\u0144c\u00f3w zaproszonych Dom\u00f3w i naszej grupy muzyczno-teatralnej ,,Czarno to widz\u0119\u2019\u2019. Uczestnicy spotkania wzi\u0119li r\u00f3wnie\u017c udzia\u0142 w r\u00f3\u017cnych konkurencjach sportowych, gdzie mogli wykaza\u0107 si\u0119 sprawno\u015bci\u0105 i zr\u0119czno\u015bci\u0105. Ka\u017cdy kto wzi\u0105\u0142 udzia\u0142 w konkurencjach zosta\u0142 nagrodzony upominkiem. Pyszny pocz\u0119stunek i syty obiad dope\u0142ni\u0142y ca\u0142o\u015b\u0107. Zm\u0119czeni pe\u0142ni wra\u017ce\u0144 wr\u00f3cili\u015bmy do Domu.<\/p>\n            \n\t\t<div class=\"ngg-gallery-singlepic-image \" style=\"\">\n\t\t\t    \t<a href=\"https:\/\/dpsniemojowice.pl\/2021\/wp-content\/gallery\/spotkanie-integracyjne-w-lochynsku-2\/dsc02733.jpg\"\n\t\t     title=\"\"\n             data-src=\"https:\/\/dpsniemojowice.pl\/2021\/wp-content\/gallery\/spotkanie-integracyjne-w-lochynsku-2\/dsc02733.jpg\"\n             data-thumbnail=\"https:\/\/dpsniemojowice.pl\/2021\/wp-content\/gallery\/spotkanie-integracyjne-w-lochynsku-2\/thumbs\/thumbs_dsc02733.jpg\"\n             data-image-id=\"879\"\n             data-title=\"dsc02733\"\n             data-description=\"\"\n             target='_self'\n             class=\"shutterset_5eda9474982685ae4883b58992260bc3\">\n            <img class=\"ngg-singlepic\"\n             src=\"https:\/\/dpsniemojowice.pl\/2021\/nextgen-image\/879\/0x0x100\/d462d2fab7daf1d5c1c0f2c6b896b4b3\"\n             alt=\"dsc02733\"\n             title=\"dsc02733\"\n                           \/>\n    \t<\/a>\n\t\t      <\/div>\n        \n            \n\t\t<div class=\"ngg-gallery-singlepic-image \" style=\"\">\n\t\t\t    \t<a href=\"https:\/\/dpsniemojowice.pl\/2021\/wp-content\/gallery\/spotkanie-integracyjne-w-lochynsku-2\/dsc02734.jpg\"\n\t\t     title=\"\"\n             data-src=\"https:\/\/dpsniemojowice.pl\/2021\/wp-content\/gallery\/spotkanie-integracyjne-w-lochynsku-2\/dsc02734.jpg\"\n             data-thumbnail=\"https:\/\/dpsniemojowice.pl\/2021\/wp-content\/gallery\/spotkanie-integracyjne-w-lochynsku-2\/thumbs\/thumbs_dsc02734.jpg\"\n             data-image-id=\"880\"\n             data-title=\"dsc02734\"\n             data-description=\"\"\n             target='_self'\n             class=\"shutterset_3301fbc3babc07a7a61c61fcd3d46f80\">\n            <img class=\"ngg-singlepic\"\n             src=\"https:\/\/dpsniemojowice.pl\/2021\/nextgen-image\/880\/0x0x100\/785b5b457133fc616ba8a9c88c8591da\"\n             alt=\"dsc02734\"\n             title=\"dsc02734\"\n                           \/>\n    \t<\/a>\n\t\t      <\/div>\n        \n            \n\t\t<div class=\"ngg-gallery-singlepic-image \" style=\"\">\n\t\t\t    \t<a href=\"https:\/\/dpsniemojowice.pl\/2021\/wp-content\/gallery\/spotkanie-integracyjne-w-lochynsku-2\/dsc02747.jpg\"\n\t\t     title=\"\"\n             data-src=\"https:\/\/dpsniemojowice.pl\/2021\/wp-content\/gallery\/spotkanie-integracyjne-w-lochynsku-2\/dsc02747.jpg\"\n             data-thumbnail=\"https:\/\/dpsniemojowice.pl\/2021\/wp-content\/gallery\/spotkanie-integracyjne-w-lochynsku-2\/thumbs\/thumbs_dsc02747.jpg\"\n             data-image-id=\"881\"\n             data-title=\"dsc02747\"\n             data-description=\"\"\n             target='_self'\n             class=\"shutterset_d11d778fd6ec56193f42dddb10f677a9\">\n            <img class=\"ngg-singlepic\"\n             src=\"https:\/\/dpsniemojowice.pl\/2021\/nextgen-image\/881\/0x0x100\/a26714837802cb785162c6b15b6099bb\"\n             alt=\"dsc02747\"\n             title=\"dsc02747\"\n                           \/>\n    \t<\/a>\n\t\t      <\/div>\n        \n            \n\t\t<div class=\"ngg-gallery-singlepic-image \" style=\"\">\n\t\t\t    \t<a href=\"https:\/\/dpsniemojowice.pl\/2021\/wp-content\/gallery\/spotkanie-integracyjne-w-lochynsku-2\/dsc02751.jpg\"\n\t\t     title=\"\"\n             data-src=\"https:\/\/dpsniemojowice.pl\/2021\/wp-content\/gallery\/spotkanie-integracyjne-w-lochynsku-2\/dsc02751.jpg\"\n             data-thumbnail=\"https:\/\/dpsniemojowice.pl\/2021\/wp-content\/gallery\/spotkanie-integracyjne-w-lochynsku-2\/thumbs\/thumbs_dsc02751.jpg\"\n             data-image-id=\"882\"\n             data-title=\"dsc02751\"\n             data-description=\"\"\n             target='_self'\n             class=\"shutterset_ff96570af733ef4687315fd3717777e1\">\n            <img class=\"ngg-singlepic\"\n             src=\"https:\/\/dpsniemojowice.pl\/2021\/nextgen-image\/882\/0x0x100\/069e7db83bc239295834cba6f110c7fc\"\n             alt=\"dsc02751\"\n             title=\"dsc02751\"\n                           \/>\n    \t<\/a>\n\t\t      <\/div>\n        \n            \n\t\t<div class=\"ngg-gallery-singlepic-image \" style=\"\">\n\t\t\t    \t<a href=\"https:\/\/dpsniemojowice.pl\/2021\/wp-content\/gallery\/spotkanie-integracyjne-w-lochynsku-2\/zdj%25c4%2599cia-impreza-integracyjna.jpg\"\n\t\t     title=\"\"\n             data-src=\"https:\/\/dpsniemojowice.pl\/2021\/wp-content\/gallery\/spotkanie-integracyjne-w-lochynsku-2\/zdj%25c4%2599cia-impreza-integracyjna.jpg\"\n             data-thumbnail=\"https:\/\/dpsniemojowice.pl\/2021\/wp-content\/gallery\/spotkanie-integracyjne-w-lochynsku-2\/thumbs\/thumbs_zdj%25c4%2599cia-impreza-integracyjna.jpg\"\n             data-image-id=\"883\"\n             data-title=\"zdj%c4%99cia-impreza-integracyjna\"\n             data-description=\"\"\n             target='_self'\n             class=\"shutterset_ac0172f42a28493c6d8067a6ac9bd1b0\">\n            <img class=\"ngg-singlepic\"\n             src=\"https:\/\/dpsniemojowice.pl\/2021\/nextgen-image\/883\/0x0x100\/19e5246aba06cb1bab2f619c6ebe44a9\"\n             alt=\"zdj%c4%99cia-impreza-integracyjna\"\n             title=\"zdj%c4%99cia-impreza-integracyjna\"\n                           \/>\n    \t<\/a>\n\t\t      <\/div>\n        \n","protected":false},"excerpt":{"rendered":"<p>W dniu 05.09.2019r. na zaproszenie zaprzyja\u017anionego Domu Pomocy Spo\u0142ecznej w \u0141ochy\u0144sku wzi\u0119li\u015bmy udzia\u0142 w imprezie integracyjnej.<\/p>\n","protected":false},"author":1,"featured_media":2228,"comment_status":"open","ping_status":"open","sticky":false,"template":"","format":"standard","meta":{"ngg_post_thumbnail":0},"categories":[1],"tags":[],"_links":{"self":[{"href":"https:\/\/dpsniemojowice.pl\/2021\/wp-json\/wp\/v2\/posts\/2220"}],"collection":[{"href":"https:\/\/dpsniemojowice.pl\/2021\/wp-json\/wp\/v2\/posts"}],"about":[{"href":"https:\/\/dpsniemojowice.pl\/2021\/wp-json\/wp\/v2\/types\/post"}],"author":[{"embeddable":true,"href":"https:\/\/dpsniemojowice.pl\/2021\/wp-json\/wp\/v2\/users\/1"}],"replies":[{"embeddable":true,"href":"https:\/\/dpsniemojowice.pl\/2021\/wp-json\/wp\/v2\/comments?post=2220"}],"version-history":[{"count":1,"href":"https:\/\/dpsniemojowice.pl\/2021\/wp-json\/wp\/v2\/posts\/2220\/revisions"}],"predecessor-version":[{"id":2227,"href":"https:\/\/dpsniemojowice.pl\/2021\/wp-json\/wp\/v2\/posts\/2220\/revisions\/2227"}],"wp:featuredmedia":[{"embeddable":true,"href":"https:\/\/dpsniemojowice.pl\/2021\/wp-json\/wp\/v2\/media\/2228"}],"wp:attachment":[{"href":"https:\/\/dpsniemojowice.pl\/2021\/wp-json\/wp\/v2\/media?parent=2220"}],"wp:term":[{"taxonomy":"category","embeddable":true,"href":"https:\/\/dpsniemojowice.pl\/2021\/wp-json\/wp\/v2\/categories?post=2220"},{"taxonomy":"post_tag","embeddable":true,"href":"https:\/\/dpsniemojowice.pl\/2021\/wp-json\/wp\/v2\/tags?post=2220"}],"curies":[{"name":"wp","href":"https:\/\/api.w.org\/{rel}","templated":true}]}}