{"id":2229,"date":"2019-09-13T06:46:24","date_gmt":"2019-09-13T06:46:24","guid":{"rendered":"http:\/\/dpsniemojowice.pl\/2021\/?p=2229"},"modified":"2019-09-16T06:47:41","modified_gmt":"2019-09-16T06:47:41","slug":"spotkanie-integracyjne-2019","status":"publish","type":"post","link":"https:\/\/dpsniemojowice.pl\/2021\/aktualnosci\/spotkanie-integracyjne-2019\/","title":{"rendered":"Spotkanie integracyjne 2019"},"content":{"rendered":"<p>W dniu 11. 09. 2019r. ju\u017c po raz \u00f3smy Nasz Dom zorganizowa\u0142 spotkanie integracyjne z Domami Pomocy Spo\u0142ecznej z Drzewicy, Ko\u0144skich i \u0141ochy\u0144ska. Has\u0142o tegorocznej integracji brzmia\u0142o \u201ePo\u017cegnanie lata\u201d. \u00a0<!--more-->Podczas tegorocznej imprezy swoj\u0105 obecno\u015bci\u0105 zaszczycili nas zaproszeni go\u015bcie:<\/p>\n<p>&#8211; Wicestarosta Powiatu Opoczy\u0144skiego- Pani Maria Barbara Chomicz<\/p>\n<p>&#8211; W\u00f3jt Gminy \u017barn\u00f3w- Pan dr Krzysztof Nawrocki<\/p>\n<p>&#8211; Wicew\u00f3jt Gminy \u017barn\u00f3w \u2013 Pani El\u017cbieta Przyby\u0142<\/p>\n<p>&#8211; Sekretarz Powiatu Opoczy\u0144skiego \u2013 Pani Gra\u017cyna Wielgus<\/p>\n<p>&#8211; Dyrektor Powiatowego Centrum Pomocy Rodzinie w Opocznie- Pani Wies\u0142awa Kurowska wraz z pracownikiem<\/p>\n<p>&#8211; Kierownik Gminnego O\u015brodka Pomocy Spo\u0142ecznej w \u017barnowie- Pani Ma\u0142gorzata Pietruszka<\/p>\n<p>&#8211; Dyrektor Domu Pomocy Spo\u0142ecznej w Drzewicy- Pani Agnieszka Brola wraz z pracownikami i mieszka\u0144cami<\/p>\n<p>&#8211; Dyrektor Domu Pomocy Spo\u0142ecznej w Ko\u0144skich- Pani Barbara Krawczyk wraz z pracownikami i mieszka\u0144cami<\/p>\n<p>&#8211; Dyrektor Domu Pomocy Spo\u0142ecznej w \u0141ochy\u0144sku- Pani Marzena Herman wraz z pracownikami i mieszka\u0144cami.<\/p>\n<p>Zgodnie z przyj\u0119t\u0105 tradycj\u0105, go\u015bci powita\u0142a Dyrektor Domu pani Renata Konecka, przedstawiaj\u0105c w skr\u00f3cie harmonogram spotkania, po czym g\u0142os zabra\u0142a Pani Maria Barbara Chomicz oraz Pan Krzysztof Nawrocki. Nast\u0119pnie\u00a0 ka\u017cdy Dom zaprezentowa\u0142 sw\u00f3j dorobek artystyczny, po czym odby\u0142a si\u0119 zabawa taneczna przeplatana zabawami integracyjnymi. Tego typu spotkanie bardzo zbli\u017ca ze sob\u0105 uczestnik\u00f3w i pozwala na zawieranie nowych znajomo\u015bci. Dzi\u0119ki sprzyjaj\u0105cym warunkom atmosferycznym uczestnicy spotkania w pe\u0142ni mogli korzysta\u0107 z urok\u00f3w imprezy plenerowej.<\/p>\n<p>G\u0142\u00f3wnym punktem programu by\u0142\u00a0 pokaz iluzjonisty, kt\u00f3rego wyst\u0119p bardzo podoba\u0142 si\u0119 zgromadzonym. Wyst\u0119p przyni\u00f3s\u0142 wiele\u00a0 niesamowitych prze\u017cy\u0107 ogl\u0105daj\u0105cym oraz tym samym odmieni\u0142 nieco charakter tegorocznego spotkania.<\/p>\n<p>Na zako\u0144czenie integracji na r\u0119ce przedstawicieli Dom\u00f3w \u00a0zosta\u0142y wr\u0119czone pami\u0105tkowe dyplomy i s\u0142odki upominek.\u00a0 \u015amia\u0142o mo\u017cemy podsumowa\u0107, \u017ce i tym razem spotkanie by\u0142o wyj\u0105tkowo udane a przyjacielska i ciep\u0142a atmosfera sprawi\u0142y, \u017ce z niecierpliwo\u015bci\u0105 czekamy na kolejn\u0105 integracj\u0119.<\/p>\n            \n\t\t<div class=\"ngg-gallery-singlepic-image \" style=\"\">\n\t\t\t    \t<a href=\"https:\/\/dpsniemojowice.pl\/2021\/wp-content\/gallery\/spotkanie-integracyjne-2019\/dsc02782.jpg\"\n\t\t     title=\"\"\n             data-src=\"https:\/\/dpsniemojowice.pl\/2021\/wp-content\/gallery\/spotkanie-integracyjne-2019\/dsc02782.jpg\"\n             data-thumbnail=\"https:\/\/dpsniemojowice.pl\/2021\/wp-content\/gallery\/spotkanie-integracyjne-2019\/thumbs\/thumbs_dsc02782.jpg\"\n             data-image-id=\"884\"\n             data-title=\"dsc02782\"\n             data-description=\"\"\n             target='_self'\n             class=\"shutterset_011b9cde2278d6eed4462f945cd48c27\">\n            <img class=\"ngg-singlepic\"\n             src=\"https:\/\/dpsniemojowice.pl\/2021\/nextgen-image\/884\/0x0x100\/43e664df12f2e24e2af20098e07d8246\"\n             alt=\"dsc02782\"\n             title=\"dsc02782\"\n                           \/>\n    \t<\/a>\n\t\t      <\/div>\n        \n            \n\t\t<div class=\"ngg-gallery-singlepic-image \" style=\"\">\n\t\t\t    \t<a href=\"https:\/\/dpsniemojowice.pl\/2021\/wp-content\/gallery\/spotkanie-integracyjne-2019\/dsc02784.jpg\"\n\t\t     title=\"\"\n             data-src=\"https:\/\/dpsniemojowice.pl\/2021\/wp-content\/gallery\/spotkanie-integracyjne-2019\/dsc02784.jpg\"\n             data-thumbnail=\"https:\/\/dpsniemojowice.pl\/2021\/wp-content\/gallery\/spotkanie-integracyjne-2019\/thumbs\/thumbs_dsc02784.jpg\"\n             data-image-id=\"885\"\n             data-title=\"dsc02784\"\n             data-description=\"\"\n             target='_self'\n             class=\"shutterset_91d0b471b52ab40a325f37bdb1dbd157\">\n            <img class=\"ngg-singlepic\"\n             src=\"https:\/\/dpsniemojowice.pl\/2021\/nextgen-image\/885\/0x0x100\/09e934a1b18807eb8d43c3add958cc18\"\n             alt=\"dsc02784\"\n             title=\"dsc02784\"\n                           \/>\n    \t<\/a>\n\t\t      <\/div>\n        \n            \n\t\t<div class=\"ngg-gallery-singlepic-image \" style=\"\">\n\t\t\t    \t<a href=\"https:\/\/dpsniemojowice.pl\/2021\/wp-content\/gallery\/spotkanie-integracyjne-2019\/dsc02798.jpg\"\n\t\t     title=\"\"\n             data-src=\"https:\/\/dpsniemojowice.pl\/2021\/wp-content\/gallery\/spotkanie-integracyjne-2019\/dsc02798.jpg\"\n             data-thumbnail=\"https:\/\/dpsniemojowice.pl\/2021\/wp-content\/gallery\/spotkanie-integracyjne-2019\/thumbs\/thumbs_dsc02798.jpg\"\n             data-image-id=\"886\"\n             data-title=\"dsc02798\"\n             data-description=\"\"\n             target='_self'\n             class=\"shutterset_57348fb82f2c78f7fe12416ddf2fa31e\">\n            <img class=\"ngg-singlepic\"\n             src=\"https:\/\/dpsniemojowice.pl\/2021\/nextgen-image\/886\/0x0x100\/4894b60a932741c391dde8793145ffbf\"\n             alt=\"dsc02798\"\n             title=\"dsc02798\"\n                           \/>\n    \t<\/a>\n\t\t      <\/div>\n        \n            \n\t\t<div class=\"ngg-gallery-singlepic-image \" style=\"\">\n\t\t\t    \t<a href=\"https:\/\/dpsniemojowice.pl\/2021\/wp-content\/gallery\/spotkanie-integracyjne-2019\/dsc02806.jpg\"\n\t\t     title=\"\"\n             data-src=\"https:\/\/dpsniemojowice.pl\/2021\/wp-content\/gallery\/spotkanie-integracyjne-2019\/dsc02806.jpg\"\n             data-thumbnail=\"https:\/\/dpsniemojowice.pl\/2021\/wp-content\/gallery\/spotkanie-integracyjne-2019\/thumbs\/thumbs_dsc02806.jpg\"\n             data-image-id=\"887\"\n             data-title=\"dsc02806\"\n             data-description=\"\"\n             target='_self'\n             class=\"shutterset_4a6fb0363dcc79452013e6b7b4ab40b9\">\n            <img class=\"ngg-singlepic\"\n             src=\"https:\/\/dpsniemojowice.pl\/2021\/nextgen-image\/887\/0x0x100\/fd84cf5aa51af56f8369a46a5a8ea1d1\"\n             alt=\"dsc02806\"\n             title=\"dsc02806\"\n                           \/>\n    \t<\/a>\n\t\t      <\/div>\n        \n            \n\t\t<div class=\"ngg-gallery-singlepic-image \" style=\"\">\n\t\t\t    \t<a href=\"https:\/\/dpsniemojowice.pl\/2021\/wp-content\/gallery\/spotkanie-integracyjne-2019\/dsc02810.jpg\"\n\t\t     title=\"\"\n             data-src=\"https:\/\/dpsniemojowice.pl\/2021\/wp-content\/gallery\/spotkanie-integracyjne-2019\/dsc02810.jpg\"\n             data-thumbnail=\"https:\/\/dpsniemojowice.pl\/2021\/wp-content\/gallery\/spotkanie-integracyjne-2019\/thumbs\/thumbs_dsc02810.jpg\"\n             data-image-id=\"888\"\n             data-title=\"dsc02810\"\n             data-description=\"\"\n             target='_self'\n             class=\"shutterset_42da8f0f1200fb33b83e3e998f32f42f\">\n            <img class=\"ngg-singlepic\"\n             src=\"https:\/\/dpsniemojowice.pl\/2021\/nextgen-image\/888\/0x0x100\/7b22bb39c5593dcbaee631c953c92dc9\"\n             alt=\"dsc02810\"\n             title=\"dsc02810\"\n                           \/>\n    \t<\/a>\n\t\t      <\/div>\n        \n            \n\t\t<div class=\"ngg-gallery-singlepic-image \" style=\"\">\n\t\t\t    \t<a href=\"https:\/\/dpsniemojowice.pl\/2021\/wp-content\/gallery\/spotkanie-integracyjne-2019\/dsc02811.jpg\"\n\t\t     title=\"\"\n             data-src=\"https:\/\/dpsniemojowice.pl\/2021\/wp-content\/gallery\/spotkanie-integracyjne-2019\/dsc02811.jpg\"\n             data-thumbnail=\"https:\/\/dpsniemojowice.pl\/2021\/wp-content\/gallery\/spotkanie-integracyjne-2019\/thumbs\/thumbs_dsc02811.jpg\"\n             data-image-id=\"889\"\n             data-title=\"dsc02811\"\n             data-description=\"\"\n             target='_self'\n             class=\"shutterset_f677ca7fcc80951c6d50a563e89d6eb7\">\n            <img class=\"ngg-singlepic\"\n             src=\"https:\/\/dpsniemojowice.pl\/2021\/nextgen-image\/889\/0x0x100\/e13b01059efb10f88ac8a43b4f7559eb\"\n             alt=\"dsc02811\"\n             title=\"dsc02811\"\n                           \/>\n    \t<\/a>\n\t\t      <\/div>\n        \n            \n\t\t<div class=\"ngg-gallery-singlepic-image \" style=\"\">\n\t\t\t    \t<a href=\"https:\/\/dpsniemojowice.pl\/2021\/wp-content\/gallery\/spotkanie-integracyjne-2019\/dsc02839.jpg\"\n\t\t     title=\"\"\n             data-src=\"https:\/\/dpsniemojowice.pl\/2021\/wp-content\/gallery\/spotkanie-integracyjne-2019\/dsc02839.jpg\"\n             data-thumbnail=\"https:\/\/dpsniemojowice.pl\/2021\/wp-content\/gallery\/spotkanie-integracyjne-2019\/thumbs\/thumbs_dsc02839.jpg\"\n             data-image-id=\"890\"\n             data-title=\"dsc02839\"\n             data-description=\"\"\n             target='_self'\n             class=\"shutterset_c257ca248386de45aae46b451aae3046\">\n            <img class=\"ngg-singlepic\"\n             src=\"https:\/\/dpsniemojowice.pl\/2021\/nextgen-image\/890\/0x0x100\/ab92dcb5a5f46eb0024855d5d02c6479\"\n             alt=\"dsc02839\"\n             title=\"dsc02839\"\n                           \/>\n    \t<\/a>\n\t\t      <\/div>\n        \n            \n\t\t<div class=\"ngg-gallery-singlepic-image \" style=\"\">\n\t\t\t    \t<a href=\"https:\/\/dpsniemojowice.pl\/2021\/wp-content\/gallery\/spotkanie-integracyjne-2019\/dsc02863.jpg\"\n\t\t     title=\"\"\n             data-src=\"https:\/\/dpsniemojowice.pl\/2021\/wp-content\/gallery\/spotkanie-integracyjne-2019\/dsc02863.jpg\"\n             data-thumbnail=\"https:\/\/dpsniemojowice.pl\/2021\/wp-content\/gallery\/spotkanie-integracyjne-2019\/thumbs\/thumbs_dsc02863.jpg\"\n             data-image-id=\"891\"\n             data-title=\"dsc02863\"\n             data-description=\"\"\n             target='_self'\n             class=\"shutterset_e0380d93e833da7513d0fdbb7d5a89a1\">\n            <img class=\"ngg-singlepic\"\n             src=\"https:\/\/dpsniemojowice.pl\/2021\/nextgen-image\/891\/0x0x100\/58f13554fefeb84c115e7bfc7bc350a1\"\n             alt=\"dsc02863\"\n             title=\"dsc02863\"\n                           \/>\n    \t<\/a>\n\t\t      <\/div>\n        \n            \n\t\t<div class=\"ngg-gallery-singlepic-image \" style=\"\">\n\t\t\t    \t<a href=\"https:\/\/dpsniemojowice.pl\/2021\/wp-content\/gallery\/spotkanie-integracyjne-2019\/dsc02875.jpg\"\n\t\t     title=\"\"\n             data-src=\"https:\/\/dpsniemojowice.pl\/2021\/wp-content\/gallery\/spotkanie-integracyjne-2019\/dsc02875.jpg\"\n             data-thumbnail=\"https:\/\/dpsniemojowice.pl\/2021\/wp-content\/gallery\/spotkanie-integracyjne-2019\/thumbs\/thumbs_dsc02875.jpg\"\n             data-image-id=\"892\"\n             data-title=\"dsc02875\"\n             data-description=\"\"\n             target='_self'\n             class=\"shutterset_ce7939c0cb25a6800d3b7fe68e13a660\">\n            <img class=\"ngg-singlepic\"\n             src=\"https:\/\/dpsniemojowice.pl\/2021\/nextgen-image\/892\/0x0x100\/b2b2d34ffba0eee6cbd9c8e0ce4e36d3\"\n             alt=\"dsc02875\"\n             title=\"dsc02875\"\n                           \/>\n    \t<\/a>\n\t\t      <\/div>\n        \n","protected":false},"excerpt":{"rendered":"<p>W dniu 11. 09. 2019r. ju\u017c po raz \u00f3smy Nasz Dom zorganizowa\u0142 spotkanie integracyjne z Domami Pomocy Spo\u0142ecznej z Drzewicy, Ko\u0144skich i \u0141ochy\u0144ska. Has\u0142o tegorocznej integracji brzmia\u0142o \u201ePo\u017cegnanie lata\u201d. \u00a0<\/p>\n","protected":false},"author":1,"featured_media":2241,"comment_status":"open","ping_status":"open","sticky":false,"template":"","format":"standard","meta":{"ngg_post_thumbnail":0},"categories":[1],"tags":[],"_links":{"self":[{"href":"https:\/\/dpsniemojowice.pl\/2021\/wp-json\/wp\/v2\/posts\/2229"}],"collection":[{"href":"https:\/\/dpsniemojowice.pl\/2021\/wp-json\/wp\/v2\/posts"}],"about":[{"href":"https:\/\/dpsniemojowice.pl\/2021\/wp-json\/wp\/v2\/types\/post"}],"author":[{"embeddable":true,"href":"https:\/\/dpsniemojowice.pl\/2021\/wp-json\/wp\/v2\/users\/1"}],"replies":[{"embeddable":true,"href":"https:\/\/dpsniemojowice.pl\/2021\/wp-json\/wp\/v2\/comments?post=2229"}],"version-history":[{"count":1,"href":"https:\/\/dpsniemojowice.pl\/2021\/wp-json\/wp\/v2\/posts\/2229\/revisions"}],"predecessor-version":[{"id":2240,"href":"https:\/\/dpsniemojowice.pl\/2021\/wp-json\/wp\/v2\/posts\/2229\/revisions\/2240"}],"wp:featuredmedia":[{"embeddable":true,"href":"https:\/\/dpsniemojowice.pl\/2021\/wp-json\/wp\/v2\/media\/2241"}],"wp:attachment":[{"href":"https:\/\/dpsniemojowice.pl\/2021\/wp-json\/wp\/v2\/media?parent=2229"}],"wp:term":[{"taxonomy":"category","embeddable":true,"href":"https:\/\/dpsniemojowice.pl\/2021\/wp-json\/wp\/v2\/categories?post=2229"},{"taxonomy":"post_tag","embeddable":true,"href":"https:\/\/dpsniemojowice.pl\/2021\/wp-json\/wp\/v2\/tags?post=2229"}],"curies":[{"name":"wp","href":"https:\/\/api.w.org\/{rel}","templated":true}]}}