{"id":2243,"date":"2019-10-07T19:14:47","date_gmt":"2019-10-07T19:14:47","guid":{"rendered":"http:\/\/dpsniemojowice.pl\/2021\/?p=2243"},"modified":"2019-10-11T19:26:10","modified_gmt":"2019-10-11T19:26:10","slug":"100-tysiecy-drzew-na-100-lecie-wojewodztwa-lodzkiego","status":"publish","type":"post","link":"https:\/\/dpsniemojowice.pl\/2021\/aktualnosci\/100-tysiecy-drzew-na-100-lecie-wojewodztwa-lodzkiego\/","title":{"rendered":"100 tysi\u0119cy drzew na 100- lecie wojew\u00f3dztwa \u0142\u00f3dzkiego"},"content":{"rendered":"<p>W 2019 roku przypada stulecie utworzenia wojew\u00f3dztwa \u0142\u00f3dzkiego. Powiat Opoczy\u0144ski chc\u0105c uczci\u0107 to wydarzenie przyst\u0105pi\u0142 do programu \u201e100 tys. drzew na 100 \u2013 lecie wojew\u00f3dztwa \u0142\u00f3dzkiego\u201d <!--more-->zorganizowanego przez Urz\u0105d Marsza\u0142kowski Wojew\u00f3dztwa \u0141\u00f3dzkiego, Wojew\u00f3dzki Fundusz Ochrony \u015arodowiska i Gospodarki Wodnej w \u0141odzi oraz Zesp\u00f3\u0142 Park\u00f3w Krajobrazowych Wojew\u00f3dztwa \u0141\u00f3dzkiego. W ramach tego programu Powiat Opoczy\u0144ski otrzyma\u0142 ponad 2000 sadzonek drzew i krzew\u00f3w, kt\u00f3re zostan\u0105 posadzone przy plac\u00f3wkach o\u015bwiatowych oraz instytucjach powiatowych.<\/p>\n<p>W dniu 07.10.2019r. pierwsze drzewka przy Domu Pomocy Spo\u0142ecznej w Niemojowicach posadzili jego mieszka\u0144cy wsp\u00f3lnie z Pos\u0142em na Sejm RP Robertem Telusem oraz starost\u0105 powiatu opoczy\u0144skiego Marcinem Baranowskim, wicestarost\u0105 Mari\u0105 Barbar\u0105 Chomicz oraz dyrektorem DPS w Niemojowicach Renat\u0105 Koneck\u0105 przy udziale dyrektora DPS w Drzewicy Agnieszk\u0105 Brol\u0105.<\/p>\n<p>W ramach w\/w programu pracownicy Domu Pomocy Spo\u0142ecznej w Niemojowicach otrzymali drzewka i krzewy, kt\u00f3re mog\u0105 zasadzi\u0107 na w\u0142asnych posesjach.<\/p>\n            \n\t\t<div class=\"ngg-gallery-singlepic-image \" style=\"\">\n\t\t\t    \t<a href=\"https:\/\/dpsniemojowice.pl\/2021\/wp-content\/gallery\/100-tysiecy-drzew-na-100-lecie-wojewodztwa-lodzkiego\/dsc02903.jpg\"\n\t\t     title=\"\"\n             data-src=\"https:\/\/dpsniemojowice.pl\/2021\/wp-content\/gallery\/100-tysiecy-drzew-na-100-lecie-wojewodztwa-lodzkiego\/dsc02903.jpg\"\n             data-thumbnail=\"https:\/\/dpsniemojowice.pl\/2021\/wp-content\/gallery\/100-tysiecy-drzew-na-100-lecie-wojewodztwa-lodzkiego\/thumbs\/thumbs_dsc02903.jpg\"\n             data-image-id=\"893\"\n             data-title=\"dsc02903\"\n             data-description=\"\"\n             target='_self'\n             class=\"shutterset_6afbf3362a0b212f11df424346edba8a\">\n            <img class=\"ngg-singlepic\"\n             src=\"https:\/\/dpsniemojowice.pl\/2021\/nextgen-image\/893\/0x0x100\/aa6677fdf3726663acbd4915a37cee75\"\n             alt=\"dsc02903\"\n             title=\"dsc02903\"\n                           \/>\n    \t<\/a>\n\t\t      <\/div>\n        \n            \n\t\t<div class=\"ngg-gallery-singlepic-image \" style=\"\">\n\t\t\t    \t<a href=\"https:\/\/dpsniemojowice.pl\/2021\/wp-content\/gallery\/100-tysiecy-drzew-na-100-lecie-wojewodztwa-lodzkiego\/img_6422.jpg\"\n\t\t     title=\"\"\n             data-src=\"https:\/\/dpsniemojowice.pl\/2021\/wp-content\/gallery\/100-tysiecy-drzew-na-100-lecie-wojewodztwa-lodzkiego\/img_6422.jpg\"\n             data-thumbnail=\"https:\/\/dpsniemojowice.pl\/2021\/wp-content\/gallery\/100-tysiecy-drzew-na-100-lecie-wojewodztwa-lodzkiego\/thumbs\/thumbs_img_6422.jpg\"\n             data-image-id=\"894\"\n             data-title=\"img_6422\"\n             data-description=\"\"\n             target='_self'\n             class=\"shutterset_f91742a9eb917101c29f6fb0f1ae1134\">\n            <img class=\"ngg-singlepic\"\n             src=\"https:\/\/dpsniemojowice.pl\/2021\/nextgen-image\/894\/0x0x100\/af3c25f81ea15a1d61538ab3cb8699f7\"\n             alt=\"img_6422\"\n             title=\"img_6422\"\n                           \/>\n    \t<\/a>\n\t\t      <\/div>\n        \n            \n\t\t<div class=\"ngg-gallery-singlepic-image \" style=\"\">\n\t\t\t    \t<a href=\"https:\/\/dpsniemojowice.pl\/2021\/wp-content\/gallery\/100-tysiecy-drzew-na-100-lecie-wojewodztwa-lodzkiego\/img_6430.jpg\"\n\t\t     title=\"\"\n             data-src=\"https:\/\/dpsniemojowice.pl\/2021\/wp-content\/gallery\/100-tysiecy-drzew-na-100-lecie-wojewodztwa-lodzkiego\/img_6430.jpg\"\n             data-thumbnail=\"https:\/\/dpsniemojowice.pl\/2021\/wp-content\/gallery\/100-tysiecy-drzew-na-100-lecie-wojewodztwa-lodzkiego\/thumbs\/thumbs_img_6430.jpg\"\n             data-image-id=\"895\"\n             data-title=\"img_6430\"\n             data-description=\"\"\n             target='_self'\n             class=\"shutterset_8de9503f0139dcd16951c0fdb3aab07c\">\n            <img class=\"ngg-singlepic\"\n             src=\"https:\/\/dpsniemojowice.pl\/2021\/nextgen-image\/895\/0x0x100\/ddbf1506aa13e5f0686ed92da7dad6ba\"\n             alt=\"img_6430\"\n             title=\"img_6430\"\n                           \/>\n    \t<\/a>\n\t\t      <\/div>\n        \n            \n\t\t<div class=\"ngg-gallery-singlepic-image \" style=\"\">\n\t\t\t    \t<a href=\"https:\/\/dpsniemojowice.pl\/2021\/wp-content\/gallery\/100-tysiecy-drzew-na-100-lecie-wojewodztwa-lodzkiego\/img_6435.jpg\"\n\t\t     title=\"\"\n             data-src=\"https:\/\/dpsniemojowice.pl\/2021\/wp-content\/gallery\/100-tysiecy-drzew-na-100-lecie-wojewodztwa-lodzkiego\/img_6435.jpg\"\n             data-thumbnail=\"https:\/\/dpsniemojowice.pl\/2021\/wp-content\/gallery\/100-tysiecy-drzew-na-100-lecie-wojewodztwa-lodzkiego\/thumbs\/thumbs_img_6435.jpg\"\n             data-image-id=\"896\"\n             data-title=\"img_6435\"\n             data-description=\"\"\n             target='_self'\n             class=\"shutterset_03a8c55e3fe2a36f860fa895de446801\">\n            <img class=\"ngg-singlepic\"\n             src=\"https:\/\/dpsniemojowice.pl\/2021\/nextgen-image\/896\/0x0x100\/853c0f6c8b78c173fade943227074bdc\"\n             alt=\"img_6435\"\n             title=\"img_6435\"\n                           \/>\n    \t<\/a>\n\t\t      <\/div>\n        \n            \n\t\t<div class=\"ngg-gallery-singlepic-image \" style=\"\">\n\t\t\t    \t<a href=\"https:\/\/dpsniemojowice.pl\/2021\/wp-content\/gallery\/100-tysiecy-drzew-na-100-lecie-wojewodztwa-lodzkiego\/img_6438.jpg\"\n\t\t     title=\"\"\n             data-src=\"https:\/\/dpsniemojowice.pl\/2021\/wp-content\/gallery\/100-tysiecy-drzew-na-100-lecie-wojewodztwa-lodzkiego\/img_6438.jpg\"\n             data-thumbnail=\"https:\/\/dpsniemojowice.pl\/2021\/wp-content\/gallery\/100-tysiecy-drzew-na-100-lecie-wojewodztwa-lodzkiego\/thumbs\/thumbs_img_6438.jpg\"\n             data-image-id=\"897\"\n             data-title=\"img_6438\"\n             data-description=\"\"\n             target='_self'\n             class=\"shutterset_71498b62dd018738ce6d07e9e748a05d\">\n            <img class=\"ngg-singlepic\"\n             src=\"https:\/\/dpsniemojowice.pl\/2021\/nextgen-image\/897\/0x0x100\/7b2ad2d8e3225e149b68a2c0bbe95963\"\n             alt=\"img_6438\"\n             title=\"img_6438\"\n                           \/>\n    \t<\/a>\n\t\t      <\/div>\n        \n","protected":false},"excerpt":{"rendered":"<p>W 2019 roku przypada stulecie utworzenia wojew\u00f3dztwa \u0142\u00f3dzkiego. Powiat Opoczy\u0144ski chc\u0105c uczci\u0107 to wydarzenie przyst\u0105pi\u0142 do programu \u201e100 tys. drzew na 100 \u2013 lecie wojew\u00f3dztwa \u0142\u00f3dzkiego\u201d<\/p>\n","protected":false},"author":1,"featured_media":2251,"comment_status":"open","ping_status":"open","sticky":false,"template":"","format":"standard","meta":{"ngg_post_thumbnail":0},"categories":[1],"tags":[],"_links":{"self":[{"href":"https:\/\/dpsniemojowice.pl\/2021\/wp-json\/wp\/v2\/posts\/2243"}],"collection":[{"href":"https:\/\/dpsniemojowice.pl\/2021\/wp-json\/wp\/v2\/posts"}],"about":[{"href":"https:\/\/dpsniemojowice.pl\/2021\/wp-json\/wp\/v2\/types\/post"}],"author":[{"embeddable":true,"href":"https:\/\/dpsniemojowice.pl\/2021\/wp-json\/wp\/v2\/users\/1"}],"replies":[{"embeddable":true,"href":"https:\/\/dpsniemojowice.pl\/2021\/wp-json\/wp\/v2\/comments?post=2243"}],"version-history":[{"count":1,"href":"https:\/\/dpsniemojowice.pl\/2021\/wp-json\/wp\/v2\/posts\/2243\/revisions"}],"predecessor-version":[{"id":2250,"href":"https:\/\/dpsniemojowice.pl\/2021\/wp-json\/wp\/v2\/posts\/2243\/revisions\/2250"}],"wp:featuredmedia":[{"embeddable":true,"href":"https:\/\/dpsniemojowice.pl\/2021\/wp-json\/wp\/v2\/media\/2251"}],"wp:attachment":[{"href":"https:\/\/dpsniemojowice.pl\/2021\/wp-json\/wp\/v2\/media?parent=2243"}],"wp:term":[{"taxonomy":"category","embeddable":true,"href":"https:\/\/dpsniemojowice.pl\/2021\/wp-json\/wp\/v2\/categories?post=2243"},{"taxonomy":"post_tag","embeddable":true,"href":"https:\/\/dpsniemojowice.pl\/2021\/wp-json\/wp\/v2\/tags?post=2243"}],"curies":[{"name":"wp","href":"https:\/\/api.w.org\/{rel}","templated":true}]}}