{"id":2253,"date":"2019-10-22T07:00:30","date_gmt":"2019-10-22T07:00:30","guid":{"rendered":"http:\/\/dpsniemojowice.pl\/2021\/?p=2253"},"modified":"2019-10-28T09:06:42","modified_gmt":"2019-10-28T09:06:42","slug":"dzien-papieski-w-domu-pomocy-spolecznej-w-niemojowicach-2","status":"publish","type":"post","link":"https:\/\/dpsniemojowice.pl\/2021\/aktualnosci\/dzien-papieski-w-domu-pomocy-spolecznej-w-niemojowicach-2\/","title":{"rendered":"DZIE\u0143 PAPIESKI W DOMU POMOCY SPO\u0141ECZNEJ W NIEMOJOWICACH"},"content":{"rendered":"<p>Ka\u017cdego roku, w niedziel\u0119 poprzedzaj\u0105c\u0105 wyb\u00f3r Karola Wojty\u0142y na Stolic\u0119 Piotrow\u0105 w ca\u0142ej Polsce obchodzony jest Dzie\u0144 Papieski, \u00a0podczas kt\u00f3rego ludzie \u0142\u0105cz\u0105 si\u0119 w modlitwie oraz zag\u0142\u0119biaj\u0105 w nauczanie Jana Paw\u0142a II.<!--more--><\/p>\n<p>W naszym Domu r\u00f3wnie\u017c obchodzono Dzie\u0144 Papieski. Na t\u0119 wyj\u0105tkow\u0105 okazj\u0119 grupa naszego Domu ,,Czarno to widz\u0119\u201d przygotowa\u0142a wzruszaj\u0105cy monta\u017c s\u0142owno-muzyczny pod nazw\u0105 \u201eJan Pawe\u0142 II-Patron Rodziny\u201d. \u00a0Jest to okazja do pochylenia si\u0119 nad nauczaniem tego wielkiego \u015bwi\u0119tego z rodu Polak\u00f3w. Papie\u017c podkre\u015bla\u0142, \u017ce rodzina jest centrum i sercem cywilizacji mi\u0142o\u015bci.<\/p>\n<p>Tym wyj\u0105tkowym chwilom towarzyszy\u0142a zaduma, modlitwa oraz wiele wzrusze\u0144. Mamy nadziej\u0119 \u017ce wyniesiona z tego spotkania refleksja pozostanie w sercach uczestnik\u00f3w spotkania jeszcze przez d\u0142ugi czas.<\/p>\n<p>Na zako\u0144czenie wszyscy zgromadzeni za\u015bpiewali ,,Bark\u0119\u201d ukochan\u0105 pie\u015b\u0144 Jana Paw\u0142a II. Wyst\u0119puj\u0105cy uczestnicy zostali nagrodzeni gromkimi brawami.<\/p>\n            \n\t\t<div class=\"ngg-gallery-singlepic-image \" style=\"\">\n\t\t\t    \t<a href=\"https:\/\/dpsniemojowice.pl\/2021\/wp-content\/gallery\/dzien-papieski-w-domu-pomocy-spolecznej-w-niemojowicach-2\/dsc02911.jpg\"\n\t\t     title=\"\"\n             data-src=\"https:\/\/dpsniemojowice.pl\/2021\/wp-content\/gallery\/dzien-papieski-w-domu-pomocy-spolecznej-w-niemojowicach-2\/dsc02911.jpg\"\n             data-thumbnail=\"https:\/\/dpsniemojowice.pl\/2021\/wp-content\/gallery\/dzien-papieski-w-domu-pomocy-spolecznej-w-niemojowicach-2\/thumbs\/thumbs_dsc02911.jpg\"\n             data-image-id=\"898\"\n             data-title=\"dsc02911\"\n             data-description=\"\"\n             target='_self'\n             class=\"shutterset_2f8909802a6933451d2267be6091b82e\">\n            <img class=\"ngg-singlepic\"\n             src=\"https:\/\/dpsniemojowice.pl\/2021\/nextgen-image\/898\/0x0x100\/11b9c3684c2b8636e9d249c1cf3040d3\"\n             alt=\"dsc02911\"\n             title=\"dsc02911\"\n                           \/>\n    \t<\/a>\n\t\t      <\/div>\n        \n            \n\t\t<div class=\"ngg-gallery-singlepic-image \" style=\"\">\n\t\t\t    \t<a href=\"https:\/\/dpsniemojowice.pl\/2021\/wp-content\/gallery\/dzien-papieski-w-domu-pomocy-spolecznej-w-niemojowicach-2\/dsc02912.jpg\"\n\t\t     title=\"\"\n             data-src=\"https:\/\/dpsniemojowice.pl\/2021\/wp-content\/gallery\/dzien-papieski-w-domu-pomocy-spolecznej-w-niemojowicach-2\/dsc02912.jpg\"\n             data-thumbnail=\"https:\/\/dpsniemojowice.pl\/2021\/wp-content\/gallery\/dzien-papieski-w-domu-pomocy-spolecznej-w-niemojowicach-2\/thumbs\/thumbs_dsc02912.jpg\"\n             data-image-id=\"899\"\n             data-title=\"dsc02912\"\n             data-description=\"\"\n             target='_self'\n             class=\"shutterset_641979c709371361d64af3b48d6ca6ec\">\n            <img class=\"ngg-singlepic\"\n             src=\"https:\/\/dpsniemojowice.pl\/2021\/nextgen-image\/899\/0x0x100\/b978fea033586efb253d8cb73db9691d\"\n             alt=\"dsc02912\"\n             title=\"dsc02912\"\n                           \/>\n    \t<\/a>\n\t\t      <\/div>\n        \n            \n\t\t<div class=\"ngg-gallery-singlepic-image \" style=\"\">\n\t\t\t    \t<a href=\"https:\/\/dpsniemojowice.pl\/2021\/wp-content\/gallery\/dzien-papieski-w-domu-pomocy-spolecznej-w-niemojowicach-2\/dsc02927.jpg\"\n\t\t     title=\"\"\n             data-src=\"https:\/\/dpsniemojowice.pl\/2021\/wp-content\/gallery\/dzien-papieski-w-domu-pomocy-spolecznej-w-niemojowicach-2\/dsc02927.jpg\"\n             data-thumbnail=\"https:\/\/dpsniemojowice.pl\/2021\/wp-content\/gallery\/dzien-papieski-w-domu-pomocy-spolecznej-w-niemojowicach-2\/thumbs\/thumbs_dsc02927.jpg\"\n             data-image-id=\"900\"\n             data-title=\"dsc02927\"\n             data-description=\"\"\n             target='_self'\n             class=\"shutterset_713905d16257311a28b1af8fda6d91ea\">\n            <img class=\"ngg-singlepic\"\n             src=\"https:\/\/dpsniemojowice.pl\/2021\/nextgen-image\/900\/0x0x100\/dc09d9ffa77770eb1c5311cb25e5028c\"\n             alt=\"dsc02927\"\n             title=\"dsc02927\"\n                           \/>\n    \t<\/a>\n\t\t      <\/div>\n        \n            \n\t\t<div class=\"ngg-gallery-singlepic-image \" style=\"\">\n\t\t\t    \t<a href=\"https:\/\/dpsniemojowice.pl\/2021\/wp-content\/gallery\/dzien-papieski-w-domu-pomocy-spolecznej-w-niemojowicach-2\/dsc02928.jpg\"\n\t\t     title=\"\"\n             data-src=\"https:\/\/dpsniemojowice.pl\/2021\/wp-content\/gallery\/dzien-papieski-w-domu-pomocy-spolecznej-w-niemojowicach-2\/dsc02928.jpg\"\n             data-thumbnail=\"https:\/\/dpsniemojowice.pl\/2021\/wp-content\/gallery\/dzien-papieski-w-domu-pomocy-spolecznej-w-niemojowicach-2\/thumbs\/thumbs_dsc02928.jpg\"\n             data-image-id=\"901\"\n             data-title=\"dsc02928\"\n             data-description=\"\"\n             target='_self'\n             class=\"shutterset_734cca28473e234c092380cf16051918\">\n            <img class=\"ngg-singlepic\"\n             src=\"https:\/\/dpsniemojowice.pl\/2021\/nextgen-image\/901\/0x0x100\/089cba8282239b3903e604a14408b7e8\"\n             alt=\"dsc02928\"\n             title=\"dsc02928\"\n                           \/>\n    \t<\/a>\n\t\t      <\/div>\n        \n","protected":false},"excerpt":{"rendered":"<p>Ka\u017cdego roku, w niedziel\u0119 poprzedzaj\u0105c\u0105 wyb\u00f3r Karola Wojty\u0142y na Stolic\u0119 Piotrow\u0105 w ca\u0142ej Polsce obchodzony jest Dzie\u0144 Papieski, \u00a0podczas kt\u00f3rego ludzie \u0142\u0105cz\u0105 si\u0119 w modlitwie oraz zag\u0142\u0119biaj\u0105 w nauczanie Jana Paw\u0142a II.<\/p>\n","protected":false},"author":1,"featured_media":1019,"comment_status":"open","ping_status":"open","sticky":false,"template":"","format":"standard","meta":{"ngg_post_thumbnail":0},"categories":[1],"tags":[],"_links":{"self":[{"href":"https:\/\/dpsniemojowice.pl\/2021\/wp-json\/wp\/v2\/posts\/2253"}],"collection":[{"href":"https:\/\/dpsniemojowice.pl\/2021\/wp-json\/wp\/v2\/posts"}],"about":[{"href":"https:\/\/dpsniemojowice.pl\/2021\/wp-json\/wp\/v2\/types\/post"}],"author":[{"embeddable":true,"href":"https:\/\/dpsniemojowice.pl\/2021\/wp-json\/wp\/v2\/users\/1"}],"replies":[{"embeddable":true,"href":"https:\/\/dpsniemojowice.pl\/2021\/wp-json\/wp\/v2\/comments?post=2253"}],"version-history":[{"count":2,"href":"https:\/\/dpsniemojowice.pl\/2021\/wp-json\/wp\/v2\/posts\/2253\/revisions"}],"predecessor-version":[{"id":2261,"href":"https:\/\/dpsniemojowice.pl\/2021\/wp-json\/wp\/v2\/posts\/2253\/revisions\/2261"}],"wp:featuredmedia":[{"embeddable":true,"href":"https:\/\/dpsniemojowice.pl\/2021\/wp-json\/wp\/v2\/media\/1019"}],"wp:attachment":[{"href":"https:\/\/dpsniemojowice.pl\/2021\/wp-json\/wp\/v2\/media?parent=2253"}],"wp:term":[{"taxonomy":"category","embeddable":true,"href":"https:\/\/dpsniemojowice.pl\/2021\/wp-json\/wp\/v2\/categories?post=2253"},{"taxonomy":"post_tag","embeddable":true,"href":"https:\/\/dpsniemojowice.pl\/2021\/wp-json\/wp\/v2\/tags?post=2253"}],"curies":[{"name":"wp","href":"https:\/\/api.w.org\/{rel}","templated":true}]}}