{"id":2263,"date":"2019-11-11T07:46:39","date_gmt":"2019-11-11T07:46:39","guid":{"rendered":"http:\/\/dpsniemojowice.pl\/2021\/?p=2263"},"modified":"2019-11-18T07:51:06","modified_gmt":"2019-11-18T07:51:06","slug":"swieto-niepodleglosci-uczczone-przez-mieszkancow-domu-pomocy-spolecznej-w-niemojowicach","status":"publish","type":"post","link":"https:\/\/dpsniemojowice.pl\/2021\/aktualnosci\/swieto-niepodleglosci-uczczone-przez-mieszkancow-domu-pomocy-spolecznej-w-niemojowicach\/","title":{"rendered":"\u015aWI\u0118TO NIEPODLEG\u0141O\u015aCI UCZCZONE PRZEZ MIESZKA\u0143C\u00d3W DOMU POMOCY SPO\u0141ECZNEJ W NIEMOJOWICACH"},"content":{"rendered":"<p>11 listopad- Narodowe \u015awi\u0119to Niepodleg\u0142o\u015bci dla Polak\u00f3w to jedno z wa\u017cniejszych \u015bwi\u0105t pa\u0144stwowych. W celu uczczenia grupa teatralna ,,Czarno to widz\u0119\u201d dzia\u0142aj\u0105ca na terenie naszego Domu przedstawi\u0142a monta\u017c s\u0142owno-muzyczny na t\u0119 okazj\u0119.<!--more--> W ten szczeg\u00f3lny dzie\u0144 w zadum\u0119 i refleksj\u0119 nad histori\u0105 naszego kraju, uczestnik\u00f3w wprowadzi\u0142y tre\u015bci wierszy i s\u0142\u00f3w pie\u015bni patriotycznych, przywo\u0142uj\u0105cych dumnych bohater\u00f3w narodowych walcz\u0105cych o wolno\u015b\u0107 i niepodleg\u0142o\u015b\u0107 Polski. Mieszka\u0144cy wraz z pracownikami ch\u0119tnie w\u0142\u0105czali si\u0119 do wsp\u00f3lnego \u015bpiewu. Pani Dyrektor Renata Konecka podzi\u0119kowa\u0142a grupie teatralnej za wyst\u0119p, kt\u00f3ry podoba\u0142 si\u0119 wszystkim zebranym i dostarczy\u0142 wiele refleksji oraz przywo\u0142a\u0142 w\u015br\u00f3d ogl\u0105daj\u0105cych uczucia patriotyczne. W ten szczeg\u00f3lny dzie\u0144 warto przypomnie\u0107 o tych wszystkich, kt\u00f3rzy oddali swoje \u017cycie za Ojczyzn\u0119. To dzi\u0119ki nim \u017cyjemy w wolnym kraju.<\/p>\n            \n\t\t<div class=\"ngg-gallery-singlepic-image \" style=\"\">\n\t\t\t    \t<a href=\"https:\/\/dpsniemojowice.pl\/2021\/wp-content\/gallery\/swieto-niepodleglosci-uczczone-przez-mieszkancow-domu-pomocy-spolecznej-w-niemojowicach\/dsc02930.jpg\"\n\t\t     title=\"\"\n             data-src=\"https:\/\/dpsniemojowice.pl\/2021\/wp-content\/gallery\/swieto-niepodleglosci-uczczone-przez-mieszkancow-domu-pomocy-spolecznej-w-niemojowicach\/dsc02930.jpg\"\n             data-thumbnail=\"https:\/\/dpsniemojowice.pl\/2021\/wp-content\/gallery\/swieto-niepodleglosci-uczczone-przez-mieszkancow-domu-pomocy-spolecznej-w-niemojowicach\/thumbs\/thumbs_dsc02930.jpg\"\n             data-image-id=\"902\"\n             data-title=\"dsc02930\"\n             data-description=\"\"\n             target='_self'\n             class=\"shutterset_37b8d5aabe76ca43e70db4f3e1c7f850\">\n            <img class=\"ngg-singlepic\"\n             src=\"https:\/\/dpsniemojowice.pl\/2021\/nextgen-image\/902\/0x0x100\/bbfea8d427b7caabec418ea5adcf14c8\"\n             alt=\"dsc02930\"\n             title=\"dsc02930\"\n                           \/>\n    \t<\/a>\n\t\t      <\/div>\n        \n            \n\t\t<div class=\"ngg-gallery-singlepic-image \" style=\"\">\n\t\t\t    \t<a href=\"https:\/\/dpsniemojowice.pl\/2021\/wp-content\/gallery\/swieto-niepodleglosci-uczczone-przez-mieszkancow-domu-pomocy-spolecznej-w-niemojowicach\/dsc02931.jpg\"\n\t\t     title=\"\"\n             data-src=\"https:\/\/dpsniemojowice.pl\/2021\/wp-content\/gallery\/swieto-niepodleglosci-uczczone-przez-mieszkancow-domu-pomocy-spolecznej-w-niemojowicach\/dsc02931.jpg\"\n             data-thumbnail=\"https:\/\/dpsniemojowice.pl\/2021\/wp-content\/gallery\/swieto-niepodleglosci-uczczone-przez-mieszkancow-domu-pomocy-spolecznej-w-niemojowicach\/thumbs\/thumbs_dsc02931.jpg\"\n             data-image-id=\"903\"\n             data-title=\"dsc02931\"\n             data-description=\"\"\n             target='_self'\n             class=\"shutterset_597deb25fd442c846f0ced1ee0d98507\">\n            <img class=\"ngg-singlepic\"\n             src=\"https:\/\/dpsniemojowice.pl\/2021\/nextgen-image\/903\/0x0x100\/cbd073111b504c820555ff2619d05e34\"\n             alt=\"dsc02931\"\n             title=\"dsc02931\"\n                           \/>\n    \t<\/a>\n\t\t      <\/div>\n        \n            \n\t\t<div class=\"ngg-gallery-singlepic-image \" style=\"\">\n\t\t\t    \t<a href=\"https:\/\/dpsniemojowice.pl\/2021\/wp-content\/gallery\/swieto-niepodleglosci-uczczone-przez-mieszkancow-domu-pomocy-spolecznej-w-niemojowicach\/dsc02941.jpg\"\n\t\t     title=\"\"\n             data-src=\"https:\/\/dpsniemojowice.pl\/2021\/wp-content\/gallery\/swieto-niepodleglosci-uczczone-przez-mieszkancow-domu-pomocy-spolecznej-w-niemojowicach\/dsc02941.jpg\"\n             data-thumbnail=\"https:\/\/dpsniemojowice.pl\/2021\/wp-content\/gallery\/swieto-niepodleglosci-uczczone-przez-mieszkancow-domu-pomocy-spolecznej-w-niemojowicach\/thumbs\/thumbs_dsc02941.jpg\"\n             data-image-id=\"904\"\n             data-title=\"dsc02941\"\n             data-description=\"\"\n             target='_self'\n             class=\"shutterset_ca0bde82c157cafbb1bbcadc77ae3b30\">\n            <img class=\"ngg-singlepic\"\n             src=\"https:\/\/dpsniemojowice.pl\/2021\/nextgen-image\/904\/0x0x100\/ef060d0c33f9887e341df067be45b658\"\n             alt=\"dsc02941\"\n             title=\"dsc02941\"\n                           \/>\n    \t<\/a>\n\t\t      <\/div>\n        \n","protected":false},"excerpt":{"rendered":"<p>11 listopad- Narodowe \u015awi\u0119to Niepodleg\u0142o\u015bci dla Polak\u00f3w to jedno z wa\u017cniejszych \u015bwi\u0105t pa\u0144stwowych. W celu uczczenia grupa teatralna ,,Czarno to widz\u0119\u201d dzia\u0142aj\u0105ca na terenie naszego Domu przedstawi\u0142a monta\u017c s\u0142owno-muzyczny na t\u0119 okazj\u0119.<\/p>\n","protected":false},"author":1,"featured_media":2268,"comment_status":"open","ping_status":"open","sticky":false,"template":"","format":"standard","meta":{"ngg_post_thumbnail":0},"categories":[1],"tags":[],"_links":{"self":[{"href":"https:\/\/dpsniemojowice.pl\/2021\/wp-json\/wp\/v2\/posts\/2263"}],"collection":[{"href":"https:\/\/dpsniemojowice.pl\/2021\/wp-json\/wp\/v2\/posts"}],"about":[{"href":"https:\/\/dpsniemojowice.pl\/2021\/wp-json\/wp\/v2\/types\/post"}],"author":[{"embeddable":true,"href":"https:\/\/dpsniemojowice.pl\/2021\/wp-json\/wp\/v2\/users\/1"}],"replies":[{"embeddable":true,"href":"https:\/\/dpsniemojowice.pl\/2021\/wp-json\/wp\/v2\/comments?post=2263"}],"version-history":[{"count":1,"href":"https:\/\/dpsniemojowice.pl\/2021\/wp-json\/wp\/v2\/posts\/2263\/revisions"}],"predecessor-version":[{"id":2269,"href":"https:\/\/dpsniemojowice.pl\/2021\/wp-json\/wp\/v2\/posts\/2263\/revisions\/2269"}],"wp:featuredmedia":[{"embeddable":true,"href":"https:\/\/dpsniemojowice.pl\/2021\/wp-json\/wp\/v2\/media\/2268"}],"wp:attachment":[{"href":"https:\/\/dpsniemojowice.pl\/2021\/wp-json\/wp\/v2\/media?parent=2263"}],"wp:term":[{"taxonomy":"category","embeddable":true,"href":"https:\/\/dpsniemojowice.pl\/2021\/wp-json\/wp\/v2\/categories?post=2263"},{"taxonomy":"post_tag","embeddable":true,"href":"https:\/\/dpsniemojowice.pl\/2021\/wp-json\/wp\/v2\/tags?post=2263"}],"curies":[{"name":"wp","href":"https:\/\/api.w.org\/{rel}","templated":true}]}}