{"id":2277,"date":"2019-11-26T19:50:37","date_gmt":"2019-11-26T19:50:37","guid":{"rendered":"http:\/\/dpsniemojowice.pl\/2021\/?p=2277"},"modified":"2019-12-01T20:01:04","modified_gmt":"2019-12-01T20:01:04","slug":"andrzejki-2019","status":"publish","type":"post","link":"https:\/\/dpsniemojowice.pl\/2021\/aktualnosci\/andrzejki-2019\/","title":{"rendered":"Andrzejki 2019"},"content":{"rendered":"<p>Zgodnie z tradycj\u0105 w dniu 26.11.2019r.w naszym Domu zosta\u0142 zorganizowany wsp\u00f3lny bal andrzejkowy z uczestnikami, opiekunami Warsztat\u00f3w Terapii Zaj\u0119ciowej z \u017barnowa oraz panem kierownikiem Micha\u0142em Cegie\u0142\u0142\u0105.<!--more--><\/p>\n<p>Na wst\u0119pie wszyscy zostali powitani przez kierownika dzia\u0142u terapeutyczno- opieku\u0144czego pani\u0105 Paulin\u0119\u00a0 Misztal, kt\u00f3ra \u017cyczy\u0142a wszystkim udanej zabawy. Pierwszym punktem programu by\u0142 wyst\u0119p w wykonaniu przyby\u0142ych go\u015bci. W programie znalaz\u0142y si\u0119 tradycyjne\u00a0 wr\u00f3\u017cby andrzejkowe, w kt\u00f3rych ch\u0119tnie wszyscy brali udzia\u0142. Czas umila\u0142y ta\u0144ce przy skocznej muzyce. Dope\u0142nieniem udanego spotkania by\u0142y pyszne wypieki oraz obiad. W ka\u017cdym z mieszka\u0144c\u00f3w pozosta\u0142y niezapomniane wra\u017cenia. Z niecierpliwo\u015bci\u0105 czeka\u0107 b\u0119d\u0105 na kolejne andrzejki.<\/p>\n            \n\t\t<div class=\"ngg-gallery-singlepic-image \" style=\"\">\n\t\t\t    \t<a href=\"https:\/\/dpsniemojowice.pl\/2021\/wp-content\/gallery\/andrzejki-2019\/dsc02962.jpg\"\n\t\t     title=\"\"\n             data-src=\"https:\/\/dpsniemojowice.pl\/2021\/wp-content\/gallery\/andrzejki-2019\/dsc02962.jpg\"\n             data-thumbnail=\"https:\/\/dpsniemojowice.pl\/2021\/wp-content\/gallery\/andrzejki-2019\/thumbs\/thumbs_dsc02962.jpg\"\n             data-image-id=\"907\"\n             data-title=\"dsc02962\"\n             data-description=\"\"\n             target='_self'\n             class=\"shutterset_1d6f389cf3758651b8d0b875ffe68cb6\">\n            <img class=\"ngg-singlepic\"\n             src=\"https:\/\/dpsniemojowice.pl\/2021\/nextgen-image\/907\/0x0x100\/2e564627b2671ad378810c144e570838\"\n             alt=\"dsc02962\"\n             title=\"dsc02962\"\n                           \/>\n    \t<\/a>\n\t\t      <\/div>\n        \n            \n\t\t<div class=\"ngg-gallery-singlepic-image \" style=\"\">\n\t\t\t    \t<a href=\"https:\/\/dpsniemojowice.pl\/2021\/wp-content\/gallery\/andrzejki-2019\/dsc02980.jpg\"\n\t\t     title=\"\"\n             data-src=\"https:\/\/dpsniemojowice.pl\/2021\/wp-content\/gallery\/andrzejki-2019\/dsc02980.jpg\"\n             data-thumbnail=\"https:\/\/dpsniemojowice.pl\/2021\/wp-content\/gallery\/andrzejki-2019\/thumbs\/thumbs_dsc02980.jpg\"\n             data-image-id=\"908\"\n             data-title=\"dsc02980\"\n             data-description=\"\"\n             target='_self'\n             class=\"shutterset_0191203526ade237684de2168e6cb220\">\n            <img class=\"ngg-singlepic\"\n             src=\"https:\/\/dpsniemojowice.pl\/2021\/nextgen-image\/908\/0x0x100\/6f6ff5d4c700878da457d98eb257c5e6\"\n             alt=\"dsc02980\"\n             title=\"dsc02980\"\n                           \/>\n    \t<\/a>\n\t\t      <\/div>\n        \n            \n\t\t<div class=\"ngg-gallery-singlepic-image \" style=\"\">\n\t\t\t    \t<a href=\"https:\/\/dpsniemojowice.pl\/2021\/wp-content\/gallery\/andrzejki-2019\/dsc03000.jpg\"\n\t\t     title=\"\"\n             data-src=\"https:\/\/dpsniemojowice.pl\/2021\/wp-content\/gallery\/andrzejki-2019\/dsc03000.jpg\"\n             data-thumbnail=\"https:\/\/dpsniemojowice.pl\/2021\/wp-content\/gallery\/andrzejki-2019\/thumbs\/thumbs_dsc03000.jpg\"\n             data-image-id=\"909\"\n             data-title=\"dsc03000\"\n             data-description=\"\"\n             target='_self'\n             class=\"shutterset_03a5d770970c602e068cb2c14e44920e\">\n            <img class=\"ngg-singlepic\"\n             src=\"https:\/\/dpsniemojowice.pl\/2021\/nextgen-image\/909\/0x0x100\/f3635b56fa53b65c49ea44afd2530e50\"\n             alt=\"dsc03000\"\n             title=\"dsc03000\"\n                           \/>\n    \t<\/a>\n\t\t      <\/div>\n        \n","protected":false},"excerpt":{"rendered":"<p>Zgodnie z tradycj\u0105 w dniu 26.11.2019r.w naszym Domu zosta\u0142 zorganizowany wsp\u00f3lny bal andrzejkowy z uczestnikami, opiekunami Warsztat\u00f3w Terapii Zaj\u0119ciowej z \u017barnowa oraz panem kierownikiem Micha\u0142em Cegie\u0142\u0142\u0105.<\/p>\n","protected":false},"author":1,"featured_media":2283,"comment_status":"open","ping_status":"open","sticky":false,"template":"","format":"standard","meta":{"ngg_post_thumbnail":0},"categories":[1],"tags":[],"_links":{"self":[{"href":"https:\/\/dpsniemojowice.pl\/2021\/wp-json\/wp\/v2\/posts\/2277"}],"collection":[{"href":"https:\/\/dpsniemojowice.pl\/2021\/wp-json\/wp\/v2\/posts"}],"about":[{"href":"https:\/\/dpsniemojowice.pl\/2021\/wp-json\/wp\/v2\/types\/post"}],"author":[{"embeddable":true,"href":"https:\/\/dpsniemojowice.pl\/2021\/wp-json\/wp\/v2\/users\/1"}],"replies":[{"embeddable":true,"href":"https:\/\/dpsniemojowice.pl\/2021\/wp-json\/wp\/v2\/comments?post=2277"}],"version-history":[{"count":1,"href":"https:\/\/dpsniemojowice.pl\/2021\/wp-json\/wp\/v2\/posts\/2277\/revisions"}],"predecessor-version":[{"id":2282,"href":"https:\/\/dpsniemojowice.pl\/2021\/wp-json\/wp\/v2\/posts\/2277\/revisions\/2282"}],"wp:featuredmedia":[{"embeddable":true,"href":"https:\/\/dpsniemojowice.pl\/2021\/wp-json\/wp\/v2\/media\/2283"}],"wp:attachment":[{"href":"https:\/\/dpsniemojowice.pl\/2021\/wp-json\/wp\/v2\/media?parent=2277"}],"wp:term":[{"taxonomy":"category","embeddable":true,"href":"https:\/\/dpsniemojowice.pl\/2021\/wp-json\/wp\/v2\/categories?post=2277"},{"taxonomy":"post_tag","embeddable":true,"href":"https:\/\/dpsniemojowice.pl\/2021\/wp-json\/wp\/v2\/tags?post=2277"}],"curies":[{"name":"wp","href":"https:\/\/api.w.org\/{rel}","templated":true}]}}