{"id":228,"date":"2013-06-24T19:38:21","date_gmt":"2013-06-24T19:38:21","guid":{"rendered":"http:\/\/dpsniemojowice.pl\/2021\/?p=228"},"modified":"2013-06-24T19:52:36","modified_gmt":"2013-06-24T19:52:36","slug":"pierwszy-dzien-lata","status":"publish","type":"post","link":"https:\/\/dpsniemojowice.pl\/2021\/aktualnosci\/pierwszy-dzien-lata\/","title":{"rendered":"Pierwszy Dzie\u0144 Lata"},"content":{"rendered":"<p style=\"text-align: justify;\">S\u0142o\u0144ce, pi\u0119kna pogoda i letni czas zainspirowa\u0142y pracownik\u00f3w Domu do zorganizowania mieszka\u0144com niespodzianki w formie kr\u00f3tkiego spotkania przy kawie dnia 24.06.2013r.. Okazj\u0105 do tego by\u0142 Dzie\u0144 Ojca oraz Pierwszy Dzie\u0144 Lata.<!--more--><\/p>\n<p style=\"text-align: justify;\">Mieszka\u0144cy z pomoc\u0105 instruktora terapii zaj\u0119ciowej oraz pani Ani Mazur, kt\u00f3ra odbywa\u0142a w naszym Domu praktyki z terapii zaj\u0119ciowej udekorowali pi\u0119kny tort.<\/p>\n<p style=\"text-align: justify;\">Po obiedzie mieszka\u0144cy zebrali si\u0119 na sto\u0142\u00f3wce, aby wsp\u00f3lnie \u015bwi\u0119towa\u0107. Dyrektor Domu z\u0142o\u017cy\u0142a \u017cyczenia ojcom, nie zapominaj\u0105c o dzisiejszych solenizantach i zaprosi\u0142a wszystkich do skosztowania s\u0142odkiego tortu.<\/p>\n<p style=\"text-align: justify;\">Spotkanie przebieg\u0142o w mi\u0142ej rodzinnej atmosferze. Zaskoczeni mieszka\u0144cy podzi\u0119kowali personelowi za tak fantastyczn\u0105 i nieoczekiwan\u0105 niespodziank\u0119.<\/p>\n<p><a class=\"shutterset_\" title=\"\" href=\"http:\/\/dpsniemojowice.pl\/2021\/wp-content\/gallery\/pierwszy-dzien-lata\/100_3388.jpg\"><img class=\"ngg-singlepic ngg-none alignleft\" alt=\"100_3388\" src=\"http:\/\/dpsniemojowice.pl\/2021\/wp-content\/gallery\/pierwszy-dzien-lata\/thumbs\/thumbs_100_3388.jpg\" \/><\/a> <a class=\"shutterset_\" title=\"\" href=\"http:\/\/dpsniemojowice.pl\/2021\/wp-content\/gallery\/pierwszy-dzien-lata\/100_3400.jpg\"><img class=\"ngg-singlepic ngg-none alignleft\" alt=\"100_3400\" src=\"http:\/\/dpsniemojowice.pl\/2021\/wp-content\/gallery\/pierwszy-dzien-lata\/thumbs\/thumbs_100_3400.jpg\" \/><\/a> <a class=\"shutterset_\" title=\"\" href=\"http:\/\/dpsniemojowice.pl\/2021\/wp-content\/gallery\/pierwszy-dzien-lata\/100_3404.jpg\"><img class=\"ngg-singlepic ngg-none alignleft\" alt=\"100_3404\" src=\"http:\/\/dpsniemojowice.pl\/2021\/wp-content\/gallery\/pierwszy-dzien-lata\/thumbs\/thumbs_100_3404.jpg\" \/><\/a> <a class=\"shutterset_\" title=\"\" href=\"http:\/\/dpsniemojowice.pl\/2021\/wp-content\/gallery\/pierwszy-dzien-lata\/100_3386.jpg\"><img class=\"ngg-singlepic ngg-none alignleft\" alt=\"100_3386\" src=\"http:\/\/dpsniemojowice.pl\/2021\/wp-content\/gallery\/pierwszy-dzien-lata\/thumbs\/thumbs_100_3386.jpg\" \/><\/a><\/p>\n<p>&nbsp;<\/p>\n","protected":false},"excerpt":{"rendered":"<p>S\u0142o\u0144ce, pi\u0119kna pogoda i letni czas zainspirowa\u0142y pracownik\u00f3w Domu do zorganizowania mieszka\u0144com niespodzianki w formie kr\u00f3tkiego spotkania przy kawie dnia 24.06.2013r.. Okazj\u0105 do tego by\u0142 Dzie\u0144 Ojca oraz Pierwszy Dzie\u0144 Lata.<\/p>\n","protected":false},"author":1,"featured_media":231,"comment_status":"open","ping_status":"open","sticky":false,"template":"","format":"standard","meta":{"ngg_post_thumbnail":0},"categories":[1],"tags":[],"_links":{"self":[{"href":"https:\/\/dpsniemojowice.pl\/2021\/wp-json\/wp\/v2\/posts\/228"}],"collection":[{"href":"https:\/\/dpsniemojowice.pl\/2021\/wp-json\/wp\/v2\/posts"}],"about":[{"href":"https:\/\/dpsniemojowice.pl\/2021\/wp-json\/wp\/v2\/types\/post"}],"author":[{"embeddable":true,"href":"https:\/\/dpsniemojowice.pl\/2021\/wp-json\/wp\/v2\/users\/1"}],"replies":[{"embeddable":true,"href":"https:\/\/dpsniemojowice.pl\/2021\/wp-json\/wp\/v2\/comments?post=228"}],"version-history":[{"count":8,"href":"https:\/\/dpsniemojowice.pl\/2021\/wp-json\/wp\/v2\/posts\/228\/revisions"}],"predecessor-version":[{"id":233,"href":"https:\/\/dpsniemojowice.pl\/2021\/wp-json\/wp\/v2\/posts\/228\/revisions\/233"}],"wp:featuredmedia":[{"embeddable":true,"href":"https:\/\/dpsniemojowice.pl\/2021\/wp-json\/wp\/v2\/media\/231"}],"wp:attachment":[{"href":"https:\/\/dpsniemojowice.pl\/2021\/wp-json\/wp\/v2\/media?parent=228"}],"wp:term":[{"taxonomy":"category","embeddable":true,"href":"https:\/\/dpsniemojowice.pl\/2021\/wp-json\/wp\/v2\/categories?post=228"},{"taxonomy":"post_tag","embeddable":true,"href":"https:\/\/dpsniemojowice.pl\/2021\/wp-json\/wp\/v2\/tags?post=228"}],"curies":[{"name":"wp","href":"https:\/\/api.w.org\/{rel}","templated":true}]}}