{"id":2284,"date":"2019-11-27T13:53:45","date_gmt":"2019-11-27T13:53:45","guid":{"rendered":"http:\/\/dpsniemojowice.pl\/2021\/?p=2284"},"modified":"2019-12-02T13:58:17","modified_gmt":"2019-12-02T13:58:17","slug":"andrzejki-w-dziennym-domu-senior-wigor-w-niemojowicach","status":"publish","type":"post","link":"https:\/\/dpsniemojowice.pl\/2021\/aktualnosci\/andrzejki-w-dziennym-domu-senior-wigor-w-niemojowicach\/","title":{"rendered":"ANDRZEJKI W DZIENNYM DOMU SENIOR WIGOR W NIEMOJOWICACH"},"content":{"rendered":"<p>W dniu 27.11 2019r na zaproszenie zaprzyja\u017anionego domu ,,Senior-WIGOR\u201d w Niemojowicach wzi\u0119li\u015bmy udzia\u0142 w zabawie andrzejkowej, kt\u00f3ra odby\u0142a si\u0119 w Domu Kultury w \u017barnowie. <!--more-->Nie zabrak\u0142o typowych dla andrzejek wr\u00f3\u017cb, dzi\u0119ki kt\u00f3rym mo\u017cna by\u0142o pozna\u0107 m.in. imi\u0119 swojej sympatii. G\u0142\u00f3wnym punktem spotkania by\u0142y wybory na kr\u00f3low\u0105 i kr\u00f3la balu. Kr\u00f3lem balu zosta\u0142 jeden z naszych mieszka\u0144c\u00f3w pan Zbigniew Prusek, kt\u00f3ry by\u0142 z tego powodu bardzo dumny. Wszyscy ch\u0119tnie bawili si\u0119 przy skocznej muzyce. Pyszny pocz\u0119stunek i syty obiad dope\u0142ni\u0142 ca\u0142o\u015b\u0107. Pe\u0142ni wra\u017ce\u0144 wr\u00f3cili\u015bmy do Domu.<\/p>\n            \n\t\t<div class=\"ngg-gallery-singlepic-image \" style=\"\">\n\t\t\t    \t<a href=\"https:\/\/dpsniemojowice.pl\/2021\/wp-content\/gallery\/andrzejki-w-dziennym-domu-senior-wigor-w-niemojowicach\/dsc03009-copy.jpg\"\n\t\t     title=\"\"\n             data-src=\"https:\/\/dpsniemojowice.pl\/2021\/wp-content\/gallery\/andrzejki-w-dziennym-domu-senior-wigor-w-niemojowicach\/dsc03009-copy.jpg\"\n             data-thumbnail=\"https:\/\/dpsniemojowice.pl\/2021\/wp-content\/gallery\/andrzejki-w-dziennym-domu-senior-wigor-w-niemojowicach\/thumbs\/thumbs_dsc03009-copy.jpg\"\n             data-image-id=\"910\"\n             data-title=\"dsc03009-copy\"\n             data-description=\"\"\n             target='_self'\n             class=\"shutterset_348d618aae210dd868a5b1937cb38bfe\">\n            <img class=\"ngg-singlepic\"\n             src=\"https:\/\/dpsniemojowice.pl\/2021\/nextgen-image\/910\/0x0x100\/244534dac7dca4a04f0e1f4d690df6f9\"\n             alt=\"dsc03009-copy\"\n             title=\"dsc03009-copy\"\n                           \/>\n    \t<\/a>\n\t\t      <\/div>\n        \n            \n\t\t<div class=\"ngg-gallery-singlepic-image \" style=\"\">\n\t\t\t    \t<a href=\"https:\/\/dpsniemojowice.pl\/2021\/wp-content\/gallery\/andrzejki-w-dziennym-domu-senior-wigor-w-niemojowicach\/dsc03023-copy.jpg\"\n\t\t     title=\"\"\n             data-src=\"https:\/\/dpsniemojowice.pl\/2021\/wp-content\/gallery\/andrzejki-w-dziennym-domu-senior-wigor-w-niemojowicach\/dsc03023-copy.jpg\"\n             data-thumbnail=\"https:\/\/dpsniemojowice.pl\/2021\/wp-content\/gallery\/andrzejki-w-dziennym-domu-senior-wigor-w-niemojowicach\/thumbs\/thumbs_dsc03023-copy.jpg\"\n             data-image-id=\"911\"\n             data-title=\"dsc03023-copy\"\n             data-description=\"\"\n             target='_self'\n             class=\"shutterset_de404e0535a424331cc85f11634f197d\">\n            <img class=\"ngg-singlepic\"\n             src=\"https:\/\/dpsniemojowice.pl\/2021\/nextgen-image\/911\/0x0x100\/dadbb1a09f7d5e420474996f98b394ef\"\n             alt=\"dsc03023-copy\"\n             title=\"dsc03023-copy\"\n                           \/>\n    \t<\/a>\n\t\t      <\/div>\n        \n","protected":false},"excerpt":{"rendered":"<p>W dniu 27.11 2019r na zaproszenie zaprzyja\u017anionego domu ,,Senior-WIGOR\u201d w Niemojowicach wzi\u0119li\u015bmy udzia\u0142 w zabawie andrzejkowej, kt\u00f3ra odby\u0142a si\u0119 w Domu Kultury w \u017barnowie.<\/p>\n","protected":false},"author":1,"featured_media":2289,"comment_status":"open","ping_status":"open","sticky":false,"template":"","format":"standard","meta":{"ngg_post_thumbnail":0},"categories":[1],"tags":[],"_links":{"self":[{"href":"https:\/\/dpsniemojowice.pl\/2021\/wp-json\/wp\/v2\/posts\/2284"}],"collection":[{"href":"https:\/\/dpsniemojowice.pl\/2021\/wp-json\/wp\/v2\/posts"}],"about":[{"href":"https:\/\/dpsniemojowice.pl\/2021\/wp-json\/wp\/v2\/types\/post"}],"author":[{"embeddable":true,"href":"https:\/\/dpsniemojowice.pl\/2021\/wp-json\/wp\/v2\/users\/1"}],"replies":[{"embeddable":true,"href":"https:\/\/dpsniemojowice.pl\/2021\/wp-json\/wp\/v2\/comments?post=2284"}],"version-history":[{"count":1,"href":"https:\/\/dpsniemojowice.pl\/2021\/wp-json\/wp\/v2\/posts\/2284\/revisions"}],"predecessor-version":[{"id":2288,"href":"https:\/\/dpsniemojowice.pl\/2021\/wp-json\/wp\/v2\/posts\/2284\/revisions\/2288"}],"wp:featuredmedia":[{"embeddable":true,"href":"https:\/\/dpsniemojowice.pl\/2021\/wp-json\/wp\/v2\/media\/2289"}],"wp:attachment":[{"href":"https:\/\/dpsniemojowice.pl\/2021\/wp-json\/wp\/v2\/media?parent=2284"}],"wp:term":[{"taxonomy":"category","embeddable":true,"href":"https:\/\/dpsniemojowice.pl\/2021\/wp-json\/wp\/v2\/categories?post=2284"},{"taxonomy":"post_tag","embeddable":true,"href":"https:\/\/dpsniemojowice.pl\/2021\/wp-json\/wp\/v2\/tags?post=2284"}],"curies":[{"name":"wp","href":"https:\/\/api.w.org\/{rel}","templated":true}]}}