{"id":2438,"date":"2020-01-29T06:57:00","date_gmt":"2020-01-29T06:57:00","guid":{"rendered":"http:\/\/dpsniemojowice.pl\/2021\/?p=2438"},"modified":"2020-02-20T23:57:42","modified_gmt":"2020-02-20T23:57:42","slug":"konkurs-koled-2","status":"publish","type":"post","link":"https:\/\/dpsniemojowice.pl\/2021\/aktualnosci\/konkurs-koled-2\/","title":{"rendered":"Konkurs kol\u0119d"},"content":{"rendered":"\n<p>W dniu 29.01.2020 r. Mieszka\u0144cy Naszego Domu po raz kolejny uczestniczyli na zaproszenie zaprzyja\u017anionego Domu Pomocy Spo\u0142ecznej w Ko\u0144skich w spotkaniu integracyjnym pt. \u201eKol\u0119dujmy wszyscy wraz\u201d. <\/p>\n\n\n\n<!--more-->\n\n\n\n<p> Zebranych go\u015bci powita\u0142 Dyrektor Domu Pomocy Spo\u0142ecznej w Ko\u0144skich &#8211;  pani Barbara Krawczyk. Podczas wyst\u0119p\u00f3w widownia ch\u0119tnie w\u0142\u0105cza\u0142a si\u0119 do  wsp\u00f3lnego \u015bpiewu kol\u0119d i pastora\u0142ek. Przedstawiciele wyst\u0119puj\u0105cych  uczestnik\u00f3w zostali nagrodzeni pi\u0119knymi anio\u0142ami oraz pami\u0105tkowymi  dyplomami. Nast\u0119pnie Mieszka\u0144cy udali si\u0119 na wsp\u00f3lny posi\u0142ek oraz zabaw\u0119  taneczn\u0105. Zm\u0119czeni, ale zadowoleni wszyscy wr\u00f3cili do Domu.  <\/p>\n\n\n\n<figure class=\"wp-block-gallery columns-1\"><ul class=\"blocks-gallery-grid\"><li class=\"blocks-gallery-item\"><figure><img loading=\"lazy\" width=\"1024\" height=\"768\" src=\"http:\/\/dpsniemojowice.pl\/2021\/wp-content\/uploads\/2020\/02\/konkurs-koled-2-1024x768.jpg\" alt=\"\" data-id=\"2439\" data-full-url=\"http:\/\/dpsniemojowice.pl\/2021\/wp-content\/uploads\/2020\/02\/konkurs-koled-2.jpg\" data-link=\"http:\/\/dpsniemojowice.pl\/2021\/?attachment_id=2439\" class=\"wp-image-2439\" srcset=\"https:\/\/dpsniemojowice.pl\/2021\/wp-content\/uploads\/2020\/02\/konkurs-koled-2-1024x768.jpg 1024w, https:\/\/dpsniemojowice.pl\/2021\/wp-content\/uploads\/2020\/02\/konkurs-koled-2-300x225.jpg 300w, https:\/\/dpsniemojowice.pl\/2021\/wp-content\/uploads\/2020\/02\/konkurs-koled-2-768x576.jpg 768w, https:\/\/dpsniemojowice.pl\/2021\/wp-content\/uploads\/2020\/02\/konkurs-koled-2.jpg 1221w\" sizes=\"(max-width: 1024px) 100vw, 1024px\" \/><\/figure><\/li><li class=\"blocks-gallery-item\"><figure><img loading=\"lazy\" width=\"1024\" height=\"768\" src=\"http:\/\/dpsniemojowice.pl\/2021\/wp-content\/uploads\/2020\/02\/zdjecie-konkurs-koled-1024x768.png\" alt=\"\" data-id=\"2440\" data-full-url=\"http:\/\/dpsniemojowice.pl\/2021\/wp-content\/uploads\/2020\/02\/zdjecie-konkurs-koled.png\" data-link=\"http:\/\/dpsniemojowice.pl\/2021\/?attachment_id=2440\" class=\"wp-image-2440\" srcset=\"https:\/\/dpsniemojowice.pl\/2021\/wp-content\/uploads\/2020\/02\/zdjecie-konkurs-koled-1024x768.png 1024w, https:\/\/dpsniemojowice.pl\/2021\/wp-content\/uploads\/2020\/02\/zdjecie-konkurs-koled-300x225.png 300w, https:\/\/dpsniemojowice.pl\/2021\/wp-content\/uploads\/2020\/02\/zdjecie-konkurs-koled-768x576.png 768w, https:\/\/dpsniemojowice.pl\/2021\/wp-content\/uploads\/2020\/02\/zdjecie-konkurs-koled.png 1221w\" sizes=\"(max-width: 1024px) 100vw, 1024px\" \/><\/figure><\/li><\/ul><\/figure>\n","protected":false},"excerpt":{"rendered":"<p>W dniu 29.01.2020 r. Mieszka\u0144cy Naszego Domu po raz kolejny uczestniczyli na zaproszenie zaprzyja\u017anionego Domu Pomocy Spo\u0142ecznej w Ko\u0144skich w spotkaniu integracyjnym pt. \u201eKol\u0119dujmy wszyscy wraz\u201d.<\/p>\n","protected":false},"author":1,"featured_media":2439,"comment_status":"open","ping_status":"open","sticky":false,"template":"","format":"standard","meta":{"ngg_post_thumbnail":0},"categories":[1],"tags":[],"_links":{"self":[{"href":"https:\/\/dpsniemojowice.pl\/2021\/wp-json\/wp\/v2\/posts\/2438"}],"collection":[{"href":"https:\/\/dpsniemojowice.pl\/2021\/wp-json\/wp\/v2\/posts"}],"about":[{"href":"https:\/\/dpsniemojowice.pl\/2021\/wp-json\/wp\/v2\/types\/post"}],"author":[{"embeddable":true,"href":"https:\/\/dpsniemojowice.pl\/2021\/wp-json\/wp\/v2\/users\/1"}],"replies":[{"embeddable":true,"href":"https:\/\/dpsniemojowice.pl\/2021\/wp-json\/wp\/v2\/comments?post=2438"}],"version-history":[{"count":4,"href":"https:\/\/dpsniemojowice.pl\/2021\/wp-json\/wp\/v2\/posts\/2438\/revisions"}],"predecessor-version":[{"id":2459,"href":"https:\/\/dpsniemojowice.pl\/2021\/wp-json\/wp\/v2\/posts\/2438\/revisions\/2459"}],"wp:featuredmedia":[{"embeddable":true,"href":"https:\/\/dpsniemojowice.pl\/2021\/wp-json\/wp\/v2\/media\/2439"}],"wp:attachment":[{"href":"https:\/\/dpsniemojowice.pl\/2021\/wp-json\/wp\/v2\/media?parent=2438"}],"wp:term":[{"taxonomy":"category","embeddable":true,"href":"https:\/\/dpsniemojowice.pl\/2021\/wp-json\/wp\/v2\/categories?post=2438"},{"taxonomy":"post_tag","embeddable":true,"href":"https:\/\/dpsniemojowice.pl\/2021\/wp-json\/wp\/v2\/tags?post=2438"}],"curies":[{"name":"wp","href":"https:\/\/api.w.org\/{rel}","templated":true}]}}