{"id":2470,"date":"2020-03-04T05:17:11","date_gmt":"2020-03-04T05:17:11","guid":{"rendered":"http:\/\/dpsniemojowice.pl\/2021\/?p=2470"},"modified":"2020-03-05T05:21:08","modified_gmt":"2020-03-05T05:21:08","slug":"wyjazd-do-kina-3","status":"publish","type":"post","link":"https:\/\/dpsniemojowice.pl\/2021\/aktualnosci\/wyjazd-do-kina-3\/","title":{"rendered":"WYJAZD DO KINA"},"content":{"rendered":"\n<p> W dniu 3 marca 2020r. mieszka\u0144cy wraz z opiekunami naszego Domu uczestniczyli w seansie filmowym \u201eZENEK\u201d w kinie HELIOS w Tomaszowie Maz.  <\/p>\n\n\n\n<!--more-->\n\n\n\n<p> Film zosta\u0142 wybrany przez mieszka\u0144c\u00f3w, kt\u00f3rzy byli zainteresowani biografi\u0105 Zenona Martyniuka i powrotem do lat 80. W drodze do kina ch\u0119tnie s\u0142uchali przygotowanych przez opiekun\u00f3w utwor\u00f3w w\/w wykonawcy.  <\/p>\n\n\n\n<figure class=\"wp-block-gallery columns-1 is-cropped\"><ul class=\"blocks-gallery-grid\"><li class=\"blocks-gallery-item\"><figure><img loading=\"lazy\" width=\"1024\" height=\"768\" src=\"http:\/\/dpsniemojowice.pl\/2021\/wp-content\/uploads\/2020\/03\/DSC03345.jpg\" alt=\"\" data-id=\"2471\" data-full-url=\"http:\/\/dpsniemojowice.pl\/2021\/wp-content\/uploads\/2020\/03\/DSC03345.jpg\" data-link=\"http:\/\/dpsniemojowice.pl\/2021\/?attachment_id=2471\" class=\"wp-image-2471\" srcset=\"https:\/\/dpsniemojowice.pl\/2021\/wp-content\/uploads\/2020\/03\/DSC03345.jpg 1024w, https:\/\/dpsniemojowice.pl\/2021\/wp-content\/uploads\/2020\/03\/DSC03345-300x225.jpg 300w, https:\/\/dpsniemojowice.pl\/2021\/wp-content\/uploads\/2020\/03\/DSC03345-768x576.jpg 768w\" sizes=\"(max-width: 1024px) 100vw, 1024px\" \/><\/figure><\/li><li class=\"blocks-gallery-item\"><figure><img loading=\"lazy\" width=\"1024\" height=\"768\" src=\"http:\/\/dpsniemojowice.pl\/2021\/wp-content\/uploads\/2020\/03\/DSC03348.jpg\" alt=\"\" data-id=\"2472\" data-full-url=\"http:\/\/dpsniemojowice.pl\/2021\/wp-content\/uploads\/2020\/03\/DSC03348.jpg\" data-link=\"http:\/\/dpsniemojowice.pl\/2021\/?attachment_id=2472\" class=\"wp-image-2472\" srcset=\"https:\/\/dpsniemojowice.pl\/2021\/wp-content\/uploads\/2020\/03\/DSC03348.jpg 1024w, https:\/\/dpsniemojowice.pl\/2021\/wp-content\/uploads\/2020\/03\/DSC03348-300x225.jpg 300w, https:\/\/dpsniemojowice.pl\/2021\/wp-content\/uploads\/2020\/03\/DSC03348-768x576.jpg 768w\" sizes=\"(max-width: 1024px) 100vw, 1024px\" \/><\/figure><\/li><\/ul><\/figure>\n","protected":false},"excerpt":{"rendered":"<p>W dniu 3 marca 2020r. mieszka\u0144cy wraz z opiekunami naszego Domu uczestniczyli w seansie filmowym \u201eZENEK\u201d w kinie HELIOS w Tomaszowie Maz.<\/p>\n","protected":false},"author":1,"featured_media":2472,"comment_status":"open","ping_status":"open","sticky":false,"template":"","format":"standard","meta":{"ngg_post_thumbnail":0},"categories":[1],"tags":[],"_links":{"self":[{"href":"https:\/\/dpsniemojowice.pl\/2021\/wp-json\/wp\/v2\/posts\/2470"}],"collection":[{"href":"https:\/\/dpsniemojowice.pl\/2021\/wp-json\/wp\/v2\/posts"}],"about":[{"href":"https:\/\/dpsniemojowice.pl\/2021\/wp-json\/wp\/v2\/types\/post"}],"author":[{"embeddable":true,"href":"https:\/\/dpsniemojowice.pl\/2021\/wp-json\/wp\/v2\/users\/1"}],"replies":[{"embeddable":true,"href":"https:\/\/dpsniemojowice.pl\/2021\/wp-json\/wp\/v2\/comments?post=2470"}],"version-history":[{"count":1,"href":"https:\/\/dpsniemojowice.pl\/2021\/wp-json\/wp\/v2\/posts\/2470\/revisions"}],"predecessor-version":[{"id":2473,"href":"https:\/\/dpsniemojowice.pl\/2021\/wp-json\/wp\/v2\/posts\/2470\/revisions\/2473"}],"wp:featuredmedia":[{"embeddable":true,"href":"https:\/\/dpsniemojowice.pl\/2021\/wp-json\/wp\/v2\/media\/2472"}],"wp:attachment":[{"href":"https:\/\/dpsniemojowice.pl\/2021\/wp-json\/wp\/v2\/media?parent=2470"}],"wp:term":[{"taxonomy":"category","embeddable":true,"href":"https:\/\/dpsniemojowice.pl\/2021\/wp-json\/wp\/v2\/categories?post=2470"},{"taxonomy":"post_tag","embeddable":true,"href":"https:\/\/dpsniemojowice.pl\/2021\/wp-json\/wp\/v2\/tags?post=2470"}],"curies":[{"name":"wp","href":"https:\/\/api.w.org\/{rel}","templated":true}]}}