{"id":248,"date":"2013-08-23T07:49:23","date_gmt":"2013-08-23T07:49:23","guid":{"rendered":"http:\/\/dpsniemojowice.pl\/2021\/?p=248"},"modified":"2013-08-30T07:53:27","modified_gmt":"2013-08-30T07:53:27","slug":"spotkanie-z-artystka","status":"publish","type":"post","link":"https:\/\/dpsniemojowice.pl\/2021\/aktualnosci\/spotkanie-z-artystka\/","title":{"rendered":"Spotkanie z artystk\u0105."},"content":{"rendered":"<p>W dniu 22.08.2013r. odby\u0142o si\u0119 spotkanie z Pani\u0105 El\u017cbiet\u0105 Dembi\u0144sk\u0105-Cie\u015blar, autork\u0105 wystawy ankiety artystycznej \u201ePrzestrze\u0144 wolno\u015bci i niewoli\u201d. Celem wizyty by\u0142o zaproszenie mieszka\u0144c\u00f3w plac\u00f3wki do wypowiedzenia si\u0119 na temat wolno\u015bci, sprecyzowania czym jest \u201ewolno\u015b\u0107\u201d. <!--more-->Wypowiedzi te autorka drukuje na p\u0142\u00f3tnie i ilustruje fotografiami przedstawiaj\u0105cymi autor\u00f3w i podpisuje ich nazwiskiem. Kontekst tych portret\u00f3w wybierali mieszka\u0144cy, kt\u00f3rzy zg\u0142osili si\u0119 do projektu, staj\u0105c si\u0119 w ten spos\u00f3b wsp\u00f3\u0142autorami dzie\u0142a. Podobn\u0105 ankiet\u0119 pani El\u017cbieta Dembi\u0144ska- Cie\u015blar przeprowadzi\u0142a w 2011r. w ma\u0142ym miasteczku Die, w po\u0142udniowej Francji, gdzie obecnie mieszka. Na podstawie tych ankiet wydaje ksi\u0105\u017ck\u0119, z kt\u00f3r\u0105 mieszka\u0144cy naszego Domu mieli mo\u017cliwo\u015b\u0107 zapozna\u0107 si\u0119. Ca\u0142o\u015b\u0107 zebranych zbior\u00f3w dokument\u00f3w autorka zamierza przedstawi\u0107 w 2014r. w Galerii Elektrownia w Radomiu. Spotkanie przebiega\u0142o w mi\u0142ej i przyjaznej atmosferze.<\/p>\n<p style=\"text-align: center;\"><!-- index.php -->\n<div\n\tclass=\"ngg-galleryoverview ngg-ajax-pagination-none\"\n\tid=\"ngg-gallery-3c9c87ba5ae453834e52939a4cdf41ed-1\">\n\n    \t<div class=\"slideshowlink\">\n        <a href='https:\/\/dpsniemojowice.pl\/2021\/aktualnosci\/spotkanie-z-artystka\/nggallery\/slideshow'>Pokaz slajd\u00f3w<\/a>\n\t\t\n\t<\/div>\n\t\t\t<!-- Thumbnails -->\n\t\t\t\t<div id=\"ngg-image-0\" class=\"ngg-gallery-thumbnail-box\" >\n\t\t\t\t        <div class=\"ngg-gallery-thumbnail\">\n            <a href=\"https:\/\/dpsniemojowice.pl\/2021\/wp-content\/gallery\/spotkanie-22-08-2013r\/102_3443.jpg\"\n               title=\"\"\n               data-src=\"https:\/\/dpsniemojowice.pl\/2021\/wp-content\/gallery\/spotkanie-22-08-2013r\/102_3443.jpg\"\n               data-thumbnail=\"https:\/\/dpsniemojowice.pl\/2021\/wp-content\/gallery\/spotkanie-22-08-2013r\/thumbs\/thumbs_102_3443.jpg\"\n               data-image-id=\"156\"\n               data-title=\"102_3443\"\n               data-description=\"\"\n               data-image-slug=\"102_3443\"\n               class=\"shutterset_3c9c87ba5ae453834e52939a4cdf41ed\">\n                <img\n                    title=\"102_3443\"\n                    alt=\"102_3443\"\n                    src=\"https:\/\/dpsniemojowice.pl\/2021\/wp-content\/gallery\/spotkanie-22-08-2013r\/thumbs\/thumbs_102_3443.jpg\"\n                    width=\"100\"\n                    height=\"75\"\n                    style=\"max-width:100%;\"\n                \/>\n            <\/a>\n        <\/div>\n\t\t\t\t\t\t\t<\/div> \n\t\t\t\n        \n\t\t\t\t<div id=\"ngg-image-1\" class=\"ngg-gallery-thumbnail-box\" >\n\t\t\t\t        <div class=\"ngg-gallery-thumbnail\">\n            <a href=\"https:\/\/dpsniemojowice.pl\/2021\/wp-content\/gallery\/spotkanie-22-08-2013r\/102_3450.jpg\"\n               title=\"\"\n               data-src=\"https:\/\/dpsniemojowice.pl\/2021\/wp-content\/gallery\/spotkanie-22-08-2013r\/102_3450.jpg\"\n               data-thumbnail=\"https:\/\/dpsniemojowice.pl\/2021\/wp-content\/gallery\/spotkanie-22-08-2013r\/thumbs\/thumbs_102_3450.jpg\"\n               data-image-id=\"157\"\n               data-title=\"102_3450\"\n               data-description=\"\"\n               data-image-slug=\"102_3450\"\n               class=\"shutterset_3c9c87ba5ae453834e52939a4cdf41ed\">\n                <img\n                    title=\"102_3450\"\n                    alt=\"102_3450\"\n                    src=\"https:\/\/dpsniemojowice.pl\/2021\/wp-content\/gallery\/spotkanie-22-08-2013r\/thumbs\/thumbs_102_3450.jpg\"\n                    width=\"100\"\n                    height=\"75\"\n                    style=\"max-width:100%;\"\n                \/>\n            <\/a>\n        <\/div>\n\t\t\t\t\t\t\t<\/div> \n\t\t\t\n        \n\t\t\n\t\t<!-- Pagination -->\n\t<div class='ngg-clear'><\/div>\t<\/div>\n<\/p>\n<p>&nbsp;<\/p>\n","protected":false},"excerpt":{"rendered":"<p>W dniu 22.08.2013r. odby\u0142o si\u0119 spotkanie z Pani\u0105 El\u017cbiet\u0105 Dembi\u0144sk\u0105-Cie\u015blar, autork\u0105 wystawy ankiety artystycznej \u201ePrzestrze\u0144 wolno\u015bci i niewoli\u201d. Celem wizyty by\u0142o zaproszenie mieszka\u0144c\u00f3w plac\u00f3wki do wypowiedzenia si\u0119 na temat wolno\u015bci, sprecyzowania czym jest \u201ewolno\u015b\u0107\u201d.<\/p>\n","protected":false},"author":1,"featured_media":253,"comment_status":"open","ping_status":"open","sticky":false,"template":"","format":"standard","meta":{"ngg_post_thumbnail":0},"categories":[1],"tags":[],"_links":{"self":[{"href":"https:\/\/dpsniemojowice.pl\/2021\/wp-json\/wp\/v2\/posts\/248"}],"collection":[{"href":"https:\/\/dpsniemojowice.pl\/2021\/wp-json\/wp\/v2\/posts"}],"about":[{"href":"https:\/\/dpsniemojowice.pl\/2021\/wp-json\/wp\/v2\/types\/post"}],"author":[{"embeddable":true,"href":"https:\/\/dpsniemojowice.pl\/2021\/wp-json\/wp\/v2\/users\/1"}],"replies":[{"embeddable":true,"href":"https:\/\/dpsniemojowice.pl\/2021\/wp-json\/wp\/v2\/comments?post=248"}],"version-history":[{"count":6,"href":"https:\/\/dpsniemojowice.pl\/2021\/wp-json\/wp\/v2\/posts\/248\/revisions"}],"predecessor-version":[{"id":255,"href":"https:\/\/dpsniemojowice.pl\/2021\/wp-json\/wp\/v2\/posts\/248\/revisions\/255"}],"wp:featuredmedia":[{"embeddable":true,"href":"https:\/\/dpsniemojowice.pl\/2021\/wp-json\/wp\/v2\/media\/253"}],"wp:attachment":[{"href":"https:\/\/dpsniemojowice.pl\/2021\/wp-json\/wp\/v2\/media?parent=248"}],"wp:term":[{"taxonomy":"category","embeddable":true,"href":"https:\/\/dpsniemojowice.pl\/2021\/wp-json\/wp\/v2\/categories?post=248"},{"taxonomy":"post_tag","embeddable":true,"href":"https:\/\/dpsniemojowice.pl\/2021\/wp-json\/wp\/v2\/tags?post=248"}],"curies":[{"name":"wp","href":"https:\/\/api.w.org\/{rel}","templated":true}]}}